{"id":38093,"date":"2015-10-28T08:03:04","date_gmt":"2015-10-28T11:03:04","guid":{"rendered":"http:\/\/argentinamunicipal.com.ar\/argentina\/?p=38093"},"modified":"2015-10-28T08:03:04","modified_gmt":"2015-10-28T11:03:04","slug":"importante-capacitacion-en-gestion-integral-de-residuos-en-rafaela","status":"publish","type":"post","link":"http:\/\/argentinamunicipal.com.ar\/argentina\/importante-capacitacion-en-gestion-integral-de-residuos-en-rafaela\/","title":{"rendered":"Importante capacitaci\u00f3n en Gesti\u00f3n Integral de Residuos en Rafaela"},"content":{"rendered":"<p><a href=\"http:\/\/argentinamunicipal.com.ar\/argentina\/wp-content\/uploads\/2015\/10\/multimedia.normal.8446d28ab7f1f1b5.6e6f726d616c2e6a7067.jpg\"><img loading=\"lazy\" decoding=\"async\" class=\"aligncenter size-full wp-image-38094\" src=\"http:\/\/argentinamunicipal.com.ar\/argentina\/wp-content\/uploads\/2015\/10\/multimedia.normal.8446d28ab7f1f1b5.6e6f726d616c2e6a7067.jpg\" alt=\"multimedia.normal.8446d28ab7f1f1b5.6e6f726d616c2e6a7067\" width=\"600\" height=\"399\" srcset=\"http:\/\/argentinamunicipal.com.ar\/argentina\/wp-content\/uploads\/2015\/10\/multimedia.normal.8446d28ab7f1f1b5.6e6f726d616c2e6a7067.jpg 600w, http:\/\/argentinamunicipal.com.ar\/argentina\/wp-content\/uploads\/2015\/10\/multimedia.normal.8446d28ab7f1f1b5.6e6f726d616c2e6a7067-300x200.jpg 300w\" sizes=\"auto, (max-width: 600px) 100vw, 600px\" \/><\/a><br \/>\nEl 5 y 6 de noviembre, se realizar\u00e1 en nuestra ciudad un encuentro de capacitaci\u00f3n GIRSU que tiene como destinatarios 20 Municipios de Uruguay, Chile, Bolivia y Argentina, 10 empresas comprometidas con las pol\u00edticas de reciclaje inclusivo y 5 organizaciones no gubernamentales que trabajan en la tem\u00e1tica.<\/p>\n<p>La gesti\u00f3n de las ciudades en el siglo XXI incorpora el desaf\u00edo de aportar soluciones a los problemas socioambientales que genera nuestro modelo de producci\u00f3n y consumo. Con el aumento de la poblaci\u00f3n y la producci\u00f3n de bienes y servicios, disminuye el stock de recursos naturales y crece la generaci\u00f3n de residuos urbanos e industriales que se disponen en rellenos sanitarios o basurales a cielo abierto.<\/p>\n<p>Una gesti\u00f3n integral de residuos que contemple el aprovechamiento de los residuos como materias primas para la fabricaci\u00f3n de nuevos productos o energ\u00eda, reduce el consumo de recursos, y el impacto ambiental, genera empleo digno para los recuperadores urbanos, y atiende la demanda de una sociedad m\u00e1s solidaria y consciente de la necesidad de cuidar la casa com\u00fan, como indica el papa Francisco en su enc\u00edclica Laudato SI.<\/p>\n<p>En este sentido, la ciudad de Rafaela est\u00e1 avanzando hacia un modelo de econom\u00eda circular basada en la transformaci\u00f3n de residuos en recursos. Las instituciones p\u00fablicas y privadas socias del Programa \u00abRafaela + Sustentable\u00bb y la Secretar\u00eda de Servicios, Espacios P\u00fablicos y Medio Ambiente se han propuesto convertir a Rafaela en una ciudad educativa en materia de gesti\u00f3n integral de residuos (GIRSU).<\/p>\n<p>El 5 y 6 de noviembre, se realizar\u00e1 en nuestra ciudad un encuentro de capacitaci\u00f3n GIRSU que tiene como destinatarios 20 Municipios de Uruguay, Chile, Bolivia y Argentina, 10 empresas comprometidas con las pol\u00edticas de reciclaje inclusivo y 5 organizaciones no gubernamentales que trabajan en la tem\u00e1tica.<\/p>\n<p>El prop\u00f3sito de la capacitaci\u00f3n es desarrollar nuevas capacidades t\u00e9cnicas y operativas en los municipios y compartir buenas pr\u00e1cticas de gesti\u00f3n para la articulaci\u00f3n p\u00fablico- privada en GIRSU<br \/>\nEste espacio formativo, esta organizado por el Programa Rafaela + Sustentable y las instituciones que lo integran.<\/p>\n<p>Adem\u00e1s cuenta con el apoyo de la Municipalidad de Rafaela, la Secretar\u00eda de Servicios, Espacios P\u00fablicos y Medio Ambiente, la Asociaci\u00f3n Civil Compromiso Empresario por el Reciclaje (CEMPRE), la Maestr\u00eda en Desarrollo Territorial de la Universidad Tecnol\u00f3gica Nacional y la Asociaci\u00f3n para el Estudio de Residuos S\u00f3lidos (ARS-ISWA)<br \/>\nEl d\u00eda 6 de noviembre, en el marco de la visita t\u00e9cnica al Parque Tecnol\u00f3gico del Reciclado, se dejar\u00e1 inaugurada la nueva estructura externa del Museo de Reciclado, financiada por la empresa Unilever.<\/p>\n<p>El circuito educativo interno ya cuenta con aportes de Coca Cola, Banco Galicia, Emsade y Tetra Pak y una vez finalizada la muestra de Arte Sustentable que se expone en el Liceo Municipal Miguel Flores hasta el 13 de noviembre, algunas de las obras de los alumnos de las escuelas de Rafaela se trasladar\u00e1n al interior del Museo del Reciclado.<\/p>\n<h6>Fuente: La Opini\u00f3n<\/h6>\n","protected":false},"excerpt":{"rendered":"<p>El 5 y 6 de noviembre, se realizar\u00e1 en nuestra ciudad un encuentro de capacitaci\u00f3n GIRSU que tiene como destinatarios 20 Municipios de Uruguay, Chile, Bolivia y Argentina, 10 empresas comprometidas con las pol\u00edticas de reciclaje inclusivo y 5 organizaciones no gubernamentales que trabajan en la tem\u00e1tica. La gesti\u00f3n de las ciudades en el siglo<\/p>\n","protected":false},"author":2,"featured_media":38094,"comment_status":"closed","ping_status":"closed","sticky":false,"template":"","format":"standard","meta":{"footnotes":""},"categories":[2],"tags":[10],"class_list":["post-38093","post","type-post","status-publish","format-standard","has-post-thumbnail","hentry","category-informe-municipal","tag-santa-fe"],"_links":{"self":[{"href":"http:\/\/argentinamunicipal.com.ar\/argentina\/wp-json\/wp\/v2\/posts\/38093","targetHints":{"allow":["GET"]}}],"collection":[{"href":"http:\/\/argentinamunicipal.com.ar\/argentina\/wp-json\/wp\/v2\/posts"}],"about":[{"href":"http:\/\/argentinamunicipal.com.ar\/argentina\/wp-json\/wp\/v2\/types\/post"}],"author":[{"embeddable":true,"href":"http:\/\/argentinamunicipal.com.ar\/argentina\/wp-json\/wp\/v2\/users\/2"}],"replies":[{"embeddable":true,"href":"http:\/\/argentinamunicipal.com.ar\/argentina\/wp-json\/wp\/v2\/comments?post=38093"}],"version-history":[{"count":0,"href":"http:\/\/argentinamunicipal.com.ar\/argentina\/wp-json\/wp\/v2\/posts\/38093\/revisions"}],"wp:featuredmedia":[{"embeddable":true,"href":"http:\/\/argentinamunicipal.com.ar\/argentina\/wp-json\/wp\/v2\/media\/38094"}],"wp:attachment":[{"href":"http:\/\/argentinamunicipal.com.ar\/argentina\/wp-json\/wp\/v2\/media?parent=38093"}],"wp:term":[{"taxonomy":"category","embeddable":true,"href":"http:\/\/argentinamunicipal.com.ar\/argentina\/wp-json\/wp\/v2\/categories?post=38093"},{"taxonomy":"post_tag","embeddable":true,"href":"http:\/\/argentinamunicipal.com.ar\/argentina\/wp-json\/wp\/v2\/tags?post=38093"}],"curies":[{"name":"wp","href":"https:\/\/api.w.org\/{rel}","templated":true}]}}