{"id":38112,"date":"2015-10-29T07:21:21","date_gmt":"2015-10-29T10:21:21","guid":{"rendered":"http:\/\/argentinamunicipal.com.ar\/argentina\/?p=38112"},"modified":"2015-10-29T07:21:21","modified_gmt":"2015-10-29T10:21:21","slug":"a-seis-anos-de-la-auh-mas-de-tres-millones-y-medio-de-ninos-de-sectores-vulnerables-tienen-proteccion-social","status":"publish","type":"post","link":"http:\/\/argentinamunicipal.com.ar\/argentina\/a-seis-anos-de-la-auh-mas-de-tres-millones-y-medio-de-ninos-de-sectores-vulnerables-tienen-proteccion-social\/","title":{"rendered":"A seis a\u00f1os de la AUH, m\u00e1s de tres millones y medio de ni\u00f1os de sectores vulnerables tienen protecci\u00f3n social"},"content":{"rendered":"<p><a href=\"http:\/\/argentinamunicipal.com.ar\/argentina\/wp-content\/uploads\/2015\/10\/Mochilas-1.jpg\"><img loading=\"lazy\" decoding=\"async\" class=\"aligncenter  wp-image-38113\" src=\"http:\/\/argentinamunicipal.com.ar\/argentina\/wp-content\/uploads\/2015\/10\/Mochilas-1.jpg\" alt=\"Mochilas-1\" width=\"641\" height=\"427\" srcset=\"http:\/\/argentinamunicipal.com.ar\/argentina\/wp-content\/uploads\/2015\/10\/Mochilas-1.jpg 1600w, http:\/\/argentinamunicipal.com.ar\/argentina\/wp-content\/uploads\/2015\/10\/Mochilas-1-300x200.jpg 300w, http:\/\/argentinamunicipal.com.ar\/argentina\/wp-content\/uploads\/2015\/10\/Mochilas-1-1024x682.jpg 1024w\" sizes=\"auto, (max-width: 641px) 100vw, 641px\" \/><\/a><br \/>\nM\u00c1S DE TRES MILLONES Y MEDIO DE NI\u00d1OS Y M\u00c1S DE DOS MILLONES DE FAMILIAS PERCIBEN LA ASIGNACI\u00d3N UNIVERSAL POR HIJO (AUH), UN SISTEMA DEL QUE SE CUMPLEN ESTE JUEVES SEIS A\u00d1OS DE SU LANZAMIENTO Y QUE PUSO DE MANIFIESTO \u00abUN MODELO REDISTRIBUTIVO QUE PROCURA IMPULSAR LA EQUIDAD Y LA INCLUSI\u00d3N SOCIAL\u00bb CON SISTEMA DE PROTECCI\u00d3N QUE EN ALGUNOS CASOS LLEGA HASTA LOS 24 A\u00d1OS, EN ESPECIAL EN LOS SECTORES MENOS FAVORECIDOS DE LA SOCIEDAD.<\/p>\n<p>La AUH gener\u00f3 no s\u00f3lo un impacto en lo social sino tambi\u00e9n \u00abuna sinergia que en lo educativo potenci\u00f3 las leyes de educaci\u00f3n nacional -sancionada en el 2006- la universalizaci\u00f3n de las salas de 4 y 5 a\u00f1os , el Plan Progresar y consolid\u00f3 las altas coberturas en el nivel primario y secundario con la incorporaci\u00f3n de 300.000 chicos que antes ni pod\u00edan asistir a la escuela\u00bb, dijo a T\u00e9lam Jaime Perczyk, viceministro de Educaci\u00f3n de la Naci\u00f3n.<\/p>\n<p>Logr\u00f3 una cobertura a la fecha de 3.597.954 ni\u00f1os, lo que representa 2.011.906 familias, para quienes se destina una inversi\u00f3n de 2.476.393.688 pesos, mientras que la Asignaci\u00f3n por Embarazo cubre a 79.277 futuras madres con una inversi\u00f3n de 53.896.274 pesos.<\/p>\n<p>\u201cLa implementaci\u00f3n de la medida tuvo que ver con el modelo redistributivo de Estado que se inaugur\u00f3 en el pa\u00eds en 2003 y que procura, sobre todas las cosas, impulsar la equidad y la inclusi\u00f3n social, en especial en los sectores menos favorecidos de la sociedad\u201d, destac\u00f3 Diego Bossio, director de la Anses, organismo encargada de administrar el recurso.<\/p>\n<p>La presidenta de la Naci\u00f3n, Cristina Fern\u00e1ndez de Kirchner, anunci\u00f3 la medida el 29 de octubre del 2009 y fij\u00f3 la primera suma en 180 pesos.<\/p>\n<p>\u00abEstar\u00e1 destinada a los sectores vulnerables de nuestra Argentina, nuestros ni\u00f1os, ni\u00f1as y adolescentes hasta los 18 a\u00f1os con un concepto de universalizaci\u00f3n de la asignaci\u00f3n b\u00e1sica familiar, que es en los instrumentos salariales el m\u00e1s redistributivo, el m\u00e1s justo, porque paga por cada uno de sus hijos\u00bb, dijo la primera mandataria en esa oportunidad.<\/p>\n<p>En octubre de 2010 esa asignaci\u00f3n de 180 pesos pas\u00f3 a 220 y, un a\u00f1o despu\u00e9s, se ubic\u00f3 en 270. La cuarta actualizaci\u00f3n se realiz\u00f3 en septiembre de 2012, alcanzando los 340 pesos.<\/p>\n<p>En mayo del 2013, el aumento fue del 35,3%, por lo que el monto pas\u00f3 a ser de 460 pesos, mientras que en mayo de 2014 pas\u00f3 a 644 pesos, siendo en la actualidad tanto la AUH como la asignaci\u00f3n por embarazo de 837 pesos por hijo.<\/p>\n<p>\u201cLa Asignaci\u00f3n Universal permiti\u00f3 que la Argentina alcanzara un hist\u00f3rico piso de protecci\u00f3n social, convirti\u00e9ndola as\u00ed en la medida m\u00e1s inclusiva de los \u00faltimos 50 a\u00f1os\u201d, destac\u00f3 Bossio.<br \/>\nLa mayor cantidad de los titulares de la AUH proviene de la provincia de Buenos Aires (754.563 y 1.341.743 ni\u00f1os cubiertos). Luego le siguen C\u00f3rdoba (161.375 titulares y 286.653 hijos) y Santa Fe (147.554 titulares y 261.954 hijos).<\/p>\n<p>\u00abLos controles de salud desde la concepci\u00f3n, a trav\u00e9s de la Asignaci\u00f3n por Embarazo, y despu\u00e9s con la protecci\u00f3n en los primeros a\u00f1os de vida, con la AUH, son los pilares fundamentales en los sectores m\u00e1s vulnerables de la sociedad\u00bb, asegur\u00f3 la Anses.<\/p>\n<p>El organismo destac\u00f3 que de esta manera \u00abla posterior asistencia del ni\u00f1o al colegio, favorecida por la AUH, permite romper con el mecanismo de reproducci\u00f3n intergeneracional de la pobreza, logrando que los hijos puedan alcanzar un nivel educativo m\u00e1s avanzado al de sus padres, para obtener una mayor y mejor inserci\u00f3n en el mercado laboral\u00bb.<\/p>\n<p>Para Perczyk el hecho de que las madres sean las que cobren la AUH \u00able otorg\u00f3 a la asignaci\u00f3n un caracter revolucionario porque son ellas las que en general est\u00e1n m\u00e1s cerca de las necesidades de sus hijos\u00bb.<\/p>\n<p>El viceministro destac\u00f3 que la AUH \u00abes \u00fanica por su extensi\u00f3n y cobertura en la regi\u00f3n\u00bb, asegur\u00f3 que representa \u00abun 0,5% del PBI\u00bb mucho m\u00e1s que otros pa\u00edses de la regi\u00f3n y destac\u00f3 que la AUH \u00abposibilita que los hijos de padres desocupados tengan cobertura social, asegurando la alimentaci\u00f3n y la vestimenta en la primera infancia\u00bb.<\/p>\n<p>\u00abEn el campo educativo implic\u00f3 un desaf\u00edo, la incorporaci\u00f3n de nuevos chicos a la escuela manteniendo los niveles de calidad. Este desaf\u00edo no s\u00f3lo lo tiene la Argentina sino tambi\u00e9n que est\u00e1 presente en todo el mundo\u00bb, dijo Perczyk .<\/p>\n<p>Indic\u00f3 que a lo largo de esos seis a\u00f1os \u00abhay muchos testimonios que hablan de que a partir de la AUH lo chicos tienen su primer mochila y pueden comer cuatro veces al d\u00eda\u00bb es decir que la AUH \u00abrevolucion\u00f3 la estructura de protecci\u00f3n social y tuvo un invalorable aporte para lograr mayor calidad educativa\u00bb.<\/p>\n<p>Para percibir la AUH es requisito fundamental presentar la Libreta Nacional de Seguridad Social, Salud y Educaci\u00f3n como garant\u00eda de los controles de salud (esquemas de vacunaci\u00f3n) y educaci\u00f3n (asistencia de los ni\u00f1os a la escuela). Desde su vigencia, ya se presentaron ante el organismo un total de 15,8 millones de libretas.<\/p>\n<h6>Fuente: Tel\u00e1m<\/h6>\n","protected":false},"excerpt":{"rendered":"<p>M\u00c1S DE TRES MILLONES Y MEDIO DE NI\u00d1OS Y M\u00c1S DE DOS MILLONES DE FAMILIAS PERCIBEN LA ASIGNACI\u00d3N UNIVERSAL POR HIJO (AUH), UN SISTEMA DEL QUE SE CUMPLEN ESTE JUEVES SEIS A\u00d1OS DE SU LANZAMIENTO Y QUE PUSO DE MANIFIESTO \u00abUN MODELO REDISTRIBUTIVO QUE PROCURA IMPULSAR LA EQUIDAD Y LA INCLUSI\u00d3N SOCIAL\u00bb CON SISTEMA DE<\/p>\n","protected":false},"author":2,"featured_media":38113,"comment_status":"closed","ping_status":"closed","sticky":false,"template":"","format":"standard","meta":{"footnotes":""},"categories":[8],"tags":[21],"class_list":["post-38112","post","type-post","status-publish","format-standard","has-post-thumbnail","hentry","category-informe-nacional","tag-argentina"],"_links":{"self":[{"href":"http:\/\/argentinamunicipal.com.ar\/argentina\/wp-json\/wp\/v2\/posts\/38112","targetHints":{"allow":["GET"]}}],"collection":[{"href":"http:\/\/argentinamunicipal.com.ar\/argentina\/wp-json\/wp\/v2\/posts"}],"about":[{"href":"http:\/\/argentinamunicipal.com.ar\/argentina\/wp-json\/wp\/v2\/types\/post"}],"author":[{"embeddable":true,"href":"http:\/\/argentinamunicipal.com.ar\/argentina\/wp-json\/wp\/v2\/users\/2"}],"replies":[{"embeddable":true,"href":"http:\/\/argentinamunicipal.com.ar\/argentina\/wp-json\/wp\/v2\/comments?post=38112"}],"version-history":[{"count":0,"href":"http:\/\/argentinamunicipal.com.ar\/argentina\/wp-json\/wp\/v2\/posts\/38112\/revisions"}],"wp:featuredmedia":[{"embeddable":true,"href":"http:\/\/argentinamunicipal.com.ar\/argentina\/wp-json\/wp\/v2\/media\/38113"}],"wp:attachment":[{"href":"http:\/\/argentinamunicipal.com.ar\/argentina\/wp-json\/wp\/v2\/media?parent=38112"}],"wp:term":[{"taxonomy":"category","embeddable":true,"href":"http:\/\/argentinamunicipal.com.ar\/argentina\/wp-json\/wp\/v2\/categories?post=38112"},{"taxonomy":"post_tag","embeddable":true,"href":"http:\/\/argentinamunicipal.com.ar\/argentina\/wp-json\/wp\/v2\/tags?post=38112"}],"curies":[{"name":"wp","href":"https:\/\/api.w.org\/{rel}","templated":true}]}}