{"id":38133,"date":"2015-10-29T07:43:53","date_gmt":"2015-10-29T10:43:53","guid":{"rendered":"http:\/\/argentinamunicipal.com.ar\/argentina\/?p=38133"},"modified":"2015-10-31T08:17:22","modified_gmt":"2015-10-31T11:17:22","slug":"parana-se-abre-una-chance-para-pensar-en-agroecologia-y-la-agricultura-familiar","status":"publish","type":"post","link":"http:\/\/argentinamunicipal.com.ar\/argentina\/parana-se-abre-una-chance-para-pensar-en-agroecologia-y-la-agricultura-familiar\/","title":{"rendered":"Paran\u00e1: Se abre una chance para pensar en agroecolog\u00eda y la agricultura familiar"},"content":{"rendered":"<p><a href=\"http:\/\/argentinamunicipal.com.ar\/argentina\/wp-content\/uploads\/2015\/10\/agroecologia-2.jpg\"><img loading=\"lazy\" decoding=\"async\" class=\"aligncenter  wp-image-38134\" src=\"http:\/\/argentinamunicipal.com.ar\/argentina\/wp-content\/uploads\/2015\/10\/agroecologia-2.jpg\" alt=\"agroecologia-2\" width=\"697\" height=\"486\" srcset=\"http:\/\/argentinamunicipal.com.ar\/argentina\/wp-content\/uploads\/2015\/10\/agroecologia-2.jpg 789w, http:\/\/argentinamunicipal.com.ar\/argentina\/wp-content\/uploads\/2015\/10\/agroecologia-2-300x209.jpg 300w\" sizes=\"auto, (max-width: 697px) 100vw, 697px\" \/><\/a><br \/>\nLos alimentos est\u00e1n en el centro de la tormenta y hay cada vez m\u00e1s ciudadanos interesados en saber la procedencia de lo que consumen. En sinton\u00eda se busca el cuidado del Ambiente. En Paran\u00e1 presentan la oportunidad para conocer y compartir sobre la producci\u00f3n artesanal de la materia prima.<\/p>\n<p>El martes 17 de noviembre, en el Centro Cultural y de Convenciones La Vieja Usina, se desarrollar\u00e1 una jornada denominada \u201cDi\u00e1logo de Saberes: Agricultura Familiar y Agroecolog\u00eda en Entre R\u00edos\u201d, organizado por la Secretar\u00eda de Agricultura Familiar, INTA y la REAF (Reuni\u00f3n Especializada sobre Agricultura Familiar del Mercosur.<\/p>\n<p>Estas instituciones entienden a la agroecolog\u00eda como un modelo productivo sustentable y posible para contribuir a revertir la mayor\u00eda de las problem\u00e1ticas que enfrentan las comunidades en materia de seguridad, soberan\u00eda alimentaria y desarrollo.<\/p>\n<p>En base a lo anterior, proponen la realizaci\u00f3n de una jornada para brindar informaci\u00f3n y generar un marco para el an\u00e1lisis sobre las oportunidades y desaf\u00edos de la producci\u00f3n agroecol\u00f3gica y la AF en la provincia.<\/p>\n<p>El objetivo de este espacio de trabajo y reflexi\u00f3n apunta a visibilizar la Agroecolog\u00eda como una estrategia pol\u00edtica, econ\u00f3mica y sociocultural que promueve el desarrollo de una agricultura sustentable en la\u00a0provincia y el pa\u00eds, a promover el conocimiento y la difusi\u00f3n de herramientas pr\u00e1cticas que permitan el desarrollo de experiencias agroecol\u00f3gicas, fortaleciendo esta perspectiva y el abordaje institucional y pol\u00edtico de los organismos del sector.<\/p>\n<p>El Encuentro de saberes sobre agricultura familiar y agroecolog\u00eda, est\u00e1 destinado a organizaciones de la agricultura familiar, Intendentes y agentes de producci\u00f3n local, alumnos y docentes de escuelas agrot\u00e9cnicas y universidades vinculadas a la ruralidad; t\u00e9cnicos del sector y p\u00fablico en general interesado en la tem\u00e1tica.<\/p>\n<p>El inicio del seminario est\u00e1 previsto a las 8 y en este marco, se compartir\u00e1 la mirada pol\u00edticoestrat\u00e9gica desde la cual, organismos p\u00fablicos como INTA, la Secretar\u00eda de Agricultura Familiar, el Coniciet y la REAF, abordan la agroecolog\u00eda y la agricultura sustentable en el orden nacional y latinoamericano. Asimismo, organizaciones de productores dar\u00e1n a conocer la experiencia agroecol\u00f3gica en primera persona, narrando sus trayectorias de vida y cambios hacia una producci\u00f3n ambiental, social y econ\u00f3micamente m\u00e1s sustentable.<\/p>\n<p>Adem\u00e1s, el profesor Santiago Sarand\u00f3n, reconocido investigador y docente de la Universidad Nacional de La Plata, brindar\u00e1 una charla sobre la problem\u00e1tica actual en torno a la actividad.<\/p>\n<p><strong>Algunos elementos para pensar la agroecolog\u00eda<\/strong><\/p>\n<p>El Ministerio de Agricultura, Ganader\u00eda y Pesca de la Naci\u00f3n a trav\u00e9s de la Secretar\u00eda de Agricultura Familiar cre\u00f3, en 2013, el \u00c1rea de Producci\u00f3n Artesanal y Agroecolog\u00eda. La decisi\u00f3n marca un antes y un despu\u00e9s en la institucionalidad agraria.<\/p>\n<p>Es indudable que la Agroecolog\u00eda constituye hoy, una categor\u00eda con fuerza propia que desde su significaci\u00f3n se origina diversa y complementaria.<\/p>\n<p>Antes, en 2012, el Instituto de Investigaci\u00f3n para el Desarrollo Tecnol\u00f3gico para la Peque\u00f1a Agricultura Familiar IPAF Regi\u00f3n PAMPEANA, public\u00f3 el libro El Camino a la Transici\u00f3n Agroecol\u00f3gica, aportando una interesante manera de abordar su conceptualizaci\u00f3n, pues invita a pensar la Agroecolog\u00eda como pr\u00e1ctica productiva, como movimiento social y como ciencia.<\/p>\n<p>\u201cComo pr\u00e1ctica productiva, la Agroecolog\u00eda tiene su origen y una historia vinculada al manejo que el campesinado y las comunidades originarias latinoamericanas han realizado durante siglos\u2026 Esta capacidad productiva sostenida en el tiempo fue analizada en los \u00e1mbitos acad\u00e9micos desde comienzos de los a\u00f1os 80 (\u2026) bajo la denominaci\u00f3n gen\u00e9rica de Agroecolog\u00eda. Esta concepci\u00f3n es particularmente reconocida en Latinoam\u00e9rica. No obstante, es necesario destacar que en la regi\u00f3n pampeana existe una gran diversidad de productores, cada uno con sus particularidades, como por ejemplo, los chacareros familiares, los horticultores de zonas periurbanas y otros agricultores que realizan pr\u00e1cticas de manejo basadas en bajos insumos externos, no contaminantes, con saberes heredados de generaciones anteriores y que mantiene a\u00fan sus tradiciones\u201d.<\/p>\n<p>Los autores del libro, Guillermo Cap, Laura De Lucas, Mariana Marasas, Maximiliano P\u00e9rez y Ra\u00fal P\u00e9rez; explican que \u201cdentro de los \u00e1mbitos acad\u00e9micos, la Agroecolog\u00eda es considerada una disciplina cient\u00edfica que provee los conocimientos para la utilizaci\u00f3n de principios ecol\u00f3gicos b\u00e1sicos que permiten estudiar, dise\u00f1ar y manejar agroecosistemas. Esta disciplina se desarroll\u00f3 en la b\u00fasqueda de nuevos conocimientos para la construcci\u00f3n de agriculturas m\u00e1s sustentables\u201d.<\/p>\n<p>Mientras que, el Ingeniero Agr\u00f3nomo Santiago Sarand\u00f3n, tambi\u00e9n present\u00f3 en su libro el concepto de Agroecolog\u00eda: \u201cEs un nuevo campo de conocimientos, un enfoque, una disciplina cient\u00edfica que re\u00fane, sintetiza y aplica conocimientos de la agronom\u00eda, la ecolog\u00eda, la sociolog\u00eda, la etnobot\u00e1nica y otras ciencias afines, con una \u00f3ptica hol\u00edstica y sist\u00e9mica y un fuerte componente \u00e9tico, para generar conocimientos y validar y aplicar estrategias adecuadas para dise\u00f1ar, manejar y evaluar agroecosistemas sustentables\u201d.<\/p>\n<p>En \u00abEl Camino a la Transici\u00f3n Agroecol\u00f3gica\u00bb se invita a pensar la Agroecolog\u00eda como movimiento social. \u201cAlgunos movimientos sociales cr\u00edticos al modelo agropecuario actual han adoptado el enfoque agroecol\u00f3gico como estrategia en la construcci\u00f3n de Soberan\u00eda Alimentaria. Es el caso de la V\u00eda campesina, movimiento internacional que nuclea organizaciones de productores familiares y campesinos.<\/p>\n<p>En el pa\u00eds, la Mesa Provincial de Productores Familiares de Buenos Aires, el Movimiento Agroecol\u00f3gico Chaque\u00f1o, el Movimiento Nacional Campesino Ind\u00edgena, el Movimiento Campesino de Liberaci\u00f3n, el Foro Nacional de la Agricultura Familiar, entre otros, consideran a la Agroecolog\u00eda como el encuadre apropiado no solo para que el desarrollo de sus actividades alcance mejores niveles de sustentabilidad, sino tambi\u00e9n como una herramienta m\u00e1s en la disputa por la Soberan\u00eda Alimentaria\u00bb.<\/p>\n<p>Teniendo en cuenta el momento hist\u00f3rico \u00a0\u00abconsideramos necesario iniciar espacios de encuentros que generen conocimiento, enfoques, posturas que, en di\u00e1logo con otros, permitan arribar a pr\u00e1cticas concretas y a pol\u00edticas p\u00fablicas que impulsen una agricultura sustentable desde las m\u00faltiples esferas que la componen\u00bb, adelantaron los organizadores.<\/p>\n<h6>Fuente: Uno, Entre R\u00edos<\/h6>\n","protected":false},"excerpt":{"rendered":"<p>Los alimentos est\u00e1n en el centro de la tormenta y hay cada vez m\u00e1s ciudadanos interesados en saber la procedencia de lo que consumen. En sinton\u00eda se busca el cuidado del Ambiente. En Paran\u00e1 presentan la oportunidad para conocer y compartir sobre la producci\u00f3n artesanal de la materia prima.<\/p>\n","protected":false},"author":2,"featured_media":38134,"comment_status":"closed","ping_status":"closed","sticky":false,"template":"","format":"standard","meta":{"footnotes":""},"categories":[2],"tags":[17],"class_list":["post-38133","post","type-post","status-publish","format-standard","has-post-thumbnail","hentry","category-informe-municipal","tag-entre-rios"],"_links":{"self":[{"href":"http:\/\/argentinamunicipal.com.ar\/argentina\/wp-json\/wp\/v2\/posts\/38133","targetHints":{"allow":["GET"]}}],"collection":[{"href":"http:\/\/argentinamunicipal.com.ar\/argentina\/wp-json\/wp\/v2\/posts"}],"about":[{"href":"http:\/\/argentinamunicipal.com.ar\/argentina\/wp-json\/wp\/v2\/types\/post"}],"author":[{"embeddable":true,"href":"http:\/\/argentinamunicipal.com.ar\/argentina\/wp-json\/wp\/v2\/users\/2"}],"replies":[{"embeddable":true,"href":"http:\/\/argentinamunicipal.com.ar\/argentina\/wp-json\/wp\/v2\/comments?post=38133"}],"version-history":[{"count":0,"href":"http:\/\/argentinamunicipal.com.ar\/argentina\/wp-json\/wp\/v2\/posts\/38133\/revisions"}],"wp:featuredmedia":[{"embeddable":true,"href":"http:\/\/argentinamunicipal.com.ar\/argentina\/wp-json\/wp\/v2\/media\/38134"}],"wp:attachment":[{"href":"http:\/\/argentinamunicipal.com.ar\/argentina\/wp-json\/wp\/v2\/media?parent=38133"}],"wp:term":[{"taxonomy":"category","embeddable":true,"href":"http:\/\/argentinamunicipal.com.ar\/argentina\/wp-json\/wp\/v2\/categories?post=38133"},{"taxonomy":"post_tag","embeddable":true,"href":"http:\/\/argentinamunicipal.com.ar\/argentina\/wp-json\/wp\/v2\/tags?post=38133"}],"curies":[{"name":"wp","href":"https:\/\/api.w.org\/{rel}","templated":true}]}}