{"id":38154,"date":"2015-10-29T08:05:04","date_gmt":"2015-10-29T11:05:04","guid":{"rendered":"http:\/\/argentinamunicipal.com.ar\/argentina\/?p=38154"},"modified":"2015-10-29T08:05:04","modified_gmt":"2015-10-29T11:05:04","slug":"funes-destina-200-hectareas-para-uso-industrial-y-ya-hay-inversores-interesados","status":"publish","type":"post","link":"http:\/\/argentinamunicipal.com.ar\/argentina\/funes-destina-200-hectareas-para-uso-industrial-y-ya-hay-inversores-interesados\/","title":{"rendered":"Funes destina 200 hect\u00e1reas para uso industrial y ya hay inversores interesados"},"content":{"rendered":"<p><a href=\"http:\/\/argentinamunicipal.com.ar\/argentina\/wp-content\/uploads\/2015\/10\/LR1901.jpg_88717827-e1446116689748.jpg\"><img loading=\"lazy\" decoding=\"async\" class=\"aligncenter wp-image-38155 size-full\" src=\"http:\/\/argentinamunicipal.com.ar\/argentina\/wp-content\/uploads\/2015\/10\/LR1901.jpg_88717827-e1446116689748.jpg\" alt=\"\" width=\"619\" height=\"408\" srcset=\"http:\/\/argentinamunicipal.com.ar\/argentina\/wp-content\/uploads\/2015\/10\/LR1901.jpg_88717827-e1446116689748.jpg 619w, http:\/\/argentinamunicipal.com.ar\/argentina\/wp-content\/uploads\/2015\/10\/LR1901.jpg_88717827-e1446116689748-300x198.jpg 300w\" sizes=\"auto, (max-width: 619px) 100vw, 619px\" \/><\/a><br \/>\nOrdenanza. El Concejo funense aprob\u00f3 un proyecto que estaba en comisi\u00f3n desde hace un a\u00f1o y que recientemente recibi\u00f3 el impulso del propio intendente electo.<\/p>\n<p>El Concejo de Funes aprob\u00f3 el proyecto de creaci\u00f3n de un \u00e1rea industrial en un predio ubicado al sur de la autopista Rosario-C\u00f3rdoba y al este del arroyo Ludue\u00f1a. La iniciativa pertenece al Ejecutivo municipal y consiste en el cambio del uso de suelo de 200 hect\u00e1reas que figuraban como rurales, y que ahora servir\u00e1n para la radicaci\u00f3n y relocalizaci\u00f3n de empresas. Ya hay un grupo inversor interesado en desarrollarse en 70 hect\u00e1reas, con m\u00e1s de 200 lotes para industrias. Tras permanecer un a\u00f1o en comisi\u00f3n, fue el propio intendente electo, Diego Le\u00f3n Barreto, quien reactiv\u00f3 su tratamiento.<\/p>\n<p>La sanci\u00f3n de la ordenanza se dio por mayor\u00eda: Eduardo Casim y Mauro Miguez se opusieron mientras que Ana Martelli, Rolvider Santacroce, Adri\u00e1n S\u00e1nchez y el intendente electo y actual edil Diego Le\u00f3n Barreto dieron su voto afirmativo. Si bien este \u00faltimo en un principio propici\u00f3 junto a Miguez y Santacroce el pase a comisi\u00f3n del proyecto y all\u00ed qued\u00f3 durante un a\u00f1o, fue precisamente quien hace pocos d\u00edas impuls\u00f3 la reactivaci\u00f3n y aprobaci\u00f3n de la iniciativa.<\/p>\n<p>\u00abCon un claro ordenamiento de tierras, Funes puede crecer en forma arm\u00f3nica, recibiendo a su vez una fuerte inversi\u00f3n privada que redunde en beneficio de lo p\u00fablico. Esto es empezar a reordenar y planificar la ciudad para las futuras generaciones. Ojal\u00e1 pueda ver una industria durante mi gesti\u00f3n, no lo s\u00e9, lo importante es que el primer paso se est\u00e9 dando\u00bb, justific\u00f3 Le\u00f3n Barreto a La Capital, en su edici\u00f3n del 18 de octubre.<\/p>\n<p>\u00abEsto implica un \u00e1rea de servicios localizados principalmente en su casco urbano, extensas zonas residenciales y tierras para uso industrial. El que est\u00e1 en un emprendimiento agropecuario, podr\u00eda seguirlo, lo que no podr\u00e1 hacer es lotearlo ni pensarlo para otro uso que no sea el industrial, explic\u00f3 el edil del PRO.<\/p>\n<p>Fuentes laborales. \u00abEste proyecto traer\u00e1 aparejado fuentes de trabajo para los funenses e innumerables beneficios para la ciudad, entre los que se enumeran la relocalizaci\u00f3n de actividades industriales y log\u00edsticas, que hoy est\u00e1n dentro del ejido urbano, y la posibilidad de implementar pol\u00edticas de desarrollo industrial local, ademas de un ordenamiento territorial y vehicular\u00bb, explic\u00f3 la intendenta M\u00f3nica Tomei.<\/p>\n<p>\u00abEsto es un claro reconocimiento al trabajo del Ejecutivo municipal por parte del Concejo. Es importante que la gente sepa que tras 11 a\u00f1os, Funes va a recuperar una \u00e1rea para el desarrollo de parques industriales, empresas y zonas de servicio, log\u00edstica y de oficinas. Esto significa m\u00e1s producci\u00f3n para la ciudad, nuevos puestos de trabajo y una nueva fuente de ingresos\u00bb, asegur\u00f3 Tomei.<\/p>\n<p>Inversores. La zona industrial ya cuenta con un grupo inversor interesado en levantar un parque industrial de 70 hect\u00e1reas y que seg\u00fan lo proyectado contar\u00e1 con 20 mil metros cubiertos de oficinas sobre la autopista, 68 mil metros de superficie cubierta destinada a log\u00edstica, 27 mil metros cuadrados cubiertos para la actividad de crossdock y m\u00e1s de 243 lotes para industrias que incluyen peque\u00f1os lotes para pymes, adem\u00e1s de contar con un espacio para log\u00edstica y estacionamiento de camiones con una superficie de 238 mil metros cuadrados.<\/p>\n<p>Se trata del grupo inversor Rosental que, tal como lo viene anunciando, s\u00f3lo esperaba esta recategorizaci\u00f3n de uso de suelo para comenzar pronto el emplazamiento de su planeado Parque Industrial Metropolitano II (el primero se desarrolla en la localidad de P\u00e9rez) cuya construcci\u00f3n estar\u00eda a cargo de la empresa Fundar.<\/p>\n<h6>Fuente: La Capital, Rosario<\/h6>\n","protected":false},"excerpt":{"rendered":"<p>Ordenanza. El Concejo funense aprob\u00f3 un proyecto que estaba en comisi\u00f3n desde hace un a\u00f1o y que recientemente recibi\u00f3 el impulso del propio intendente electo. El Concejo de Funes aprob\u00f3 el proyecto de creaci\u00f3n de un \u00e1rea industrial en un predio ubicado al sur de la autopista Rosario-C\u00f3rdoba y al este del arroyo Ludue\u00f1a. La<\/p>\n","protected":false},"author":2,"featured_media":38155,"comment_status":"closed","ping_status":"closed","sticky":false,"template":"","format":"standard","meta":{"footnotes":""},"categories":[2],"tags":[10],"class_list":["post-38154","post","type-post","status-publish","format-standard","has-post-thumbnail","hentry","category-informe-municipal","tag-santa-fe"],"_links":{"self":[{"href":"http:\/\/argentinamunicipal.com.ar\/argentina\/wp-json\/wp\/v2\/posts\/38154","targetHints":{"allow":["GET"]}}],"collection":[{"href":"http:\/\/argentinamunicipal.com.ar\/argentina\/wp-json\/wp\/v2\/posts"}],"about":[{"href":"http:\/\/argentinamunicipal.com.ar\/argentina\/wp-json\/wp\/v2\/types\/post"}],"author":[{"embeddable":true,"href":"http:\/\/argentinamunicipal.com.ar\/argentina\/wp-json\/wp\/v2\/users\/2"}],"replies":[{"embeddable":true,"href":"http:\/\/argentinamunicipal.com.ar\/argentina\/wp-json\/wp\/v2\/comments?post=38154"}],"version-history":[{"count":0,"href":"http:\/\/argentinamunicipal.com.ar\/argentina\/wp-json\/wp\/v2\/posts\/38154\/revisions"}],"wp:featuredmedia":[{"embeddable":true,"href":"http:\/\/argentinamunicipal.com.ar\/argentina\/wp-json\/wp\/v2\/media\/38155"}],"wp:attachment":[{"href":"http:\/\/argentinamunicipal.com.ar\/argentina\/wp-json\/wp\/v2\/media?parent=38154"}],"wp:term":[{"taxonomy":"category","embeddable":true,"href":"http:\/\/argentinamunicipal.com.ar\/argentina\/wp-json\/wp\/v2\/categories?post=38154"},{"taxonomy":"post_tag","embeddable":true,"href":"http:\/\/argentinamunicipal.com.ar\/argentina\/wp-json\/wp\/v2\/tags?post=38154"}],"curies":[{"name":"wp","href":"https:\/\/api.w.org\/{rel}","templated":true}]}}