{"id":38213,"date":"2015-10-30T07:44:51","date_gmt":"2015-10-30T10:44:51","guid":{"rendered":"http:\/\/argentinamunicipal.com.ar\/argentina\/?p=38213"},"modified":"2015-10-30T08:07:28","modified_gmt":"2015-10-30T11:07:28","slug":"san-francisco-presenta-su-superdomo","status":"publish","type":"post","link":"http:\/\/argentinamunicipal.com.ar\/argentina\/san-francisco-presenta-su-superdomo\/","title":{"rendered":"San Francisco presenta su superdomo"},"content":{"rendered":"<p><a href=\"http:\/\/argentinamunicipal.com.ar\/argentina\/wp-content\/uploads\/2015\/10\/ARCHI_2880241200x771.jpg\"><img loading=\"lazy\" decoding=\"async\" class=\"aligncenter  wp-image-38214\" src=\"http:\/\/argentinamunicipal.com.ar\/argentina\/wp-content\/uploads\/2015\/10\/ARCHI_2880241200x771.jpg\" alt=\"ARCHI_2880241200x771\" width=\"643\" height=\"413\" srcset=\"http:\/\/argentinamunicipal.com.ar\/argentina\/wp-content\/uploads\/2015\/10\/ARCHI_2880241200x771.jpg 1200w, http:\/\/argentinamunicipal.com.ar\/argentina\/wp-content\/uploads\/2015\/10\/ARCHI_2880241200x771-300x193.jpg 300w, http:\/\/argentinamunicipal.com.ar\/argentina\/wp-content\/uploads\/2015\/10\/ARCHI_2880241200x771-1024x658.jpg 1024w\" sizes=\"auto, (max-width: 643px) 100vw, 643px\" \/><\/a><br \/>\nEl nuevo espacio cultural permitir\u00e1 realizar eventos para m\u00e1s de cuatro mil espectadores. Este s\u00e1bado ser\u00e1 inaugurado, junto al Jard\u00edn Bot\u00e1nico.<\/p>\n<p>Un nuevo espacio cultural se inaugurar\u00e1 el pr\u00f3ximo s\u00e1bado en San Francisco. El municipio abrir\u00e1 las puertas del Superdomo, un nuevo estadio cubierto destinado a la realizaci\u00f3n de eventos y espect\u00e1culos, con una capacidad de m\u00e1s de cuatro mil espectadores, equipado con tecnolog\u00eda avanzada para ofrecer iluminaci\u00f3n y sonido.<\/p>\n<p>El estadio convertir\u00e1 a esta ciudad del este cordob\u00e9s en una plaza destacada para la concreci\u00f3n de eventos de gran convocatoria, de tipo deportivo, cultural, art\u00edstico y social. Ser\u00e1 la sala de mayor capacidad y tecnolog\u00eda de toda la regi\u00f3n.<\/p>\n<p>Adem\u00e1s, se habilitar\u00e1n salas de prensa, plateas VIP, sector de vestuarios, aulas de capacitaci\u00f3n y producci\u00f3n art\u00edstica y sala de conferencias. El estadio cuenta con aislaci\u00f3n ac\u00fastica, ambiente climatizado, amplio foyer de recepci\u00f3n, una zona de servicios gastron\u00f3micos, puertas antip\u00e1nico y butacas con terminaci\u00f3n de gran nivel.<\/p>\n<p>A la vez, se realiz\u00f3 una obra paralela: la renovaci\u00f3n del predio del Jard\u00edn Bot\u00e1nico \u2013que rodea al edificio\u2013 colocando nuevas luminarias y mejorando la parquizaci\u00f3n.<\/p>\n<p>Seg\u00fan inform\u00f3 el municipio, demand\u00f3 una inversi\u00f3n de m\u00e1s de 20 millones de pesos, integrada por recursos propios y subsidios de la Provincia.<\/p>\n<p>\u201cEsta ser\u00e1 una de las obras de mayor envergadura con la que contar\u00e1 la ciudad, un lugar de excelencia pensado para que todos los sanfrancisque\u00f1os y vecinos de la regi\u00f3n puedan disfrutar de importantes eventos de nivel nacional e internacional. Un espacio totalmente acondicionado de primer\u00edsimo nivel, con un dise\u00f1o vanguardista y tecnolog\u00eda de avanzada\u201d, marc\u00f3 ayer Mart\u00edn Llaryora, intendente de San Francisco que en diciembre asumir\u00e1 como vicegobernador de C\u00f3rdoba.<\/p>\n<p>El proyecto surgi\u00f3 en 2008 en el sitio que ten\u00eda por destino un polideportivo para el Colegio San Mart\u00edn. La asociaci\u00f3n cooperadora de esa instituci\u00f3n cedi\u00f3 la instalaci\u00f3n al municipio ante la imposibilidad de afrontar los gastos para su ejecuci\u00f3n. En 2009 se contrat\u00f3 a un estudio de arquitectura que avanz\u00f3 sobre la idea de un superdomo, ahora terminado.<\/p>\n<p>Este s\u00e1bado, desde las 20.30, se abrir\u00e1 al p\u00fablico con una fiesta y cena, que se prolongar\u00e1 con varios espect\u00e1culos el domingo, con entrada libre.<\/p>\n<h6>Fuente: La Voz del Interior<\/h6>\n","protected":false},"excerpt":{"rendered":"<p>El nuevo espacio cultural permitir\u00e1 realizar eventos para m\u00e1s de cuatro mil espectadores. Este s\u00e1bado ser\u00e1 inaugurado, junto al Jard\u00edn Bot\u00e1nico. Un nuevo espacio cultural se inaugurar\u00e1 el pr\u00f3ximo s\u00e1bado en San Francisco. El municipio abrir\u00e1 las puertas del Superdomo, un nuevo estadio cubierto destinado a la realizaci\u00f3n de eventos y espect\u00e1culos, con una capacidad<\/p>\n","protected":false},"author":2,"featured_media":38214,"comment_status":"closed","ping_status":"closed","sticky":false,"template":"","format":"standard","meta":{"footnotes":""},"categories":[2],"tags":[3],"class_list":["post-38213","post","type-post","status-publish","format-standard","has-post-thumbnail","hentry","category-informe-municipal","tag-cordoba"],"_links":{"self":[{"href":"http:\/\/argentinamunicipal.com.ar\/argentina\/wp-json\/wp\/v2\/posts\/38213","targetHints":{"allow":["GET"]}}],"collection":[{"href":"http:\/\/argentinamunicipal.com.ar\/argentina\/wp-json\/wp\/v2\/posts"}],"about":[{"href":"http:\/\/argentinamunicipal.com.ar\/argentina\/wp-json\/wp\/v2\/types\/post"}],"author":[{"embeddable":true,"href":"http:\/\/argentinamunicipal.com.ar\/argentina\/wp-json\/wp\/v2\/users\/2"}],"replies":[{"embeddable":true,"href":"http:\/\/argentinamunicipal.com.ar\/argentina\/wp-json\/wp\/v2\/comments?post=38213"}],"version-history":[{"count":0,"href":"http:\/\/argentinamunicipal.com.ar\/argentina\/wp-json\/wp\/v2\/posts\/38213\/revisions"}],"wp:featuredmedia":[{"embeddable":true,"href":"http:\/\/argentinamunicipal.com.ar\/argentina\/wp-json\/wp\/v2\/media\/38214"}],"wp:attachment":[{"href":"http:\/\/argentinamunicipal.com.ar\/argentina\/wp-json\/wp\/v2\/media?parent=38213"}],"wp:term":[{"taxonomy":"category","embeddable":true,"href":"http:\/\/argentinamunicipal.com.ar\/argentina\/wp-json\/wp\/v2\/categories?post=38213"},{"taxonomy":"post_tag","embeddable":true,"href":"http:\/\/argentinamunicipal.com.ar\/argentina\/wp-json\/wp\/v2\/tags?post=38213"}],"curies":[{"name":"wp","href":"https:\/\/api.w.org\/{rel}","templated":true}]}}