{"id":38223,"date":"2015-10-30T06:16:18","date_gmt":"2015-10-30T09:16:18","guid":{"rendered":"http:\/\/argentinamunicipal.com.ar\/argentina\/?p=38223"},"modified":"2015-10-30T08:19:03","modified_gmt":"2015-10-30T11:19:03","slug":"entre-rios-construiran-el-centro-de-prevencion-de-adicciones-de-la-costa-del-uruguay","status":"publish","type":"post","link":"http:\/\/argentinamunicipal.com.ar\/argentina\/entre-rios-construiran-el-centro-de-prevencion-de-adicciones-de-la-costa-del-uruguay\/","title":{"rendered":"Entre R\u00edos: Construir\u00e1n el Centro de Prevenci\u00f3n de Adicciones de la Costa del Uruguay"},"content":{"rendered":"<p><a href=\"http:\/\/argentinamunicipal.com.ar\/argentina\/wp-content\/uploads\/2015\/10\/adicciones.jpg_973718260.jpg\"><img loading=\"lazy\" decoding=\"async\" class=\"aligncenter  wp-image-38224\" src=\"http:\/\/argentinamunicipal.com.ar\/argentina\/wp-content\/uploads\/2015\/10\/adicciones.jpg_973718260.jpg\" alt=\"adicciones.jpg_973718260\" width=\"686\" height=\"478\" srcset=\"http:\/\/argentinamunicipal.com.ar\/argentina\/wp-content\/uploads\/2015\/10\/adicciones.jpg_973718260.jpg 789w, http:\/\/argentinamunicipal.com.ar\/argentina\/wp-content\/uploads\/2015\/10\/adicciones.jpg_973718260-300x209.jpg 300w\" sizes=\"auto, (max-width: 686px) 100vw, 686px\" \/><\/a><br \/>\nSe presentaron dos propuestas para la obra que tendr\u00e1 una inversi\u00f3n de m\u00e1s de 70 millones de pesos<\/p>\n<p>Las empresas Traza SA y Codi SRL presentaron propuestas para, en el marco del llamado a licitaci\u00f3n efectuado por el gobierno entrerriano, construir el Centro de Prevenci\u00f3n de Adicciones de la Costa del Uruguay, que estar\u00e1 ubicado en Concordia y demandar\u00e1 una inversi\u00f3n superior a los 70 millones de pesos.<\/p>\n<p>Es el segundo que se concretar\u00e1 en la provincia, puesto que ya se inici\u00f3 el de Paran\u00e1, con el objetivo de brindar y garantizar la presencia del Estado entrerriano en la atenci\u00f3n de las personas que padecen problem\u00e1ticas en el consumo de sustancias psicoactivas.<\/p>\n<p>En la sede regional de Cafesg, en Concordia, se procedi\u00f3 a realizar el acto de licitaci\u00f3n p\u00fablica para la construcci\u00f3n del Centro de Prevenci\u00f3n de las Adicciones de la Costa del Uruguay. Participaron el intendente de esa ciudad, Gustavo Bordet; el senador provincial Enrique Cresto; el ministro de Educaci\u00f3n, Deporte y Prevenci\u00f3n de las Adicciones, Jos\u00e9 Lauritto; la secretaria ministerial de Obras y Servicios P\u00fablicos, Alicia Ben\u00edtez y el presidente de Cafesg, Daniel Bes. Fiscaliz\u00f3 el proceso en representaci\u00f3n de la Escriban\u00eda Mayor de Gobierno, Clara Gerez.<\/p>\n<p>Al inicio del proceso licitatorio, Ben\u00edtez expres\u00f3 que \u201ces una gran alegr\u00eda poder estar hoy en Concordia para continuar con el trabajo venimos realizando desde la provincia, junto al gobernador Urribarri, con el fin de brindar la infraestructura necesaria para las diferentes necesidades de los entrerrianos. Para esto contamos con el apoyo de diferentes personas como Mauro Urribarri, Gustavo Bordet desde la intendencia, quien facilit\u00f3 los terrenos para construir la obra, y Enrique Cresto, que desde la legislatura impuls\u00f3 la sanci\u00f3n de la ley que aceptaba la donaci\u00f3n del terreno por parte del municipio. Gracias a ellos, al ministro Lauritto y a los equipos t\u00e9cnicos que intervinieron, hoy podemos realizar esta licitaci\u00f3n para comenzar luego la construcci\u00f3n de esta importante obra\u201d.<\/p>\n<p>Seguidamente, Enrique Cresto afirm\u00f3 que \u201cvamos a seguir inaugurando, adjudicando y licitando obras, en Concordia y en toda la provincia, porque hemos hecho y seguiremos haciendo junto a Sergio Urribarri y Gustavo Bordet.\u201d<\/p>\n<p>Por su parte, el ministro Lauritto detall\u00f3 que \u201ccuando nos enfrentamos a este flagelo de la droga y se nos acercaban las madres de chicos con consumo problem\u00e1tico de sustancias nos preguntaba dos cosas, \u00bfqu\u00e9 estamos haciendo como gobierno frente a este problema? y \u00bfa d\u00f3nde puedo llevar a mi hijo que es adicto a tratarse? Por eso, junto al Sedronar a nivel nacional, y a los municipios a nivel local, hemos encarado un conjunto de acciones para encarar este tema. Sabemos que a\u00fan falta, pero estamos convencido s de que estas obras son un paso muy importante, porque la provincia hoy no cuenta con lugares especialmente dise\u00f1ados para abordar este asunto. Por ello, a los cinco centros educativos terap\u00e9uticos que son financiados por la Naci\u00f3n, sumamos dos centros provinciales de prevenci\u00f3n de las adicciones. Fue el gobernador Sergio Urribarri quien decidi\u00f3 que estuvieran uno en la costa del Paran\u00e1 y otro en la costa del Uruguay, de manera de atender a toda la provincia con sus realidades espec\u00edficas\u201d.<\/p>\n<p>Al cierre del encuentro, el intendente Bordet indic\u00f3 que \u201cesta es una obra que necesit\u00e1bamos para dar contenido en materia de salud a quienes padecen adicciones, algo que hasta ahora solo estaba en instituciones privadas. Este es un problema intrafamiliar y muchas veces no saben d\u00f3nde recurrir. El Estado tiene que tener una presencia aqu\u00ed tambi\u00e9n. As\u00ed lo entendi\u00f3 el gobernador Urribarri y por eso dispuso la construcci\u00f3n de dos centros con internaci\u00f3n, uno en Concordia y otro en Paran\u00e1\u201d. \u201cComo intendente estoy muy contento de llevar adelante el comienzo de esta obra y sin dudas como gobernador luego continuar\u00e9 esta tarea para llevar m\u00e1s contenci\u00f3n a quienes lo est\u00e1n demandando\u201d, concluy\u00f3.<\/p>\n<p><strong>La obra\u00a0<\/strong><\/p>\n<p>El Centro de Prevenci\u00f3n de las Adicciones de la Costa del Uruguay contempla atenci\u00f3n ambulatoria, centro de d\u00eda, comunidad terap\u00e9utica e internaci\u00f3n en crisis. Para esto \u00faltimo, se han contemplado 24 camas. El presupuesto oficial de la obra asciende a 71.943.605,50 pesos y prev\u00e9 un plazo de ejecuci\u00f3n de 210 d\u00edas.<\/p>\n<p>La obra estar\u00e1 ubicada en un predio de 3.598 metros cuadrados en Bv. Yuquer\u00ed esquina Nogueira, en barrio Larroca. El terreno fue elegido por contar con una gran superficie, accesibilidad regional y local, provisi\u00f3n de servicios y cercan\u00eda a las redes de contenci\u00f3n social actualmente existentes.<\/p>\n<p>Esto se suma al Centro Preventivo Local de Adicciones (Cepla), que ya se edifica en el Barrio Los P\u00e1jaros, al noroeste de la ciudad. A nivel provincial, y en el marco del Programa Recuperar Inclusi\u00f3n, se ha finalizado la construcci\u00f3n de Centro Educativo Terap\u00e9utico de Col\u00f3n, se encuentran en ejecuci\u00f3n los de Paran\u00e1 y Concepci\u00f3n del Uruguay, y pronto a comenzar el de Gualeguaych\u00fa, lo que refleja el compromiso de la provincia en materia de prevenci\u00f3n y tratamiento de las personas con consumo problem\u00e1tico de sustancias adictivas.<\/p>\n<h6>Fuente: Uno, Entre R\u00edos<\/h6>\n","protected":false},"excerpt":{"rendered":"<p>Se presentaron dos propuestas para la obra que tendr\u00e1 una inversi\u00f3n de m\u00e1s de 70 millones de pesos Las empresas Traza SA y Codi SRL presentaron propuestas para, en el marco del llamado a licitaci\u00f3n efectuado por el gobierno entrerriano, construir el Centro de Prevenci\u00f3n de Adicciones de la Costa del Uruguay, que estar\u00e1 ubicado<\/p>\n","protected":false},"author":2,"featured_media":38224,"comment_status":"closed","ping_status":"closed","sticky":false,"template":"","format":"standard","meta":{"footnotes":""},"categories":[2],"tags":[17],"class_list":["post-38223","post","type-post","status-publish","format-standard","has-post-thumbnail","hentry","category-informe-municipal","tag-entre-rios"],"_links":{"self":[{"href":"http:\/\/argentinamunicipal.com.ar\/argentina\/wp-json\/wp\/v2\/posts\/38223","targetHints":{"allow":["GET"]}}],"collection":[{"href":"http:\/\/argentinamunicipal.com.ar\/argentina\/wp-json\/wp\/v2\/posts"}],"about":[{"href":"http:\/\/argentinamunicipal.com.ar\/argentina\/wp-json\/wp\/v2\/types\/post"}],"author":[{"embeddable":true,"href":"http:\/\/argentinamunicipal.com.ar\/argentina\/wp-json\/wp\/v2\/users\/2"}],"replies":[{"embeddable":true,"href":"http:\/\/argentinamunicipal.com.ar\/argentina\/wp-json\/wp\/v2\/comments?post=38223"}],"version-history":[{"count":0,"href":"http:\/\/argentinamunicipal.com.ar\/argentina\/wp-json\/wp\/v2\/posts\/38223\/revisions"}],"wp:featuredmedia":[{"embeddable":true,"href":"http:\/\/argentinamunicipal.com.ar\/argentina\/wp-json\/wp\/v2\/media\/38224"}],"wp:attachment":[{"href":"http:\/\/argentinamunicipal.com.ar\/argentina\/wp-json\/wp\/v2\/media?parent=38223"}],"wp:term":[{"taxonomy":"category","embeddable":true,"href":"http:\/\/argentinamunicipal.com.ar\/argentina\/wp-json\/wp\/v2\/categories?post=38223"},{"taxonomy":"post_tag","embeddable":true,"href":"http:\/\/argentinamunicipal.com.ar\/argentina\/wp-json\/wp\/v2\/tags?post=38223"}],"curies":[{"name":"wp","href":"https:\/\/api.w.org\/{rel}","templated":true}]}}