{"id":38226,"date":"2015-10-30T07:19:52","date_gmt":"2015-10-30T10:19:52","guid":{"rendered":"http:\/\/argentinamunicipal.com.ar\/argentina\/?p=38226"},"modified":"2015-10-30T08:23:14","modified_gmt":"2015-10-30T11:23:14","slug":"mediadores-de-todo-el-pais-se-reunen-en-la-capital-entrerriana","status":"publish","type":"post","link":"http:\/\/argentinamunicipal.com.ar\/argentina\/mediadores-de-todo-el-pais-se-reunen-en-la-capital-entrerriana\/","title":{"rendered":"Mediadores de todo el pa\u00eds se re\u00fanen en la capital entrerriana"},"content":{"rendered":"<p><a href=\"http:\/\/argentinamunicipal.com.ar\/argentina\/wp-content\/uploads\/2015\/10\/o_1442935555.jpg\"><img loading=\"lazy\" decoding=\"async\" class=\"aligncenter  wp-image-38227\" src=\"http:\/\/argentinamunicipal.com.ar\/argentina\/wp-content\/uploads\/2015\/10\/o_1442935555.jpg\" alt=\"o_1442935555\" width=\"619\" height=\"348\" srcset=\"http:\/\/argentinamunicipal.com.ar\/argentina\/wp-content\/uploads\/2015\/10\/o_1442935555.jpg 800w, http:\/\/argentinamunicipal.com.ar\/argentina\/wp-content\/uploads\/2015\/10\/o_1442935555-300x169.jpg 300w\" sizes=\"auto, (max-width: 619px) 100vw, 619px\" \/><\/a><br \/>\nComenzar\u00e1 hoy, a las 18. La actividad es abierta al p\u00fablico. Contar\u00e1 con la participaci\u00f3n de la Defensor\u00eda del Pueblo de la Naci\u00f3n y especialistas de Chile.<\/p>\n<p>Con la participaci\u00f3n de la Defensor\u00eda del Pueblo de la Naci\u00f3n y especialistas de Chile, se realizar\u00e1 en Paran\u00e1 un Encuentro de Mediadores Comunitarios de Defensor\u00edas del Pueblo. Comenzar\u00e1 hoy, a las 18, con una charla sobre La mediaci\u00f3n comunitaria. Gesti\u00f3n de la convivencia a partir del di\u00e1logo y el encuentro. La actividad es abierta al p\u00fablico y la Defensor\u00eda de Paran\u00e1 invit\u00f3 especialmente a participar a la comunidad en general.<\/p>\n<p>Se desarrollar\u00e1 en la Casa de la Ciudad, en Peatonal San Mart\u00edn 958. Luego, a las 20, se entregar\u00e1n certificados a 36 mediadores que finalizaron el curso de formaci\u00f3n dictado por el Ministerio de Justicia de la Naci\u00f3n entre septiembre 2014 y abril de 2015 en Paran\u00e1.<\/p>\n<p>Y finalmente, la Defensor\u00eda local junto al Concejo Deliberante har\u00e1 un reconocimiento a los m\u00e1s de cien mediadores comunitarios que integran el Registro de la instituci\u00f3n, quienes con compromiso y dedicaci\u00f3n trabajan ad honorem en la resoluci\u00f3n pac\u00edfica de conflictos entre vecinos.<\/p>\n<p>La actividad tiene como marco la celebraci\u00f3n del D\u00eda del Mediador Comunitario en Paran\u00e1, el 1 de noviembre. La fecha se instituy\u00f3 mediante la ordenanza N\u00ba 9117, sancionada en 2013, a\u00f1o en que la Defensor\u00eda del Pueblo y su Centro de Mediaci\u00f3n cumplieron diez a\u00f1os de existencia, y fue en reconocimiento a la valiosa tarea que realizan los mediadores en forma voluntaria y gratuita.<\/p>\n<p>El encuentro de este viernes y s\u00e1bado es organizado por la Defensor\u00eda del Pueblo de la Naci\u00f3n y la Defensor\u00eda del Pueblo de Paran\u00e1 bajo el lema \u00abMediaci\u00f3n Comunitaria: Di\u00e1logos constructivos, lazos sociales saludables\u00bb y contar\u00e1 con la participaci\u00f3n de integrantes de Defensor\u00edas de Ciudad Aut\u00f3noma de Buenos Aires, Neuqu\u00e9n, Santa Fe, C\u00f3rdoba, Santiago del Estero y Provincia de Buenos Aires, entre otras.<\/p>\n<p><strong>Programa<\/strong><\/p>\n<p>El viernes, de 18 a 20 tendr\u00e1 lugar la charla abierta a la Comunidad: \u00abLa mediaci\u00f3n comunitaria. Gesti\u00f3n de la convivencia a partir del di\u00e1logo y el encuentro\u00bb a cargo de Alejandro Nat\u00f3 (\u00c1rea de Gesti\u00f3n de Conflictos de la Defensor\u00eda del Pueblo de la Naci\u00f3n), Marcela Uthurralt (Directora Nacional de Mediaci\u00f3n y M\u00e9todos Participativos de Resoluci\u00f3n de Conflictos, Ministerio de Justicia y DDHH de la Naci\u00f3n) y Rosa Mar\u00eda Olave (Universidad Alberto Hurtado, Chile).<\/p>\n<p>A las 20, ser\u00e1 el acto de entrega de diplomas a mediadores comunitarios que culminaron el Curso de formaci\u00f3n del Ministerio de Justicia de la Naci\u00f3n en Paran\u00e1 en abril de 2015, y reconocimiento a integrantes del Registro de Mediadores de la Defensor\u00eda del Pueblo de Paran\u00e1.<\/p>\n<p>A las 21, en el cierre, actuar\u00e1n a cargo del Coro de la Ciudad, dependiente de la Secretar\u00eda de Cultura de la Municipalidad de Paran\u00e1.<\/p>\n<p>Y el s\u00e1bado, de 9.30 a 13.30 se desarrollar\u00e1 un taller, dirigido exclusivamente a mediadores comunitarios, sobre cl\u00ednica de casos e intercambio de experiencias \u00abPotenciando nuestra pr\u00e1ctica desde la reflexi\u00f3n conjunta\u00bb.<\/p>\n<h6>Fuente: El Once<\/h6>\n","protected":false},"excerpt":{"rendered":"<p>Comenzar\u00e1 hoy, a las 18. La actividad es abierta al p\u00fablico. Contar\u00e1 con la participaci\u00f3n de la Defensor\u00eda del Pueblo de la Naci\u00f3n y especialistas de Chile. Con la participaci\u00f3n de la Defensor\u00eda del Pueblo de la Naci\u00f3n y especialistas de Chile, se realizar\u00e1 en Paran\u00e1 un Encuentro de Mediadores Comunitarios de Defensor\u00edas del Pueblo.<\/p>\n","protected":false},"author":2,"featured_media":38227,"comment_status":"closed","ping_status":"closed","sticky":false,"template":"","format":"standard","meta":{"footnotes":""},"categories":[2],"tags":[17],"class_list":["post-38226","post","type-post","status-publish","format-standard","has-post-thumbnail","hentry","category-informe-municipal","tag-entre-rios"],"_links":{"self":[{"href":"http:\/\/argentinamunicipal.com.ar\/argentina\/wp-json\/wp\/v2\/posts\/38226","targetHints":{"allow":["GET"]}}],"collection":[{"href":"http:\/\/argentinamunicipal.com.ar\/argentina\/wp-json\/wp\/v2\/posts"}],"about":[{"href":"http:\/\/argentinamunicipal.com.ar\/argentina\/wp-json\/wp\/v2\/types\/post"}],"author":[{"embeddable":true,"href":"http:\/\/argentinamunicipal.com.ar\/argentina\/wp-json\/wp\/v2\/users\/2"}],"replies":[{"embeddable":true,"href":"http:\/\/argentinamunicipal.com.ar\/argentina\/wp-json\/wp\/v2\/comments?post=38226"}],"version-history":[{"count":0,"href":"http:\/\/argentinamunicipal.com.ar\/argentina\/wp-json\/wp\/v2\/posts\/38226\/revisions"}],"wp:featuredmedia":[{"embeddable":true,"href":"http:\/\/argentinamunicipal.com.ar\/argentina\/wp-json\/wp\/v2\/media\/38227"}],"wp:attachment":[{"href":"http:\/\/argentinamunicipal.com.ar\/argentina\/wp-json\/wp\/v2\/media?parent=38226"}],"wp:term":[{"taxonomy":"category","embeddable":true,"href":"http:\/\/argentinamunicipal.com.ar\/argentina\/wp-json\/wp\/v2\/categories?post=38226"},{"taxonomy":"post_tag","embeddable":true,"href":"http:\/\/argentinamunicipal.com.ar\/argentina\/wp-json\/wp\/v2\/tags?post=38226"}],"curies":[{"name":"wp","href":"https:\/\/api.w.org\/{rel}","templated":true}]}}