{"id":38255,"date":"2015-10-31T07:37:56","date_gmt":"2015-10-31T10:37:56","guid":{"rendered":"http:\/\/argentinamunicipal.com.ar\/argentina\/?p=38255"},"modified":"2015-10-31T07:37:56","modified_gmt":"2015-10-31T10:37:56","slug":"concordia-80-recuperadores-de-residuos-del-campo-el-abasto-seran-incluidos-en-un-programa-de-entrenamiento-laboral","status":"publish","type":"post","link":"http:\/\/argentinamunicipal.com.ar\/argentina\/concordia-80-recuperadores-de-residuos-del-campo-el-abasto-seran-incluidos-en-un-programa-de-entrenamiento-laboral\/","title":{"rendered":"Concordia: 80 Recuperadores de residuos del \u2018Campo El Abasto\u2019 ser\u00e1n incluidos en un programa de entrenamiento laboral"},"content":{"rendered":"<p><a href=\"http:\/\/argentinamunicipal.com.ar\/argentina\/wp-content\/uploads\/2015\/10\/22012015_abastoo.jpg\"><img loading=\"lazy\" decoding=\"async\" class=\"aligncenter size-full wp-image-38256\" src=\"http:\/\/argentinamunicipal.com.ar\/argentina\/wp-content\/uploads\/2015\/10\/22012015_abastoo.jpg\" alt=\"22012015_abastoo\" width=\"591\" height=\"305\" srcset=\"http:\/\/argentinamunicipal.com.ar\/argentina\/wp-content\/uploads\/2015\/10\/22012015_abastoo.jpg 591w, http:\/\/argentinamunicipal.com.ar\/argentina\/wp-content\/uploads\/2015\/10\/22012015_abastoo-300x155.jpg 300w\" sizes=\"auto, (max-width: 591px) 100vw, 591px\" \/><\/a><\/p>\n<p>Est\u00e1 destinado a quienes realizan tareas de recolecci\u00f3n informal en el predio \u2022 El objetivo de la iniciativa es brindarles capacitaci\u00f3n para su trabajo en la Planta de Clasificaci\u00f3n de Residuos que funciona en el lugar, entre otras tareas<\/p>\n<p>\u201cEs una pol\u00edtica que nos permite reconocerlos en su calidad de trabajadores dignificando las condiciones en las que desarrollan su tarea; no s\u00f3lo es importante el trabajo de\u00a0 saneamiento ambiental que se viene realizando en el Abasto, sino tambi\u00e9n acompa\u00f1ar con pol\u00edticas sociales de inclusi\u00f3n y mejora de oportunidades para quienes hist\u00f3ricamente vivieron de la recuperaci\u00f3n informal de basura\u00bb, se\u00f1al\u00f3 la Secretaria de Medio Ambiente, Bel\u00e9n Esteves.<\/p>\n<p>El programa de inclusi\u00f3n social y laboral impulsado por la Secretar\u00eda de Medio Ambiente local y la Secretar\u00eda de Producci\u00f3n junto a la Gerencia de Trabajo Provincial y el Ministerio de Trabajo de la Naci\u00f3n ser\u00e1 implementado a trav\u00e9s de un convenio que fue firmado d\u00edas atr\u00e1s por autoridades municipales. Dicho acuerdo fue avalado por el viceintendente Alejandro Casa\u00f1as, en representaci\u00f3n del Intendente Gustavo Bordet y por Mariela Rotman en representaci\u00f3n del organismo provincial.<\/p>\n<p>Esta actividad que beneficiar\u00e1 a 80 recolectores informales se genera en el marco de la reestructuraci\u00f3n y saneamiento del predio de disposici\u00f3n final de residuos de la ciudad. Sum\u00e1ndose a la transformaci\u00f3n integral del Barrio El Silencio donde adem\u00e1s de la construcci\u00f3n de viviendas, la provisi\u00f3n de servicios esenciales a los vecinos, se realizaron grandes mejoras en infraestructura (iluminaci\u00f3n, parquizaci\u00f3n y pavimento) y se pusieron en funcionamiento un Centro Integrador Comunitario y una guarderia para los hijos de los trabajadores.<\/p>\n<p>Mariela Rotman, funcionaria de la dependencia provincial inform\u00f3 que despu\u00e9s de Paran\u00e1, Concordia es la segunda ciudad de la provincia que decidi\u00f3 trabajar en este programa que les permite a los trabajadores cambiar radicalmente sus condiciones de vida. Logrando en muchos casos que opten por otras actividades finalizado el entrenamiento laboral. Sin dudas, estos entrenamientos laborales son una gran oportunidad para cambiar de vida\u00bb indic\u00f3.<\/p>\n<h6>Fuente: APF Digital<\/h6>\n","protected":false},"excerpt":{"rendered":"<p>Est\u00e1 destinado a quienes realizan tareas de recolecci\u00f3n informal en el predio \u2022 El objetivo de la iniciativa es brindarles capacitaci\u00f3n para su trabajo en la Planta de Clasificaci\u00f3n de Residuos que funciona en el lugar, entre otras tareas \u201cEs una pol\u00edtica que nos permite reconocerlos en su calidad de trabajadores dignificando las condiciones en<\/p>\n","protected":false},"author":2,"featured_media":38256,"comment_status":"closed","ping_status":"closed","sticky":false,"template":"","format":"standard","meta":{"footnotes":""},"categories":[2],"tags":[17],"class_list":["post-38255","post","type-post","status-publish","format-standard","has-post-thumbnail","hentry","category-informe-municipal","tag-entre-rios"],"_links":{"self":[{"href":"http:\/\/argentinamunicipal.com.ar\/argentina\/wp-json\/wp\/v2\/posts\/38255","targetHints":{"allow":["GET"]}}],"collection":[{"href":"http:\/\/argentinamunicipal.com.ar\/argentina\/wp-json\/wp\/v2\/posts"}],"about":[{"href":"http:\/\/argentinamunicipal.com.ar\/argentina\/wp-json\/wp\/v2\/types\/post"}],"author":[{"embeddable":true,"href":"http:\/\/argentinamunicipal.com.ar\/argentina\/wp-json\/wp\/v2\/users\/2"}],"replies":[{"embeddable":true,"href":"http:\/\/argentinamunicipal.com.ar\/argentina\/wp-json\/wp\/v2\/comments?post=38255"}],"version-history":[{"count":0,"href":"http:\/\/argentinamunicipal.com.ar\/argentina\/wp-json\/wp\/v2\/posts\/38255\/revisions"}],"wp:featuredmedia":[{"embeddable":true,"href":"http:\/\/argentinamunicipal.com.ar\/argentina\/wp-json\/wp\/v2\/media\/38256"}],"wp:attachment":[{"href":"http:\/\/argentinamunicipal.com.ar\/argentina\/wp-json\/wp\/v2\/media?parent=38255"}],"wp:term":[{"taxonomy":"category","embeddable":true,"href":"http:\/\/argentinamunicipal.com.ar\/argentina\/wp-json\/wp\/v2\/categories?post=38255"},{"taxonomy":"post_tag","embeddable":true,"href":"http:\/\/argentinamunicipal.com.ar\/argentina\/wp-json\/wp\/v2\/tags?post=38255"}],"curies":[{"name":"wp","href":"https:\/\/api.w.org\/{rel}","templated":true}]}}