{"id":38339,"date":"2015-11-02T07:17:43","date_gmt":"2015-11-02T10:17:43","guid":{"rendered":"http:\/\/argentinamunicipal.com.ar\/argentina\/?p=38339"},"modified":"2015-11-02T08:19:55","modified_gmt":"2015-11-02T11:19:55","slug":"a-mediados-de-2016-habilitaran-las-cocheras-del-parque-alberdi-en-santa-fe","status":"publish","type":"post","link":"http:\/\/argentinamunicipal.com.ar\/argentina\/a-mediados-de-2016-habilitaran-las-cocheras-del-parque-alberdi-en-santa-fe\/","title":{"rendered":"A mediados de 2016 habilitar\u00e1n las cocheras del Parque Alberdi en Santa Fe"},"content":{"rendered":"<p><a href=\"http:\/\/argentinamunicipal.com.ar\/argentina\/wp-content\/uploads\/2015\/11\/48839_santa-fe.jpg\"><img loading=\"lazy\" decoding=\"async\" class=\"aligncenter size-full wp-image-38340\" src=\"http:\/\/argentinamunicipal.com.ar\/argentina\/wp-content\/uploads\/2015\/11\/48839_santa-fe.jpg\" alt=\"48839_santa-fe\" width=\"544\" height=\"293\" srcset=\"http:\/\/argentinamunicipal.com.ar\/argentina\/wp-content\/uploads\/2015\/11\/48839_santa-fe.jpg 544w, http:\/\/argentinamunicipal.com.ar\/argentina\/wp-content\/uploads\/2015\/11\/48839_santa-fe-300x162.jpg 300w\" sizes=\"auto, (max-width: 544px) 100vw, 544px\" \/><\/a><br \/>\nLa obra registra un avance del 65%. Estiman que la estructura de hormig\u00f3n estar\u00e1 finalizada en enero. El jueves comenzaron los trabajos en la parte superior del espacio, donde se instalar\u00e1 la nueva plaza.<\/p>\n<p>Una de las empresas a cargo de la construcci\u00f3n de las cocheras semisubterr\u00e1neas y remodelaci\u00f3n del Parque Alberdi, confirm\u00f3 que la obra estar\u00e1 terminada entre mayo y junio de 2016.<\/p>\n<p>En la actualidad, y a quince meses de haberse retomado la obra, los trabajos registran un avance que alcanza el 65%. \u00abPensamos que para los primeros d\u00edas o mediados de enero podr\u00eda estar finalizada la parte estructural\u00bb, explic\u00f3 Juan Manuel Ponce socio gerente de la firma Ponce Construcciones que junto a la constructora CAM SA, conformaron la UTE Park Centro, responsable de los trabajos.<\/p>\n<p>La parte estructural de los trabajos hace referencia a la obra de hormig\u00f3n, la cual ya est\u00e1 hecha en su totalidad. Se trata de un edificio semisoterrado que tendr\u00e1 capacidad para albergar 298 cocheras, tiene 7.500 metros cuadrados y va a tener 4.700 metros c\u00fabicos de hormig\u00f3n. De ahora en m\u00e1s, los esfuerzos se pondr\u00e1n en la terminaci\u00f3n de los locales frontales, los cuales es otro de los \u00edtems que integra la obra.<\/p>\n<p>En tanto, desde el jueves comenzaron los trabajos en la parte superior del parque, que contempla la realizaci\u00f3n de la nueva plaza. \u00abQue es lo que va a quedar m\u00e1s visible propiamente dicho\u00bb, adelant\u00f3 Ponce quien asegur\u00f3 que esta etapa de la obra demandar\u00e1 un tiempo considerable ya que gozar\u00e1 de una arquitectura bastante m\u00e1s importante que la destinada a la semisubterr\u00e1nea.<\/p>\n<h6>Fuente: Sin Mordaza<\/h6>\n","protected":false},"excerpt":{"rendered":"<p>La obra registra un avance del 65%. Estiman que la estructura de hormig\u00f3n estar\u00e1 finalizada en enero. El jueves comenzaron los trabajos en la parte superior del espacio, donde se instalar\u00e1 la nueva plaza. Una de las empresas a cargo de la construcci\u00f3n de las cocheras semisubterr\u00e1neas y remodelaci\u00f3n del Parque Alberdi, confirm\u00f3 que la<\/p>\n","protected":false},"author":2,"featured_media":38340,"comment_status":"closed","ping_status":"closed","sticky":false,"template":"","format":"standard","meta":{"footnotes":""},"categories":[2],"tags":[10],"class_list":["post-38339","post","type-post","status-publish","format-standard","has-post-thumbnail","hentry","category-informe-municipal","tag-santa-fe"],"_links":{"self":[{"href":"http:\/\/argentinamunicipal.com.ar\/argentina\/wp-json\/wp\/v2\/posts\/38339","targetHints":{"allow":["GET"]}}],"collection":[{"href":"http:\/\/argentinamunicipal.com.ar\/argentina\/wp-json\/wp\/v2\/posts"}],"about":[{"href":"http:\/\/argentinamunicipal.com.ar\/argentina\/wp-json\/wp\/v2\/types\/post"}],"author":[{"embeddable":true,"href":"http:\/\/argentinamunicipal.com.ar\/argentina\/wp-json\/wp\/v2\/users\/2"}],"replies":[{"embeddable":true,"href":"http:\/\/argentinamunicipal.com.ar\/argentina\/wp-json\/wp\/v2\/comments?post=38339"}],"version-history":[{"count":0,"href":"http:\/\/argentinamunicipal.com.ar\/argentina\/wp-json\/wp\/v2\/posts\/38339\/revisions"}],"wp:featuredmedia":[{"embeddable":true,"href":"http:\/\/argentinamunicipal.com.ar\/argentina\/wp-json\/wp\/v2\/media\/38340"}],"wp:attachment":[{"href":"http:\/\/argentinamunicipal.com.ar\/argentina\/wp-json\/wp\/v2\/media?parent=38339"}],"wp:term":[{"taxonomy":"category","embeddable":true,"href":"http:\/\/argentinamunicipal.com.ar\/argentina\/wp-json\/wp\/v2\/categories?post=38339"},{"taxonomy":"post_tag","embeddable":true,"href":"http:\/\/argentinamunicipal.com.ar\/argentina\/wp-json\/wp\/v2\/tags?post=38339"}],"curies":[{"name":"wp","href":"https:\/\/api.w.org\/{rel}","templated":true}]}}