{"id":38342,"date":"2015-11-02T08:21:59","date_gmt":"2015-11-02T11:21:59","guid":{"rendered":"http:\/\/argentinamunicipal.com.ar\/argentina\/?p=38342"},"modified":"2015-11-02T08:21:59","modified_gmt":"2015-11-02T11:21:59","slug":"parana-mas-de-400-jovenes-ya-fueron-parte-del-presupuesto-participativo-joven","status":"publish","type":"post","link":"http:\/\/argentinamunicipal.com.ar\/argentina\/parana-mas-de-400-jovenes-ya-fueron-parte-del-presupuesto-participativo-joven\/","title":{"rendered":"Paran\u00e1: M\u00e1s de 400 j\u00f3venes ya fueron parte del Presupuesto Participativo Joven"},"content":{"rendered":"<p><a href=\"http:\/\/argentinamunicipal.com.ar\/argentina\/wp-content\/uploads\/2015\/11\/o_1446381282.jpg\"><img loading=\"lazy\" decoding=\"async\" class=\"aligncenter  wp-image-38343\" src=\"http:\/\/argentinamunicipal.com.ar\/argentina\/wp-content\/uploads\/2015\/11\/o_1446381282.jpg\" alt=\"o_1446381282\" width=\"613\" height=\"345\" srcset=\"http:\/\/argentinamunicipal.com.ar\/argentina\/wp-content\/uploads\/2015\/11\/o_1446381282.jpg 800w, http:\/\/argentinamunicipal.com.ar\/argentina\/wp-content\/uploads\/2015\/11\/o_1446381282-300x169.jpg 300w\" sizes=\"auto, (max-width: 613px) 100vw, 613px\" \/><\/a><br \/>\nEste a\u00f1o se puso en marcha el Presupuesto Participativo Joven, que se llev\u00f3 a cabo en instituciones educativas. Los j\u00f3venes son protagonistas elaborando y concretando proyectos.<\/p>\n<p>En primera instancia los proyectos ganadores elegidos por los j\u00f3venes fueron talleres de Primeros Auxilios, Educaci\u00f3n Vial y Lengua de Se\u00f1as. En la segunda jornada la mayor\u00eda de los votos fueron para la propuesta Todos por el Deporte: Intercolegial de f\u00fatbol, v\u00f3ley, h\u00e1ndbol y hockey, para todas las escuelas que participaron de la jornada.<\/p>\n<p>\u00abSe trata de una herramienta orientada a los m\u00e1s j\u00f3venes, que estamos construyendo con ellos, y que se desprende del Presupuesto Participativo, implementado por la Presidenta Municipal, Blanca Osuna. Desde abril de 2013, Paran\u00e1 integra la Red Argentina de Presupuesto Participativo, que se puso en marcha despu\u00e9s de 11 a\u00f1os de incumplimiento\u00bb, se\u00f1al\u00f3 Juan Coniglio, coordinador del programa para el sector joven.<\/p>\n<p>El PP Joven surgi\u00f3 como una modalidad de participaci\u00f3n democr\u00e1tica donde los y las j\u00f3venes son protagonistas elaborando proyectos sobre los temas que les interesan. Adem\u00e1s deciden de qu\u00e9 manera invertir una parte del presupuesto municipal destinado a pol\u00edticas juveniles.<\/p>\n<p>\u00abEs un salto cualitativo en la pol\u00edtica actual. Con esta herramienta los vecinos y vecinas no s\u00f3lo eligen a sus representantes sino que se convierten en protagonistas reales de la gesti\u00f3n p\u00fablica. Implementar esto en nuestra ciudad result\u00f3 clave y signific\u00f3 dejar atr\u00e1s a\u00f1os de postergaci\u00f3n y descreimiento para involucrarnos con el presente y el futuro de nuestra ciudad. Esto implica que los j\u00f3venes que participan comprendan la realidad en la que viven y que se comprometan para modificarla a trav\u00e9s de la participaci\u00f3n. El mayor desaf\u00edo es que se aprenda a participar participando\u00bb, explic\u00f3.<\/p>\n<p>Los j\u00f3venes eligen. Las propuestas que decidieron llevar adelante ya fueron realizadas. Este jueves culmin\u00f3 la \u00faltima instancia de formaci\u00f3n elegida.<\/p>\n<p>En septiembre, tuvo lugar un taller de primeros auxilios que fue dictado por Bomberos Voluntarios de Paran\u00e1, donde m\u00e1s de 100 j\u00f3venes participaron de esta capacitaci\u00f3n. El objetivo fue brindarles herramientas necesarias para asistir a personas afectadas a quienes en primera instancia tienen contacto con una situaci\u00f3n de emergencia.<\/p>\n<p>Participaron estudiantes de las escuelas Nacional, Centenario y Enrique Carb\u00f3.<\/p>\n<p>Asimismo, la Subsecretar\u00eda de Salud de la Municipalidad de Paran\u00e1 entreg\u00f3 botiquines de primeros auxilios a las instituciones educativas para ser utilizados en prevenci\u00f3n y atenci\u00f3n primaria en caso de urgencias.<\/p>\n<p>Otro proyecto votado fue la realizaci\u00f3n de un taller de educaci\u00f3n vial que se llev\u00f3 adelante en conjunto con personal del Autom\u00f3vil Club Argentino (ACA). En este caso, un equipo especializado capacitaci\u00f3n y form\u00f3 a 360 j\u00f3venes que ya tienen licencia de conducir o que est\u00e1n en edad de adquirirla.<\/p>\n<p>M\u00e1s recursos en ejecuci\u00f3n. Se trata de una pol\u00edtica de gesti\u00f3n que genera mejoras notables en la comunidad, al tiempo que fortalece la calidad democr\u00e1tica. Los recursos para llevar adelante esta herramienta fueron creciendo.<\/p>\n<p>En 2012 se inici\u00f3 con $500.000, mientras que en 2015 se prev\u00e9 ejecutar m\u00e1s de $12.000.000; es decir, 24 veces m\u00e1s en tres a\u00f1os de gesti\u00f3n. El Presupuesto Participativo se financia con la Tasa de Obra P\u00fablica, que todos los paranaenses abonan en sus tasas inmobiliarias y sanitarias (6% de esas tasas). Algunas de las obras votadas por los vecinos fueron la construcci\u00f3n de Sal\u00f3n de usos m\u00faltiples y refacciones en Jard\u00edn Maternal Arroyito en Vecinal 33 Orientales; un Centro de Salud en Vecinal 20 de Junio, un Sal\u00f3n de usos m\u00faltiples en Paran\u00e1 XX, as\u00ed como obras de pavimentaci\u00f3n, colocaci\u00f3n de luminarias, construcci\u00f3n de veredas, ejecuci\u00f3n de cloacas, extensi\u00f3n de red de agua potable, puesta en valor de espacios p\u00fablicos, reforestaci\u00f3n, instalaci\u00f3n de sem\u00e1foros, por mencionar algunas.<\/p>\n<h6>Fuente: El Once<\/h6>\n","protected":false},"excerpt":{"rendered":"<p>Este a\u00f1o se puso en marcha el Presupuesto Participativo Joven, que se llev\u00f3 a cabo en instituciones educativas. Los j\u00f3venes son protagonistas elaborando y concretando proyectos. En primera instancia los proyectos ganadores elegidos por los j\u00f3venes fueron talleres de Primeros Auxilios, Educaci\u00f3n Vial y Lengua de Se\u00f1as. En la segunda jornada la mayor\u00eda de los<\/p>\n","protected":false},"author":2,"featured_media":38343,"comment_status":"closed","ping_status":"closed","sticky":false,"template":"","format":"standard","meta":{"footnotes":""},"categories":[2],"tags":[17],"class_list":["post-38342","post","type-post","status-publish","format-standard","has-post-thumbnail","hentry","category-informe-municipal","tag-entre-rios"],"_links":{"self":[{"href":"http:\/\/argentinamunicipal.com.ar\/argentina\/wp-json\/wp\/v2\/posts\/38342","targetHints":{"allow":["GET"]}}],"collection":[{"href":"http:\/\/argentinamunicipal.com.ar\/argentina\/wp-json\/wp\/v2\/posts"}],"about":[{"href":"http:\/\/argentinamunicipal.com.ar\/argentina\/wp-json\/wp\/v2\/types\/post"}],"author":[{"embeddable":true,"href":"http:\/\/argentinamunicipal.com.ar\/argentina\/wp-json\/wp\/v2\/users\/2"}],"replies":[{"embeddable":true,"href":"http:\/\/argentinamunicipal.com.ar\/argentina\/wp-json\/wp\/v2\/comments?post=38342"}],"version-history":[{"count":0,"href":"http:\/\/argentinamunicipal.com.ar\/argentina\/wp-json\/wp\/v2\/posts\/38342\/revisions"}],"wp:featuredmedia":[{"embeddable":true,"href":"http:\/\/argentinamunicipal.com.ar\/argentina\/wp-json\/wp\/v2\/media\/38343"}],"wp:attachment":[{"href":"http:\/\/argentinamunicipal.com.ar\/argentina\/wp-json\/wp\/v2\/media?parent=38342"}],"wp:term":[{"taxonomy":"category","embeddable":true,"href":"http:\/\/argentinamunicipal.com.ar\/argentina\/wp-json\/wp\/v2\/categories?post=38342"},{"taxonomy":"post_tag","embeddable":true,"href":"http:\/\/argentinamunicipal.com.ar\/argentina\/wp-json\/wp\/v2\/tags?post=38342"}],"curies":[{"name":"wp","href":"https:\/\/api.w.org\/{rel}","templated":true}]}}