{"id":38354,"date":"2015-11-03T07:20:08","date_gmt":"2015-11-03T10:20:08","guid":{"rendered":"http:\/\/argentinamunicipal.com.ar\/argentina\/?p=38354"},"modified":"2015-11-03T07:20:08","modified_gmt":"2015-11-03T10:20:08","slug":"mar-del-plata-el-municipio-y-la-universidad-firmaron-un-convenio-para-impulsar-la-carrera-de-medicina","status":"publish","type":"post","link":"http:\/\/argentinamunicipal.com.ar\/argentina\/mar-del-plata-el-municipio-y-la-universidad-firmaron-un-convenio-para-impulsar-la-carrera-de-medicina\/","title":{"rendered":"Mar del Plata: El municipio y la Universidad firmaron un convenio para impulsar la carrera de Medicina"},"content":{"rendered":"<div id=\"attachment_38355\" style=\"width: 669px\" class=\"wp-caption aligncenter\"><a href=\"http:\/\/argentinamunicipal.com.ar\/argentina\/wp-content\/uploads\/2015\/11\/67239.jpg\"><img loading=\"lazy\" decoding=\"async\" aria-describedby=\"caption-attachment-38355\" class=\" wp-image-38355\" src=\"http:\/\/argentinamunicipal.com.ar\/argentina\/wp-content\/uploads\/2015\/11\/67239.jpg\" alt=\"El rector de la UNMdP, Francisco Morea y el intendente Gustavo Pulti al firmar ayer un acuerdo de cooperaci\u00f3n para afianzar la nueva carrera de Medicina.\" width=\"659\" height=\"437\" srcset=\"http:\/\/argentinamunicipal.com.ar\/argentina\/wp-content\/uploads\/2015\/11\/67239.jpg 750w, http:\/\/argentinamunicipal.com.ar\/argentina\/wp-content\/uploads\/2015\/11\/67239-300x199.jpg 300w\" sizes=\"auto, (max-width: 659px) 100vw, 659px\" \/><\/a><p id=\"caption-attachment-38355\" class=\"wp-caption-text\">El rector de la UNMdP, Francisco Morea y el intendente Gustavo Pulti al firmar ayer un acuerdo de cooperaci\u00f3n para afianzar la nueva carrera de Medicina.<\/p><\/div>\n<p>El intendente y el rector de la UNMdP firmaron un convenio para que el municipio y la casa de altos estudios interact\u00faen para favorecer el desarrollo de la nueva carrera de Medicina.<\/p>\n<p>El intendente Gustavo Pulti y el rector de la Universidad Nacional de Mar del Plata (UNMdP), Francisco Morea, firmaron ayer un acuerdo de colaboraci\u00f3n para favorecer el desarrollo de la carrera de Medicina que el a\u00f1o pr\u00f3ximo comenzar\u00eda a dictar la casa de altos estudios.<\/p>\n<p>Entre otros aspectos en el convenio se plantea el compromiso de poner en pr\u00e1ctica programas de coordinaci\u00f3n y cooperaci\u00f3n para la ejecuci\u00f3n de acciones que propendan a la creaci\u00f3n de la carrera de Medicina en el \u00e1mbito de la UNMdP.<\/p>\n<p>Adem\u00e1s, se prev\u00e9 la planificaci\u00f3n, ejecuci\u00f3n, puesta en marcha y afianzamiento de la carrera y la consolidaci\u00f3n de las funciones esenciales de docencia, investigaci\u00f3n, extensi\u00f3n, transferencia, vinculaci\u00f3n y toda otra actividad que resulte de mutuo inter\u00e9s.<\/p>\n<p>El intendente Pulti manifest\u00f3 que este acuerdo plantea una complementaci\u00f3n entre la Universidad Nacional de Mar del Plata y el municipio para el desarrollo de la inminente carrera de Medicina en Mar del Plata. Es un paso estrat\u00e9gico y fundamental para seguir jerarquizando los servicios de salud p\u00fablica en la ciudad. Tener la carrera de Medicina es importante para los que quieran estudiar, para quienes ense\u00f1an y, tambi\u00e9n, para el sistema de salud privado, municipal y provincial.<\/p>\n<p>Asimismo se\u00f1al\u00f3 que cualquier pol\u00edtica seria de salud necesita no solamente asistencia y prevenci\u00f3n sino tambi\u00e9n de la docencia y de la investigaci\u00f3n\u00bb.<\/p>\n<p>El jefe comunal destac\u00f3 que en los \u00faltimos a\u00f1os el sistema de salud p\u00fablica municipal mejor\u00f3 sus prestaciones mediante la remodelaci\u00f3n y ampliaci\u00f3n de 22 de sus centros barriales y la construcci\u00f3n del Centro de Especialidades M\u00e9dicas Ambulatorias.<\/p>\n<p>Este es un paso adelante. Junto con la oferta educativa de las universidades privadas y ahora la p\u00fablica, es una pata fundamental para seguir adelante. Hace unos a\u00f1os, no se hablaba mucho de Salud y hoy s\u00ed, se deciden cosas, pasamos de 4 a 7 Centros de 24 horas y ya hemos licitado el octavo, agreg\u00f3.<\/p>\n<p>Por su parte, el secretario de Salud, Alejandro Cristaldi, record\u00f3 que cuando la actual gesti\u00f3n comenz\u00f3 a implementar su proyecto para el \u00e1rea de salud \u00abtanto el intendente Gustavo Pulti como Alejandro Ferro hablaban de que la asistencia a nuestros vecinos debe ir de la mano de la docencia y de la investigaci\u00f3n. Ello implica brindar m\u00e1s calidad en la atenci\u00f3n. La docencia debe ir de la mano de la asistencia. Esto hace que los profesionales de la Salud se mantengan actualizados y transmitan sus conocimientos, pero tambi\u00e9n se inculca conciencia de salud p\u00fablica en las generaciones m\u00e9dicas futuras, que ser\u00e1n recursos humanos para dar respuesta a nuestros vecinos, concluy\u00f3.<\/p>\n<h6>Fuente: La Capital, Mar del Plata<\/h6>\n","protected":false},"excerpt":{"rendered":"<p>El intendente y el rector de la UNMdP firmaron un convenio para que el municipio y la casa de altos estudios interact\u00faen para favorecer el desarrollo de la nueva carrera de Medicina. El intendente Gustavo Pulti y el rector de la Universidad Nacional de Mar del Plata (UNMdP), Francisco Morea, firmaron ayer un acuerdo de<\/p>\n","protected":false},"author":2,"featured_media":38355,"comment_status":"closed","ping_status":"closed","sticky":false,"template":"","format":"standard","meta":{"footnotes":""},"categories":[2],"tags":[12],"class_list":["post-38354","post","type-post","status-publish","format-standard","has-post-thumbnail","hentry","category-informe-municipal","tag-buenos-aires"],"_links":{"self":[{"href":"http:\/\/argentinamunicipal.com.ar\/argentina\/wp-json\/wp\/v2\/posts\/38354","targetHints":{"allow":["GET"]}}],"collection":[{"href":"http:\/\/argentinamunicipal.com.ar\/argentina\/wp-json\/wp\/v2\/posts"}],"about":[{"href":"http:\/\/argentinamunicipal.com.ar\/argentina\/wp-json\/wp\/v2\/types\/post"}],"author":[{"embeddable":true,"href":"http:\/\/argentinamunicipal.com.ar\/argentina\/wp-json\/wp\/v2\/users\/2"}],"replies":[{"embeddable":true,"href":"http:\/\/argentinamunicipal.com.ar\/argentina\/wp-json\/wp\/v2\/comments?post=38354"}],"version-history":[{"count":0,"href":"http:\/\/argentinamunicipal.com.ar\/argentina\/wp-json\/wp\/v2\/posts\/38354\/revisions"}],"wp:featuredmedia":[{"embeddable":true,"href":"http:\/\/argentinamunicipal.com.ar\/argentina\/wp-json\/wp\/v2\/media\/38355"}],"wp:attachment":[{"href":"http:\/\/argentinamunicipal.com.ar\/argentina\/wp-json\/wp\/v2\/media?parent=38354"}],"wp:term":[{"taxonomy":"category","embeddable":true,"href":"http:\/\/argentinamunicipal.com.ar\/argentina\/wp-json\/wp\/v2\/categories?post=38354"},{"taxonomy":"post_tag","embeddable":true,"href":"http:\/\/argentinamunicipal.com.ar\/argentina\/wp-json\/wp\/v2\/tags?post=38354"}],"curies":[{"name":"wp","href":"https:\/\/api.w.org\/{rel}","templated":true}]}}