{"id":38357,"date":"2015-11-03T07:23:48","date_gmt":"2015-11-03T10:23:48","guid":{"rendered":"http:\/\/argentinamunicipal.com.ar\/argentina\/?p=38357"},"modified":"2015-11-03T07:23:48","modified_gmt":"2015-11-03T10:23:48","slug":"puente-santa-fe-parana-nos-vamos-a-poner-de-acuerdo","status":"publish","type":"post","link":"http:\/\/argentinamunicipal.com.ar\/argentina\/puente-santa-fe-parana-nos-vamos-a-poner-de-acuerdo\/","title":{"rendered":"Puente Santa Fe-Paran\u00e1: \u201cNos vamos a poner de acuerdo\u201d"},"content":{"rendered":"<p><a href=\"http:\/\/argentinamunicipal.com.ar\/argentina\/wp-content\/uploads\/2015\/11\/puente-parana-santa-fe.jpg\"><img loading=\"lazy\" decoding=\"async\" class=\"aligncenter size-full wp-image-38358\" src=\"http:\/\/argentinamunicipal.com.ar\/argentina\/wp-content\/uploads\/2015\/11\/puente-parana-santa-fe.jpg\" alt=\"puente-parana-santa-fe\" width=\"657\" height=\"360\" srcset=\"http:\/\/argentinamunicipal.com.ar\/argentina\/wp-content\/uploads\/2015\/11\/puente-parana-santa-fe.jpg 657w, http:\/\/argentinamunicipal.com.ar\/argentina\/wp-content\/uploads\/2015\/11\/puente-parana-santa-fe-300x164.jpg 300w\" sizes=\"auto, (max-width: 657px) 100vw, 657px\" \/><\/a><br \/>\nLo dijo el intendente Jos\u00e9 Corral, al reunirse con representantes de instituciones santafesinas y entrerrianas que conforman el Foro Biprovincial de Entidades Productivas, para analizar el proyecto de la conexi\u00f3n vial entre ambas ciudades.<\/p>\n<p>Esta ma\u00f1ana, el intendente Jos\u00e9 Corral mantuvo una reuni\u00f3n con representantes del Foro Biprovincial de Entidades Productivas, en la sede de la Delegaci\u00f3n Santa Fe de la C\u00e1mara Argentina de la Construcci\u00f3n (CAC). El encuentro tuvo como objetivo analizar el estado de situaci\u00f3n del proyecto para la obra de conexi\u00f3n vial entre las ciudades de Santa Fe y Paran\u00e1 y conversar sobre las gestiones llevadas adelante ante Vialidad Nacional.<\/p>\n<p>Cabe se\u00f1alar este Foro es un espacio creado recientemente, integrado por instituciones santafesinas y entrerrianas. El mismo est\u00e1 encabezado por las delegaciones Santa Fe y Entre R\u00edos de la CAC; y entre otras instituciones santafesinas lo integran: la Asociaci\u00f3n de Dirigentes de Empresas, la Bolsa de Comercio, la C\u00e1mara de Comercio Exterior, el Centro Comercial, la Sociedad Rural y la Uni\u00f3n Industrial. Por Entre R\u00edos, lo conforman la Bolsa de Cereales, la Bolsa de Comercio, el Consejo Empresario, la Corporaci\u00f3n para el Desarrollo de Paran\u00e1, la Federaci\u00f3n Econ\u00f3mica de Entre R\u00edos y la Uni\u00f3n Industrial.<\/p>\n<p>De la reuni\u00f3n participaron adem\u00e1s del mandatario santafesino, el intendente electo de Paran\u00e1, Sergio Varisco; los secretarios de Planeamiento Urbano del Gobierno de la Ciudad, Eduardo Navarro; y de Obras P\u00fablicas y Recursos H\u00eddricos, Roberto Porta. Tambi\u00e9n estuvieron presentes el presidente de CAC Santa Fe, Roberto Pilatti; y su par de Entre R\u00edos, Ivan Sczechz; el presidente de la Asociaci\u00f3n Argentina de Transportadores de Hacienda, Sergio Borgo; los representantes de la Corporaci\u00f3n para el Desarrollo de Paran\u00e1, Sandra Leiva; de la Bolsa de Cereales de Entre R\u00edos, Federico Solari; y del Consejo Empresario de Entre R\u00edos, Fernando Caviglia; entre otras autoridades y funcionarios.<\/p>\n<p><strong>Acuerdo<\/strong><\/p>\n<p>Minutos antes del encuentro, el intendente Jos\u00e9 Corral expres\u00f3 que la reuni\u00f3n tiene como objetivo \u201cconversar acerca de los criterios para elegir la mejor conexi\u00f3n vial, aprovechando esta decisi\u00f3n de Naci\u00f3n del trabajo de la consultor\u00eda, y a la luz tambi\u00e9n de ideas que se intercambiaron en estas semanas\u201d.<\/p>\n<p>En esa l\u00ednea, el mandatario capitalino asegur\u00f3 que \u201csantafesinos y paranaenses nos vamos a poner de acuerdo, como lo hicimos en el pasado\u201d, al tiempo que record\u00f3 la experiencia del T\u00fanel Subfluvial como \u201cun verdadero ejemplo, no s\u00f3lo de ingenier\u00eda, sino de decisiones de dos provincias, que se hizo a pesar de alguno obst\u00e1culos que la Naci\u00f3n interpuso en su momento\u201d.<\/p>\n<p>En ese sentido y con la decisi\u00f3n del estadio nacional de concretar la conexi\u00f3n vial, Jos\u00e9 Corral, se\u00f1al\u00f3: \u201cVamos a encontrar lo que queremos, que no es s\u00f3lo resolver los problemas de la congesti\u00f3n en algunos puntos de la conexi\u00f3n vial, particularmente el T\u00fanel que tiene su l\u00edmite, el Puente Carretero, la zona de Alem y 27 de Febrero y algunos aspectos urban\u00edsticos en Paran\u00e1; sino que tambi\u00e9n nos traiga nuevas oportunidades de crecimiento, y ojal\u00e1 que permita resolver algunos de los problemas que todav\u00eda tenemos desde el punto de vista h\u00eddrico\u201d.<\/p>\n<p><strong>Coincidencia<\/strong><\/p>\n<p>El mandatario destac\u00f3 la participaci\u00f3n en el encuentro del intendente electo de Paran\u00e1, \u201ccomo una buena oportunidad tambi\u00e9n para abrir las ideas, pensar juntos y encontrar las mejores soluciones\u201d.<\/p>\n<p>Adem\u00e1s, se\u00f1al\u00f3 que \u201ces funci\u00f3n de las comunidades a trav\u00e9s de sus autoridades identificar los criterios que deben seguirse adelante para estas obras de infraestructura. Luego confiamos en los ingenieros y los t\u00e9cnicos, que los tenemos y muy buenos, pero las decisiones m\u00e1s importantes y estrat\u00e9gicas son de las comunidades, que tienen que ser a trav\u00e9s de sus autoridades pol\u00edticas democr\u00e1ticamente elegidas\u201d.<\/p>\n<p>Por su parte, Sergio Varisco, intendente elector de la vecina ciudad, cont\u00f3 que a pesar de no haber asumido, ya han comenzado a analizar el trabajo realizado por la consultora. En ese sentido destac\u00f3 que \u201clo que hemos coincidido con el intendente de la ciudad de Santa Fe, es que debe ser fundamentalmente un puente que una a ambas ciudades y que nos consolide en el Corredor Bioce\u00e1nico\u201d.<\/p>\n<h6>Fuente: Sin Mordaza<\/h6>\n","protected":false},"excerpt":{"rendered":"<p>Lo dijo el intendente Jos\u00e9 Corral, al reunirse con representantes de instituciones santafesinas y entrerrianas que conforman el Foro Biprovincial de Entidades Productivas, para analizar el proyecto de la conexi\u00f3n vial entre ambas ciudades. Esta ma\u00f1ana, el intendente Jos\u00e9 Corral mantuvo una reuni\u00f3n con representantes del Foro Biprovincial de Entidades Productivas, en la sede de<\/p>\n","protected":false},"author":2,"featured_media":38358,"comment_status":"closed","ping_status":"closed","sticky":false,"template":"","format":"standard","meta":{"footnotes":""},"categories":[2],"tags":[17,10],"class_list":["post-38357","post","type-post","status-publish","format-standard","has-post-thumbnail","hentry","category-informe-municipal","tag-entre-rios","tag-santa-fe"],"_links":{"self":[{"href":"http:\/\/argentinamunicipal.com.ar\/argentina\/wp-json\/wp\/v2\/posts\/38357","targetHints":{"allow":["GET"]}}],"collection":[{"href":"http:\/\/argentinamunicipal.com.ar\/argentina\/wp-json\/wp\/v2\/posts"}],"about":[{"href":"http:\/\/argentinamunicipal.com.ar\/argentina\/wp-json\/wp\/v2\/types\/post"}],"author":[{"embeddable":true,"href":"http:\/\/argentinamunicipal.com.ar\/argentina\/wp-json\/wp\/v2\/users\/2"}],"replies":[{"embeddable":true,"href":"http:\/\/argentinamunicipal.com.ar\/argentina\/wp-json\/wp\/v2\/comments?post=38357"}],"version-history":[{"count":0,"href":"http:\/\/argentinamunicipal.com.ar\/argentina\/wp-json\/wp\/v2\/posts\/38357\/revisions"}],"wp:featuredmedia":[{"embeddable":true,"href":"http:\/\/argentinamunicipal.com.ar\/argentina\/wp-json\/wp\/v2\/media\/38358"}],"wp:attachment":[{"href":"http:\/\/argentinamunicipal.com.ar\/argentina\/wp-json\/wp\/v2\/media?parent=38357"}],"wp:term":[{"taxonomy":"category","embeddable":true,"href":"http:\/\/argentinamunicipal.com.ar\/argentina\/wp-json\/wp\/v2\/categories?post=38357"},{"taxonomy":"post_tag","embeddable":true,"href":"http:\/\/argentinamunicipal.com.ar\/argentina\/wp-json\/wp\/v2\/tags?post=38357"}],"curies":[{"name":"wp","href":"https:\/\/api.w.org\/{rel}","templated":true}]}}