{"id":38375,"date":"2015-11-03T07:44:41","date_gmt":"2015-11-03T10:44:41","guid":{"rendered":"http:\/\/argentinamunicipal.com.ar\/argentina\/?p=38375"},"modified":"2015-11-03T07:44:41","modified_gmt":"2015-11-03T10:44:41","slug":"siete-de-cada-diez-argentinos-cree-que-la-economia-se-encuentra-entre-estable-y-buena","status":"publish","type":"post","link":"http:\/\/argentinamunicipal.com.ar\/argentina\/siete-de-cada-diez-argentinos-cree-que-la-economia-se-encuentra-entre-estable-y-buena\/","title":{"rendered":"Siete de cada diez argentinos cree que la econom\u00eda se encuentra entre estable y buena"},"content":{"rendered":"<p><a href=\"http:\/\/argentinamunicipal.com.ar\/argentina\/wp-content\/uploads\/2015\/11\/economia.jpg_35960795.jpg\"><img loading=\"lazy\" decoding=\"async\" class=\"aligncenter size-full wp-image-38376\" src=\"http:\/\/argentinamunicipal.com.ar\/argentina\/wp-content\/uploads\/2015\/11\/economia.jpg_35960795.jpg\" alt=\"economia.jpg_35960795\" width=\"624\" height=\"468\" srcset=\"http:\/\/argentinamunicipal.com.ar\/argentina\/wp-content\/uploads\/2015\/11\/economia.jpg_35960795.jpg 624w, http:\/\/argentinamunicipal.com.ar\/argentina\/wp-content\/uploads\/2015\/11\/economia.jpg_35960795-300x225.jpg 300w\" sizes=\"auto, (max-width: 624px) 100vw, 624px\" \/><\/a><br \/>\nSiete de cada diez personas cree que en la Argentina la econom\u00eda se encuentra entre estable y buena. Eso es lo que muestra un relevamiento del Centro Estrat\u00e9gico para el Crecimiento y Desarrollo Argentino (CECREDA). Tambi\u00e9n un porcentaje importante creen que las condiciones ser\u00e1n similares en 2016.<\/p>\n<p>Esta sensaci\u00f3n \u00a0se da m\u00e1s all\u00e1 de la continuidad con cambios que ha propuesto Daniel Scioli o el giro de 180 grados en materia econ\u00f3mica que ha sugerido Mauricio Macri.<\/p>\n<p>Mientras, los asesores de los dos candidatos presidenciales coinciden en que la restricci\u00f3n cambiaria es la principal distorsi\u00f3n a atender una vez que asuman el poder, pero no la \u00fanica. \u201cCorregiremos lo que haya que cambiar, pero sobre los fundamentos de este modelo de defensa del mercado interno, con los 40 millones de personas adentro\u201d, ha dicho Daniel Scioli.<\/p>\n<p>Macri, por su parte, prometi\u00f3 terminar con el cepo en un d\u00eda: \u201cEl 11 de diciembre se termina el cepo cambiario y volvemos a un esquema de libre flotaci\u00f3n del tipo de cambio\u201d.<\/p>\n<p>Los dos candidatos consideran que una normalizaci\u00f3n del mercado de cambios ser\u00e1 imposible sin un fuerte ingreso de capitales que la Argentina tiene por ahora pr\u00e1cticamente vedado. Para lograrlo, Scioli apuntar\u00eda a un amplio blanqueo de capitales capaz de atraer al menos U$S 8.000 millones en una primera etapa, hasta completar los U$S 30.000 millones cuando concluya el 2016.<\/p>\n<p>Incluso, el candidato prometi\u00f3 que durante su eventual administraci\u00f3n lograr\u00e1 hacer ingresar al pa\u00eds unos U$S30.000 millones anuales, en buena medida destinados a las obras de infraestructura planificadas.<\/p>\n<p>Del lado de Macri, el postulante considera que le ser\u00e1 posible \u00a0una r\u00e1pida salida del cepo por su hist\u00f3rica relaci\u00f3n con los mercados, que ahora tienen sus expectativas puestas en un balotaje. Pero para que esos fondos arriben el pa\u00eds el l\u00edder de Cambiemos sabe \u00a0que deber\u00eda eliminar todas las barreras impuestas por el gobierno actual.<\/p>\n<p>De acuerdo con esta encuesta, 37% de los entrevistados consider\u00f3 que la situaci\u00f3n econ\u00f3mica actual es estable y un 36,1% expres\u00f3 que es buena.<\/p>\n<p>S\u00f3lo el 16,5% de las personas entrevistadas manifest\u00f3 que la situaci\u00f3n econ\u00f3mica es mala.<\/p>\n<p>Seg\u00fan el estudio, el 42,3% de los encuestados, en particular y su familia en general, mantiene en la actualidad una situaci\u00f3n econ\u00f3mica igual a la del 2014. Un 30,9% indic\u00f3 que es favorable respecto de la \u00a0del a\u00f1o pasado, y el 25% restante manifest\u00f3 que su situaci\u00f3n econ\u00f3mica es inferior.<\/p>\n<p>El relevamiento que alcanz\u00f3 a 2.910 personas registr\u00f3 que al ser consultadas sobre la situaci\u00f3n econ\u00f3mica, entre los que se encuentran bajo relaci\u00f3n de dependencia el 43,8% la calific\u00f3 de estable respecto del 2014; un 33,1% manifest\u00f3 que es buena y un 15% dijo que es excelente, mientras que un 12,5% la calific\u00f3 de mala y el 3,1% de muy mala.<\/p>\n<p>Entre los que trabajan de manera aut\u00f3noma, un 43,1% cree que la situaci\u00f3n es buena, para un 30,3% es estable y para el 5,5% excelente, mientras que el 17,4% ven una situaci\u00f3n econ\u00f3mica mala y un 2,8% muy mala, de acuerdo con el sondeo de CECREDA.<\/p>\n<p><strong>El nuevo escenario \u00a0<\/strong><\/p>\n<p>En cuanto a las expectativas generales para el pr\u00f3ximo a\u00f1o, los encuestados dividieron sus pron\u00f3sticos entre una positiva, de \u00a0crecimiento con un 28,9% y una expectativa de estancamiento con un 29,6%.<\/p>\n<p>La encuesta indag\u00f3 sobre las percepciones econ\u00f3micas para el a\u00f1o pr\u00f3ximo y registr\u00f3 que el 44,7% expres\u00f3 que su situaci\u00f3n permanecer\u00e1 igual que este a\u00f1o, otro 36,8% percibi\u00f3 que tendr\u00e1 una mejor ubicaci\u00f3n dentro de la estructura econ\u00f3mica y el 13,7% proyecta una peor situaci\u00f3n que la actual.<\/p>\n<p>Tal vez uno de los relevantes de cara al futuro tenga que ver que \u00a044% de los encuestados consider\u00f3 que se generar\u00e1 una \u00a0continuidad en la econom\u00eda: solo visualizan algunas modificaciones en aspectos \u00a0monetarios y cambiarios.<\/p>\n<p>Otro 28,9% asegur\u00f3 que, inevitablemente, se producir\u00e1 un \u00a0cambio del modelo econ\u00f3mico y un 23,4% opin\u00f3 que habr\u00e1 una continuidad \u00a0sin cambios.<\/p>\n<p>Mientras tanto, la clase media contin\u00faa gastando con los planes Ahora 12, que ya superaron los $35.000 millones en ventas. Por ahora, no parecen figurar en la agenda de la opini\u00f3n p\u00fablica el d\u00e9ficit fiscal, la ca\u00edda de reservas, la p\u00e9rdida del super\u00e1vit comercial, la todav\u00eda elevada inflaci\u00f3n ni las complicaciones \u00a0que afectan al aparato fabril.<\/p>\n<h6>Fuente: Uno, Mendoza<\/h6>\n","protected":false},"excerpt":{"rendered":"<p>Siete de cada diez personas cree que en la Argentina la econom\u00eda se encuentra entre estable y buena. Eso es lo que muestra un relevamiento del Centro Estrat\u00e9gico para el Crecimiento y Desarrollo Argentino (CECREDA). Tambi\u00e9n un porcentaje importante creen que las condiciones ser\u00e1n similares en 2016. Esta sensaci\u00f3n \u00a0se da m\u00e1s all\u00e1 de la<\/p>\n","protected":false},"author":2,"featured_media":38376,"comment_status":"closed","ping_status":"closed","sticky":false,"template":"","format":"standard","meta":{"footnotes":""},"categories":[8],"tags":[21],"class_list":["post-38375","post","type-post","status-publish","format-standard","has-post-thumbnail","hentry","category-informe-nacional","tag-argentina"],"_links":{"self":[{"href":"http:\/\/argentinamunicipal.com.ar\/argentina\/wp-json\/wp\/v2\/posts\/38375","targetHints":{"allow":["GET"]}}],"collection":[{"href":"http:\/\/argentinamunicipal.com.ar\/argentina\/wp-json\/wp\/v2\/posts"}],"about":[{"href":"http:\/\/argentinamunicipal.com.ar\/argentina\/wp-json\/wp\/v2\/types\/post"}],"author":[{"embeddable":true,"href":"http:\/\/argentinamunicipal.com.ar\/argentina\/wp-json\/wp\/v2\/users\/2"}],"replies":[{"embeddable":true,"href":"http:\/\/argentinamunicipal.com.ar\/argentina\/wp-json\/wp\/v2\/comments?post=38375"}],"version-history":[{"count":0,"href":"http:\/\/argentinamunicipal.com.ar\/argentina\/wp-json\/wp\/v2\/posts\/38375\/revisions"}],"wp:featuredmedia":[{"embeddable":true,"href":"http:\/\/argentinamunicipal.com.ar\/argentina\/wp-json\/wp\/v2\/media\/38376"}],"wp:attachment":[{"href":"http:\/\/argentinamunicipal.com.ar\/argentina\/wp-json\/wp\/v2\/media?parent=38375"}],"wp:term":[{"taxonomy":"category","embeddable":true,"href":"http:\/\/argentinamunicipal.com.ar\/argentina\/wp-json\/wp\/v2\/categories?post=38375"},{"taxonomy":"post_tag","embeddable":true,"href":"http:\/\/argentinamunicipal.com.ar\/argentina\/wp-json\/wp\/v2\/tags?post=38375"}],"curies":[{"name":"wp","href":"https:\/\/api.w.org\/{rel}","templated":true}]}}