{"id":38481,"date":"2015-11-04T08:21:55","date_gmt":"2015-11-04T11:21:55","guid":{"rendered":"http:\/\/argentinamunicipal.com.ar\/argentina\/?p=38481"},"modified":"2015-11-04T08:21:55","modified_gmt":"2015-11-04T11:21:55","slug":"expo-rio-2015-rosario-del-5-al-8-de-noviembre","status":"publish","type":"post","link":"http:\/\/argentinamunicipal.com.ar\/argentina\/expo-rio-2015-rosario-del-5-al-8-de-noviembre\/","title":{"rendered":"Expo R\u00edo 2015, Rosario del 5 al 8 de noviembre"},"content":{"rendered":"<p><a href=\"http:\/\/argentinamunicipal.com.ar\/argentina\/wp-content\/uploads\/2015\/11\/DEFINITIVO-ENCABEZADO-e1446636076923.jpg\"><img loading=\"lazy\" decoding=\"async\" class=\"aligncenter wp-image-38482 size-full\" src=\"http:\/\/argentinamunicipal.com.ar\/argentina\/wp-content\/uploads\/2015\/11\/DEFINITIVO-ENCABEZADO-e1446636076923.jpg\" alt=\"\" width=\"1200\" height=\"354\" srcset=\"http:\/\/argentinamunicipal.com.ar\/argentina\/wp-content\/uploads\/2015\/11\/DEFINITIVO-ENCABEZADO-e1446636076923.jpg 1200w, http:\/\/argentinamunicipal.com.ar\/argentina\/wp-content\/uploads\/2015\/11\/DEFINITIVO-ENCABEZADO-e1446636076923-300x89.jpg 300w, http:\/\/argentinamunicipal.com.ar\/argentina\/wp-content\/uploads\/2015\/11\/DEFINITIVO-ENCABEZADO-e1446636076923-1024x302.jpg 1024w\" sizes=\"auto, (max-width: 1200px) 100vw, 1200px\" \/><\/a><br \/>\nTendr\u00e1 lugar en Puerto Ludue\u00f1a del 5 al 8 de noviembre pr\u00f3ximos.<\/p>\n<p>La feria n\u00e1utica y gastron\u00f3mica Expo R\u00edo 2015, que tendr\u00e1 lugar en Puerto Ludue\u00f1a en noviembre pr\u00f3ximo, avanza en su organizaci\u00f3n con la licitaci\u00f3n de los stands y una serie de actividades n\u00e1uticas confirmadas.<\/p>\n<p>La exposici\u00f3n se llevar\u00e1 adelante entre el 5 y el 8 de noviembre pr\u00f3ximos y busca conjugar en un mismo espacio todas las actividades comerciales relacionadas con la n\u00e1utica. La organizaci\u00f3n, a cargo de la C\u00e1mara N\u00e1utica de Rosario, pretende instalar en el mercado todas las variantes para el aprovechamiento del r\u00edo y la zona costera de Rosario de cara al pr\u00f3ximo verano.<\/p>\n<p>Dentro de la organizaci\u00f3n, este jueves se licitaron los stands que estar\u00e1n relacionados con actividades de pesca, hoteler\u00eda, turismo, gastronom\u00eda y deportes n\u00e1uticos. La intenci\u00f3n es que los visitantes encuentren la posibilidad de incorporarse al segmento de la poblaci\u00f3n vinculada con el r\u00edo en el verano y ofrecer productos atractivos a aquellos que hacen de la costa su lugar preferido en \u00e9poca estival.<\/p>\n<p>Como parte del programa ya est\u00e1n confirmadas demostraciones en ski, wakeboard, remo, kayak y prueba de embarcaciones, adem\u00e1s de muestras fotogr\u00e1ficas, espect\u00e1culos musicales y variedad de gastronom\u00eda.<\/p>\n<p>Seg\u00fan estiman, este verano ser\u00e1 r\u00e9cord en Rosario en cuanto a las actividades n\u00e1uticas y a la cantidad y variedad de embarcaciones como as\u00ed tambi\u00e9n en cuanto a las atracciones en la zona de islas frente a la ciudad.<\/p>\n<h6>Fuente: Sin Mordaza<\/h6>\n","protected":false},"excerpt":{"rendered":"<p>Tendr\u00e1 lugar en Puerto Ludue\u00f1a del 5 al 8 de noviembre pr\u00f3ximos. La feria n\u00e1utica y gastron\u00f3mica Expo R\u00edo 2015, que tendr\u00e1 lugar en Puerto Ludue\u00f1a en noviembre pr\u00f3ximo, avanza en su organizaci\u00f3n con la licitaci\u00f3n de los stands y una serie de actividades n\u00e1uticas confirmadas. La exposici\u00f3n se llevar\u00e1 adelante entre el 5 y<\/p>\n","protected":false},"author":2,"featured_media":38483,"comment_status":"closed","ping_status":"closed","sticky":false,"template":"","format":"standard","meta":{"footnotes":""},"categories":[47],"tags":[10],"class_list":["post-38481","post","type-post","status-publish","format-standard","has-post-thumbnail","hentry","category-fiestas","tag-santa-fe"],"_links":{"self":[{"href":"http:\/\/argentinamunicipal.com.ar\/argentina\/wp-json\/wp\/v2\/posts\/38481","targetHints":{"allow":["GET"]}}],"collection":[{"href":"http:\/\/argentinamunicipal.com.ar\/argentina\/wp-json\/wp\/v2\/posts"}],"about":[{"href":"http:\/\/argentinamunicipal.com.ar\/argentina\/wp-json\/wp\/v2\/types\/post"}],"author":[{"embeddable":true,"href":"http:\/\/argentinamunicipal.com.ar\/argentina\/wp-json\/wp\/v2\/users\/2"}],"replies":[{"embeddable":true,"href":"http:\/\/argentinamunicipal.com.ar\/argentina\/wp-json\/wp\/v2\/comments?post=38481"}],"version-history":[{"count":0,"href":"http:\/\/argentinamunicipal.com.ar\/argentina\/wp-json\/wp\/v2\/posts\/38481\/revisions"}],"wp:featuredmedia":[{"embeddable":true,"href":"http:\/\/argentinamunicipal.com.ar\/argentina\/wp-json\/wp\/v2\/media\/38483"}],"wp:attachment":[{"href":"http:\/\/argentinamunicipal.com.ar\/argentina\/wp-json\/wp\/v2\/media?parent=38481"}],"wp:term":[{"taxonomy":"category","embeddable":true,"href":"http:\/\/argentinamunicipal.com.ar\/argentina\/wp-json\/wp\/v2\/categories?post=38481"},{"taxonomy":"post_tag","embeddable":true,"href":"http:\/\/argentinamunicipal.com.ar\/argentina\/wp-json\/wp\/v2\/tags?post=38481"}],"curies":[{"name":"wp","href":"https:\/\/api.w.org\/{rel}","templated":true}]}}