{"id":38488,"date":"2015-11-05T07:10:12","date_gmt":"2015-11-05T10:10:12","guid":{"rendered":"http:\/\/argentinamunicipal.com.ar\/argentina\/?p=38488"},"modified":"2015-11-05T07:10:12","modified_gmt":"2015-11-05T10:10:12","slug":"conectar-igualdad-ya-llego-a-todas-las-escuelas-del-pais","status":"publish","type":"post","link":"http:\/\/argentinamunicipal.com.ar\/argentina\/conectar-igualdad-ya-llego-a-todas-las-escuelas-del-pais\/","title":{"rendered":"Conectar Igualdad ya lleg\u00f3 a todas las escuelas del pa\u00eds"},"content":{"rendered":"<p><a href=\"http:\/\/argentinamunicipal.com.ar\/argentina\/wp-content\/uploads\/2015\/11\/00001302.png\"><img loading=\"lazy\" decoding=\"async\" class=\"aligncenter  wp-image-38489\" src=\"http:\/\/argentinamunicipal.com.ar\/argentina\/wp-content\/uploads\/2015\/11\/00001302.png\" alt=\"00001302\" width=\"692\" height=\"409\" srcset=\"http:\/\/argentinamunicipal.com.ar\/argentina\/wp-content\/uploads\/2015\/11\/00001302.png 1024w, http:\/\/argentinamunicipal.com.ar\/argentina\/wp-content\/uploads\/2015\/11\/00001302-300x177.png 300w\" sizes=\"auto, (max-width: 692px) 100vw, 692px\" \/><\/a><br \/>\nConectar Igualdad reparti\u00f3 las netbooks a docentes y alumnos de escuelas secundarias, de Educaci\u00f3n Especial e Institutos de Formaci\u00f3n Docente de todo el pa\u00eds, \u00abtransform\u00e1ndose en una pol\u00edtica de inclusi\u00f3n digital de alcance federal\u00bb, remarc\u00f3 Bossio a trav\u00e9s de un comunicado.<\/p>\n<p>El programa fue anunciado por la presidenta Cristina Fern\u00e1ndez de Kirchner en abril de 2010, y gener\u00f3 \u00abuna aut\u00e9ntica revoluci\u00f3n educativa al achicar la brecha digital\u00bb, indic\u00f3 el funcionario.<\/p>\n<p>\u201cUna pol\u00edtica de Estado como lo es Conectar Igualdad tiene continuidad e impacta en la vida diaria tanto de la comunidad educativa como de las familias argentinas, porque a lo largo de estos cinco a\u00f1os esas netbooks se usan en el aula y en las casas\u00bb, celebr\u00f3 el directivo y agreg\u00f3 que \u00abcumple su rol de igualdad social, porque el mismo equipo lo reciben en todas partes del pa\u00eds\u00bb.<\/p>\n<p>Bossio enfatiz\u00f3 la importancia de \u00abla continuidad de este programa, porque todos los a\u00f1os se suman nuevos j\u00f3venes a la matr\u00edcula escolar\u201d.<\/p>\n<p>Conectar Igualdad tiene como objetivos garantizar el acceso de todos los j\u00f3venes a las nuevas tecnolog\u00edas y construir una mejor calidad de ense\u00f1anza en la escuela; y por ello se forma con tres componentes imprescindibles para acortar la brecha digital: acceso, contenidos y capacitaci\u00f3n.<\/p>\n<p>De las 5.314.950 de computadoras repartidas en 11.573 establecimientos, 8167 fueron destinadas a escuelas secundarias, 1398 a escuelas t\u00e9cnicas, 681 a Institutos de Formaci\u00f3n Docente, 82 a instituciones hospitalarias y 1245 a Escuelas de Educaci\u00f3n Especial.<\/p>\n<p>En tanto, las cinco provincias argentinas con mayor cantidad de netbooks entregadas son Buenos Aires (1.959.231), C\u00f3rdoba (345.691), Santa Fe (317.787), Tucum\u00e1n (230.647) y Mendoza (226.067).<\/p>\n<p>El programa instala en las escuelas un piso tecnol\u00f3gico que vincula a todas las netbooks entre s\u00ed con un servidor centralizado, con el prop\u00f3sito tanto de asegurar la seguridad de las computadoras como de compartir sus contenidos y aplicaciones entre los docentes y estudiantes.<\/p>\n<p>Ya hay 1207 escuelas de educaci\u00f3n especial equipadas con kits de tecnolog\u00eda adaptativa, que son dispositivos que incluyen impresora Braille, impresora multifunci\u00f3n, brazo articulado, proyector, pantalla, mouse activado por botones, switch pulsador grande y pulsador peque\u00f1o y teclado con protector de acr\u00edlico.<\/p>\n<h6>Fuente: T\u00e9lam<\/h6>\n","protected":false},"excerpt":{"rendered":"<p>Conectar Igualdad reparti\u00f3 las netbooks a docentes y alumnos de escuelas secundarias, de Educaci\u00f3n Especial e Institutos de Formaci\u00f3n Docente de todo el pa\u00eds, \u00abtransform\u00e1ndose en una pol\u00edtica de inclusi\u00f3n digital de alcance federal\u00bb, remarc\u00f3 Bossio a trav\u00e9s de un comunicado. El programa fue anunciado por la presidenta Cristina Fern\u00e1ndez de Kirchner en abril de<\/p>\n","protected":false},"author":2,"featured_media":38489,"comment_status":"closed","ping_status":"closed","sticky":false,"template":"","format":"standard","meta":{"footnotes":""},"categories":[8],"tags":[21],"class_list":["post-38488","post","type-post","status-publish","format-standard","has-post-thumbnail","hentry","category-informe-nacional","tag-argentina"],"_links":{"self":[{"href":"http:\/\/argentinamunicipal.com.ar\/argentina\/wp-json\/wp\/v2\/posts\/38488","targetHints":{"allow":["GET"]}}],"collection":[{"href":"http:\/\/argentinamunicipal.com.ar\/argentina\/wp-json\/wp\/v2\/posts"}],"about":[{"href":"http:\/\/argentinamunicipal.com.ar\/argentina\/wp-json\/wp\/v2\/types\/post"}],"author":[{"embeddable":true,"href":"http:\/\/argentinamunicipal.com.ar\/argentina\/wp-json\/wp\/v2\/users\/2"}],"replies":[{"embeddable":true,"href":"http:\/\/argentinamunicipal.com.ar\/argentina\/wp-json\/wp\/v2\/comments?post=38488"}],"version-history":[{"count":0,"href":"http:\/\/argentinamunicipal.com.ar\/argentina\/wp-json\/wp\/v2\/posts\/38488\/revisions"}],"wp:featuredmedia":[{"embeddable":true,"href":"http:\/\/argentinamunicipal.com.ar\/argentina\/wp-json\/wp\/v2\/media\/38489"}],"wp:attachment":[{"href":"http:\/\/argentinamunicipal.com.ar\/argentina\/wp-json\/wp\/v2\/media?parent=38488"}],"wp:term":[{"taxonomy":"category","embeddable":true,"href":"http:\/\/argentinamunicipal.com.ar\/argentina\/wp-json\/wp\/v2\/categories?post=38488"},{"taxonomy":"post_tag","embeddable":true,"href":"http:\/\/argentinamunicipal.com.ar\/argentina\/wp-json\/wp\/v2\/tags?post=38488"}],"curies":[{"name":"wp","href":"https:\/\/api.w.org\/{rel}","templated":true}]}}