{"id":38510,"date":"2015-11-05T07:32:06","date_gmt":"2015-11-05T10:32:06","guid":{"rendered":"http:\/\/argentinamunicipal.com.ar\/argentina\/?p=38510"},"modified":"2015-11-05T07:32:06","modified_gmt":"2015-11-05T10:32:06","slug":"el-intendente-de-santa-fe-diserto-en-el-foro-global-para-el-desarrollo-sostenible","status":"publish","type":"post","link":"http:\/\/argentinamunicipal.com.ar\/argentina\/el-intendente-de-santa-fe-diserto-en-el-foro-global-para-el-desarrollo-sostenible\/","title":{"rendered":"El Intendente de Santa Fe\u00a0disert\u00f3 en el Foro Global para el Desarrollo Sostenible"},"content":{"rendered":"<p><a href=\"http:\/\/argentinamunicipal.com.ar\/argentina\/wp-content\/uploads\/2015\/11\/Foro1.JPG_973718260.jpg\"><img loading=\"lazy\" decoding=\"async\" class=\"aligncenter  wp-image-38511\" src=\"http:\/\/argentinamunicipal.com.ar\/argentina\/wp-content\/uploads\/2015\/11\/Foro1.JPG_973718260.jpg\" alt=\"Foro1.JPG_973718260\" width=\"638\" height=\"445\" srcset=\"http:\/\/argentinamunicipal.com.ar\/argentina\/wp-content\/uploads\/2015\/11\/Foro1.JPG_973718260.jpg 789w, http:\/\/argentinamunicipal.com.ar\/argentina\/wp-content\/uploads\/2015\/11\/Foro1.JPG_973718260-300x209.jpg 300w\" sizes=\"auto, (max-width: 638px) 100vw, 638px\" \/><\/a><br \/>\nEl mandatario disert\u00f3 en el panel \u201cFin de la pobreza y el hambre. Seres humanos con dignidad e igualdad. Ambiente saludable\u201d. Los ejes de su exposici\u00f3n fueron los Jardines Municipales y los Programa Urbano Integral (PUI).<\/p>\n<p>El intendente Jos\u00e9 Corral particip\u00f3 este mi\u00e9rcoles en Rosario del primer Foro Global para el Desarrollo Sostenible, organizado por la Universidad Nacional de Rosario (UNR). La jornada se desarroll\u00f3 en el Espacio Cultural Universitario, y a trav\u00e9s de los distintos paneles organizados en segmentos tem\u00e1ticos, se abordaron parte de los Objetivos de Desarrollo Sostenible establecidos en el marco de la Organizaci\u00f3n de Naciones Unidas (ONU) para los pr\u00f3ximos 15 a\u00f1os con el fin de: erradicar la pobreza extrema; combatir la desigualdad y la injusticia, y solucionar el cambio clim\u00e1tico.<\/p>\n<p>El mandatario santafesino disert\u00f3 en el panel \u201cFin de la pobreza y el hambre. Seres humanos con dignidad e igualdad. Ambiente saludable\u201d. En este marco, expuso acerca de dos pol\u00edticas llevadas adelante por el Gobierno de la Ciudad: los Jardines Municipales y los Programa Urbano Integral (PUI).<\/p>\n<p>Especialmente invitado por los organizadores, el Corral particip\u00f3 junto a destacados expositores locales, nacionales e internacionales, que abordaron temas como la lucha contra la desigualdad y la mejora de las ciudades y las infraestructuras, entre otros. El evento estuvo dirigido a acad\u00e9micos, funcionarios, empresarios, cooperativistas, investigadores, profesionales y p\u00fablico en general.<\/p>\n<p><strong>Equidad Social<\/strong><\/p>\n<p>Al momento de la exposici\u00f3n, el intendente Corral present\u00f3 a los jardines municipales y a los PUI como herramientas para la equidad social. En este sentido, detall\u00f3 que \u201cestas iniciativas buscan una atenci\u00f3n integral de las necesidades en los barrios m\u00e1s postergados y educaci\u00f3n gratuita y de calidad para todos los ni\u00f1os y ni\u00f1as de la ciudad\u201d.<\/p>\n<p>Asimismo, sostuvo que los PUI constituyen \u201cuna nueva forma de gesti\u00f3n del territorio que tienen como objetivo responder a necesidades concretas de los vecinos en los barrios m\u00e1s carenciados\u201d. Entre sus caracter\u00edsticas indic\u00f3: la integralidad, debido a que atiende problem\u00e1ticas relacionadas a la infraestructura f\u00edsica, salud, educaci\u00f3n, empleo; la transversalidad porque todas las Secretar\u00edas confluyen en el trabajo en el territorio para dar respuesta a las necesidades concretas de cada lugar; y la dependencia directa del Ejecutivo, lo que agiliza el trabajo y permite establecer prioridades.<\/p>\n<p>En cuanto a las intervenciones que se realizaron y realizan en el marco de los PUI, el mandatario enumer\u00f3 las obras que se destacan en el PUI Noreste, Oeste y Santa Rosa de Lima. Entre ellas se encuentran cord\u00f3n cuneta, iluminaci\u00f3n, pavimento articulado, ampliaci\u00f3n de la red de agua potable, desag\u00fces; y tambi\u00e9n, los Jardines Municipales Coronel Dorrego, Pro Mejoras Barranquitas y Barranquitas Sur, el edificio de la Comisar\u00eda N\u00b028, la regularizacion dominial, la construcci\u00f3n de viviendas.<\/p>\n<p><strong>Educaci\u00f3n gratuita y de calidad<\/strong><\/p>\n<p>Con respecto a la experiencia de los Jardines Municipales, el mandatario dijo que se trata de un \u201cproyecto de inclusi\u00f3n social que apunta a que todos los ni\u00f1os y ni\u00f1as de la ciudad puedan acceder a una educaci\u00f3n gratuita y de calidad\u201d. Corral tambi\u00e9n afirm\u00f3 que se acompa\u00f1a a todo el grupo familiar con talleres sobre salud, higiene, alimentaci\u00f3n.<\/p>\n<p>El intendente destac\u00f3 adem\u00e1s las oportunidades de empleo que se generaron en torno a estos lugares y habl\u00f3 de la Cooperativa de Madres Historias con Hilos. \u201cDesde los jardines, tambi\u00e9n, se acompa\u00f1a a la comunidad en todas las problem\u00e1ticas sociales que puedan surgir en el barrio\u201d, agreg\u00f3.<\/p>\n<h6>Fuente: Sin Mordaza<\/h6>\n","protected":false},"excerpt":{"rendered":"<p>El mandatario disert\u00f3 en el panel \u201cFin de la pobreza y el hambre. Seres humanos con dignidad e igualdad. Ambiente saludable\u201d. Los ejes de su exposici\u00f3n fueron los Jardines Municipales y los Programa Urbano Integral (PUI). El intendente Jos\u00e9 Corral particip\u00f3 este mi\u00e9rcoles en Rosario del primer Foro Global para el Desarrollo Sostenible, organizado por<\/p>\n","protected":false},"author":2,"featured_media":38511,"comment_status":"closed","ping_status":"closed","sticky":false,"template":"","format":"standard","meta":{"footnotes":""},"categories":[2],"tags":[10],"class_list":["post-38510","post","type-post","status-publish","format-standard","has-post-thumbnail","hentry","category-informe-municipal","tag-santa-fe"],"_links":{"self":[{"href":"http:\/\/argentinamunicipal.com.ar\/argentina\/wp-json\/wp\/v2\/posts\/38510","targetHints":{"allow":["GET"]}}],"collection":[{"href":"http:\/\/argentinamunicipal.com.ar\/argentina\/wp-json\/wp\/v2\/posts"}],"about":[{"href":"http:\/\/argentinamunicipal.com.ar\/argentina\/wp-json\/wp\/v2\/types\/post"}],"author":[{"embeddable":true,"href":"http:\/\/argentinamunicipal.com.ar\/argentina\/wp-json\/wp\/v2\/users\/2"}],"replies":[{"embeddable":true,"href":"http:\/\/argentinamunicipal.com.ar\/argentina\/wp-json\/wp\/v2\/comments?post=38510"}],"version-history":[{"count":0,"href":"http:\/\/argentinamunicipal.com.ar\/argentina\/wp-json\/wp\/v2\/posts\/38510\/revisions"}],"wp:featuredmedia":[{"embeddable":true,"href":"http:\/\/argentinamunicipal.com.ar\/argentina\/wp-json\/wp\/v2\/media\/38511"}],"wp:attachment":[{"href":"http:\/\/argentinamunicipal.com.ar\/argentina\/wp-json\/wp\/v2\/media?parent=38510"}],"wp:term":[{"taxonomy":"category","embeddable":true,"href":"http:\/\/argentinamunicipal.com.ar\/argentina\/wp-json\/wp\/v2\/categories?post=38510"},{"taxonomy":"post_tag","embeddable":true,"href":"http:\/\/argentinamunicipal.com.ar\/argentina\/wp-json\/wp\/v2\/tags?post=38510"}],"curies":[{"name":"wp","href":"https:\/\/api.w.org\/{rel}","templated":true}]}}