{"id":38513,"date":"2015-11-05T07:34:35","date_gmt":"2015-11-05T10:34:35","guid":{"rendered":"http:\/\/argentinamunicipal.com.ar\/argentina\/?p=38513"},"modified":"2015-11-05T07:34:35","modified_gmt":"2015-11-05T10:34:35","slug":"nueva-ordenanza-sobre-discapacidad-en-rosario","status":"publish","type":"post","link":"http:\/\/argentinamunicipal.com.ar\/argentina\/nueva-ordenanza-sobre-discapacidad-en-rosario\/","title":{"rendered":"Nueva ordenanza sobre discapacidad en Rosario"},"content":{"rendered":"<p><a href=\"http:\/\/argentinamunicipal.com.ar\/argentina\/wp-content\/uploads\/2015\/11\/127644_rosario.jpg\"><img loading=\"lazy\" decoding=\"async\" class=\"aligncenter size-full wp-image-38514\" src=\"http:\/\/argentinamunicipal.com.ar\/argentina\/wp-content\/uploads\/2015\/11\/127644_rosario.jpg\" alt=\"127644_rosario\" width=\"544\" height=\"268\" srcset=\"http:\/\/argentinamunicipal.com.ar\/argentina\/wp-content\/uploads\/2015\/11\/127644_rosario.jpg 544w, http:\/\/argentinamunicipal.com.ar\/argentina\/wp-content\/uploads\/2015\/11\/127644_rosario-300x148.jpg 300w\" sizes=\"auto, (max-width: 544px) 100vw, 544px\" \/><\/a><br \/>\nEl anteproyecto, elaborado junto a organizaciones que integran el Consejo de Discapacidad, prev\u00e9 instituir nuevos derechos y m\u00e1s herramientas al municipio para un acompa\u00f1amiento integral.<\/p>\n<p>La intendenta M\u00f3nica Fein present\u00f3 el martes 27 de octubre el proyecto destinado a modificar la ordenanza 3745, en la que se contemplan las pol\u00edticas p\u00fablicas en torno a la tem\u00e1tica de la discapacidad, durante un acto que tuvo lugar en el sal\u00f3n Carrasco del Palacio Municipal (Buenos Aires 711) con la presencia de la directora de Inclusi\u00f3n municipal, Adriana Ciarlantini, y referentes de las organizaciones que integran el Consejo de Discapacidad y que participaron de la elaboraci\u00f3n de la iniciativa.<\/p>\n<p>El proyecto presentado en la oportunidad, que ser\u00e1 enviado al Concejo a la brevedad para su tratamiento, tiene por objetivo avanzar hacia pol\u00edticas m\u00e1s integrales tomando los conceptos, principios y objetivos que se desprenden de la Convenci\u00f3n de Derechos Humanos sobre las personas con discapacidad. De concretarse su aprobaci\u00f3n, Rosario ser\u00e1 la primera ciudad del pa\u00eds en poner su normativa en sinton\u00eda con los acuerdos internacionales sobre la tem\u00e1tica.<\/p>\n<p>En este sentido, M\u00f3nica Fein destac\u00f3 el trabajo realizado desde el municipio para acompa\u00f1ar el desarrollo de las personas con discapacidad y resalt\u00f3 la necesidad de adecuar las normas a las nuevas concepciones para garantizar no solamente el derecho a la salud y a la prevenci\u00f3n sino otros relacionados con \u00abla movilidad, el trabajo, la ocupaci\u00f3n del espacio p\u00fablico y tambi\u00e9n el derecho a la creaci\u00f3n, a la cultura y al deporte\u00bb. Se\u00f1al\u00f3 que, de aprobarse, la nueva ordenanza le brindar\u00e1 mayor variedad de herramientas al municipio para asistir con becas y otras alternativas a los actores involucrados.<\/p>\n<p>\u00abRosario ya era pionera con la ordenanza que tiene, que la verdad es que pensaba mucho en la salud de las personas con discapacidad. Hoy estamos enviando una ordenanza que incluye todos los derechos, para que el municipio pueda profundizar el acompa\u00f1amiento, becar y promover a\u00fan m\u00e1s la inclusi\u00f3n\u00bb, sostuvo.<\/p>\n<p>Por su parte, Adriana Ciarlantini destac\u00f3 la importancia de la nueva normativa y la participaci\u00f3n de distintas organizaciones para lograrla. \u00abCon este nuevo paradigma tenemos que poder garantizar todos los derechos\u00bb, sostuvo la funcionaria, que tambi\u00e9n hizo un repaso sobre las distintas medidas llevadas adelante en la Municipalidad de Rosario en consonancia con lo que sostiene este nuevo proyecto.<\/p>\n<p>En la ocasi\u00f3n, tambi\u00e9n se distingui\u00f3 a las organizaciones que aportaron en la elaboraci\u00f3n del nuevo cuerpo normativo. Entre ellas se encontraban Carlos Colere (Mucar), Lina Costanzo (Etnade), Noem\u00ed Sacchi (A Vida), Nilda Rossi (Applir), Claudio Halcovich (Sin Barreras) y M\u00f3nica Miras (NOB). La intendenta tambi\u00e9n aprovech\u00f3 la oportunidad para entregarle un nuevo acorde\u00f3n a modo de obsequio al joven m\u00fasico no vidente Nahuel Aloma.<\/p>\n<h6>Fuente: Sin Mordaza<\/h6>\n","protected":false},"excerpt":{"rendered":"<p>El anteproyecto, elaborado junto a organizaciones que integran el Consejo de Discapacidad, prev\u00e9 instituir nuevos derechos y m\u00e1s herramientas al municipio para un acompa\u00f1amiento integral. La intendenta M\u00f3nica Fein present\u00f3 el martes 27 de octubre el proyecto destinado a modificar la ordenanza 3745, en la que se contemplan las pol\u00edticas p\u00fablicas en torno a la<\/p>\n","protected":false},"author":2,"featured_media":38514,"comment_status":"closed","ping_status":"closed","sticky":false,"template":"","format":"standard","meta":{"footnotes":""},"categories":[2],"tags":[10],"class_list":["post-38513","post","type-post","status-publish","format-standard","has-post-thumbnail","hentry","category-informe-municipal","tag-santa-fe"],"_links":{"self":[{"href":"http:\/\/argentinamunicipal.com.ar\/argentina\/wp-json\/wp\/v2\/posts\/38513","targetHints":{"allow":["GET"]}}],"collection":[{"href":"http:\/\/argentinamunicipal.com.ar\/argentina\/wp-json\/wp\/v2\/posts"}],"about":[{"href":"http:\/\/argentinamunicipal.com.ar\/argentina\/wp-json\/wp\/v2\/types\/post"}],"author":[{"embeddable":true,"href":"http:\/\/argentinamunicipal.com.ar\/argentina\/wp-json\/wp\/v2\/users\/2"}],"replies":[{"embeddable":true,"href":"http:\/\/argentinamunicipal.com.ar\/argentina\/wp-json\/wp\/v2\/comments?post=38513"}],"version-history":[{"count":0,"href":"http:\/\/argentinamunicipal.com.ar\/argentina\/wp-json\/wp\/v2\/posts\/38513\/revisions"}],"wp:featuredmedia":[{"embeddable":true,"href":"http:\/\/argentinamunicipal.com.ar\/argentina\/wp-json\/wp\/v2\/media\/38514"}],"wp:attachment":[{"href":"http:\/\/argentinamunicipal.com.ar\/argentina\/wp-json\/wp\/v2\/media?parent=38513"}],"wp:term":[{"taxonomy":"category","embeddable":true,"href":"http:\/\/argentinamunicipal.com.ar\/argentina\/wp-json\/wp\/v2\/categories?post=38513"},{"taxonomy":"post_tag","embeddable":true,"href":"http:\/\/argentinamunicipal.com.ar\/argentina\/wp-json\/wp\/v2\/tags?post=38513"}],"curies":[{"name":"wp","href":"https:\/\/api.w.org\/{rel}","templated":true}]}}