{"id":38599,"date":"2015-11-06T06:34:12","date_gmt":"2015-11-06T09:34:12","guid":{"rendered":"http:\/\/argentinamunicipal.com.ar\/argentina\/?p=38599"},"modified":"2015-11-06T06:42:42","modified_gmt":"2015-11-06T09:42:42","slug":"cordoba-consumo-record-de-cemento-en-el-mercado-interno","status":"publish","type":"post","link":"http:\/\/argentinamunicipal.com.ar\/argentina\/cordoba-consumo-record-de-cemento-en-el-mercado-interno\/","title":{"rendered":"El consumo interno de cemento marc\u00f3 un r\u00e9cord en octubre"},"content":{"rendered":"<p><a href=\"http:\/\/argentinamunicipal.com.ar\/argentina\/wp-content\/uploads\/2015\/11\/4fc4e703789cb.jpg\"><img loading=\"lazy\" decoding=\"async\" class=\"aligncenter size-full wp-image-38603\" src=\"http:\/\/argentinamunicipal.com.ar\/argentina\/wp-content\/uploads\/2015\/11\/4fc4e703789cb.jpg\" alt=\"4fc4e703789cb\" width=\"600\" height=\"450\" srcset=\"http:\/\/argentinamunicipal.com.ar\/argentina\/wp-content\/uploads\/2015\/11\/4fc4e703789cb.jpg 600w, http:\/\/argentinamunicipal.com.ar\/argentina\/wp-content\/uploads\/2015\/11\/4fc4e703789cb-300x225.jpg 300w\" sizes=\"auto, (max-width: 600px) 100vw, 600px\" \/><\/a><\/p>\n<p>El repunte de las obras demand\u00f3 m\u00e1s de 1,1 mill\u00f3n de toneladas de cemento, una cifra superior a la del mismo mes del 2014.<\/p>\n<p>El consumo de cemento en el mercado interno volvi\u00f3 a ubicarse en su m\u00e1ximo nivel y experiment\u00f3 durante octubre un fuerte salto interanual, al crecer 8,4%, inform\u00f3 la asociaci\u00f3n de fabricantes del producto.<\/p>\n<p>La demanda local de m\u00e1s de 1,1 mill\u00f3n de toneladas de cemento, ligada al repunte del sector de la construcci\u00f3n, alent\u00f3 una suba de 0,4% por encima del r\u00e9cord registrado el mes anterior.<\/p>\n<p>El mercado interno hab\u00eda batido su m\u00e1ximo mensual durante septiembre, al alcanzar las 1.123.491 toneladas, y en octubre esa cifra fue sobrepasada en casi 4.400 toneladas.<\/p>\n<p>La estad\u00edstica de la Asociaci\u00f3n de Fabricantes de Cemento Portland (Afcp) suma los vol\u00famenes de producci\u00f3n local m\u00e1s las importaciones, todo ello destinado tanto a soluciones habitacionales (viviendas terminadas y reparaciones) como al desarrollo de obras p\u00fablicas.<\/p>\n<p>En el acumulado de los primeros diez meses del a\u00f1o el consumo interno del insumo super\u00f3 las 10,1 millones de toneladas, 12,5% m\u00e1s que en enero-octubre de 2014.<\/p>\n<p>La evoluci\u00f3n del sector refleja el importante avance en las obras de infraestructura, energ\u00e9ticas y viales impulsadas con inversi\u00f3n y financiamiento p\u00fablico, coinciden en se\u00f1alar fuentes de la actividad.<\/p>\n<p>Del mismo modo, incide en el dinamismo de la demanda de cemento el ritmo sostenido de las construcciones privadas (b\u00e1sicamente viviendas), y las financiadas con recursos p\u00fablicos a trav\u00e9s del plan Procrear.<\/p>\n<p>El total de despachos de la industria (incluidas las exportaciones) fue el mes pasado tambi\u00e9n r\u00e9cord, de 1,1 mill\u00f3n de toneladas.<\/p>\n<p>El repunte en las ventas marc\u00f3 un avance mensual de 0,5%, mientras que en la comparaci\u00f3n con octubre del a\u00f1o pasado el incremento fue de 1,7%.<\/p>\n<p>Seg\u00fan el informe mensual de la Afcp, el total de despachos de cemento superar\u00e1 este a\u00f1o las 12 millones de toneladas, el nivel m\u00e1s alto de la historia despu\u00e9s de los 11,9 millones de 2013.<\/p>\n<h6>Fuente: La Provincia San Juan<\/h6>\n","protected":false},"excerpt":{"rendered":"<p>El repunte de las obras demand\u00f3 m\u00e1s de 1,1 mill\u00f3n de toneladas de cemento, una cifra superior a la del mismo mes del 2014. El consumo de cemento en el mercado interno volvi\u00f3 a ubicarse en su m\u00e1ximo nivel y experiment\u00f3 durante octubre un fuerte salto interanual, al crecer 8,4%, inform\u00f3 la asociaci\u00f3n de fabricantes<\/p>\n","protected":false},"author":2,"featured_media":38603,"comment_status":"closed","ping_status":"closed","sticky":false,"template":"","format":"standard","meta":{"footnotes":""},"categories":[8],"tags":[21],"class_list":["post-38599","post","type-post","status-publish","format-standard","has-post-thumbnail","hentry","category-informe-nacional","tag-argentina"],"_links":{"self":[{"href":"http:\/\/argentinamunicipal.com.ar\/argentina\/wp-json\/wp\/v2\/posts\/38599","targetHints":{"allow":["GET"]}}],"collection":[{"href":"http:\/\/argentinamunicipal.com.ar\/argentina\/wp-json\/wp\/v2\/posts"}],"about":[{"href":"http:\/\/argentinamunicipal.com.ar\/argentina\/wp-json\/wp\/v2\/types\/post"}],"author":[{"embeddable":true,"href":"http:\/\/argentinamunicipal.com.ar\/argentina\/wp-json\/wp\/v2\/users\/2"}],"replies":[{"embeddable":true,"href":"http:\/\/argentinamunicipal.com.ar\/argentina\/wp-json\/wp\/v2\/comments?post=38599"}],"version-history":[{"count":0,"href":"http:\/\/argentinamunicipal.com.ar\/argentina\/wp-json\/wp\/v2\/posts\/38599\/revisions"}],"wp:featuredmedia":[{"embeddable":true,"href":"http:\/\/argentinamunicipal.com.ar\/argentina\/wp-json\/wp\/v2\/media\/38603"}],"wp:attachment":[{"href":"http:\/\/argentinamunicipal.com.ar\/argentina\/wp-json\/wp\/v2\/media?parent=38599"}],"wp:term":[{"taxonomy":"category","embeddable":true,"href":"http:\/\/argentinamunicipal.com.ar\/argentina\/wp-json\/wp\/v2\/categories?post=38599"},{"taxonomy":"post_tag","embeddable":true,"href":"http:\/\/argentinamunicipal.com.ar\/argentina\/wp-json\/wp\/v2\/tags?post=38599"}],"curies":[{"name":"wp","href":"https:\/\/api.w.org\/{rel}","templated":true}]}}