{"id":38702,"date":"2015-11-09T07:45:06","date_gmt":"2015-11-09T10:45:06","guid":{"rendered":"http:\/\/argentinamunicipal.com.ar\/argentina\/?p=38702"},"modified":"2015-11-09T07:45:06","modified_gmt":"2015-11-09T10:45:06","slug":"concluyo-la-cuarta-campana-de-reforestacion-soy-parte-del-bosque-fueguino","status":"publish","type":"post","link":"http:\/\/argentinamunicipal.com.ar\/argentina\/concluyo-la-cuarta-campana-de-reforestacion-soy-parte-del-bosque-fueguino\/","title":{"rendered":"Concluy\u00f3 la cuarta campa\u00f1a de reforestaci\u00f3n \u201cSoy Parte del Bosque Fueguino\u201d"},"content":{"rendered":"<p><a href=\"http:\/\/argentinamunicipal.com.ar\/argentina\/wp-content\/uploads\/2015\/11\/ya-replantaron-48-mil-ejemplares-de-flora-aut-ctona-en-bah-a-torito_61462.jpg\"><img loading=\"lazy\" decoding=\"async\" class=\"aligncenter size-full wp-image-38703\" src=\"http:\/\/argentinamunicipal.com.ar\/argentina\/wp-content\/uploads\/2015\/11\/ya-replantaron-48-mil-ejemplares-de-flora-aut-ctona-en-bah-a-torito_61462.jpg\" alt=\"ya-replantaron-48-mil-ejemplares-de-flora-aut-ctona-en-bah-a-torito_61462\" width=\"600\" height=\"450\" srcset=\"http:\/\/argentinamunicipal.com.ar\/argentina\/wp-content\/uploads\/2015\/11\/ya-replantaron-48-mil-ejemplares-de-flora-aut-ctona-en-bah-a-torito_61462.jpg 600w, http:\/\/argentinamunicipal.com.ar\/argentina\/wp-content\/uploads\/2015\/11\/ya-replantaron-48-mil-ejemplares-de-flora-aut-ctona-en-bah-a-torito_61462-300x225.jpg 300w\" sizes=\"auto, (max-width: 600px) 100vw, 600px\" \/><\/a><\/p>\n<p>Con gran participaci\u00f3n de voluntarios e instituciones comprometidas, termin\u00f3 exitosamente la cuarta campa\u00f1a de reforestaci\u00f3n que busca acelerar el proceso de recuperaci\u00f3n del bosque fueguino tras el incendio ocurrido en 2012, en inmediaciones de Bah\u00eda Torito. Adem\u00e1s, existe una extensi\u00f3n del proyecto llamado \u201cel bosque vuelve a la ciudad\u201d, que se encuentra en curso, con el fin de generar un v\u00ednculo social e incentivar la valoraci\u00f3n por el medio ambiente. Al respecto EDFM dialog\u00f3 con la coordinaci\u00f3n sobre los avances.Desde el 24 de septiembre y hasta el 26 de octubre tuvo lugar la cuarta campa\u00f1a, de un total de 10, que tiene como objetivo principal la intervenci\u00f3n antr\u00f3pica para acelerar el proceso de recuperaci\u00f3n del bosque nativo, a trav\u00e9s de la t\u00e9cnica conocida como \u201crepique directo\u201d.<\/p>\n<p>Al respecto EDFM dialog\u00f3 con Loreto Fern\u00e1ndez G\u00e9nova, delegada de la Asociaci\u00f3n Argentina de Gu\u00edas de Monta\u00f1a en Tierra del Fuego e integrante de la coordinaci\u00f3n del proyecto, quien coment\u00f3 en esta oportunidad que \u201cfinalizamos la cuarta campa\u00f1a llevando un total de 400 personas voluntarias. Algo que nos motiva, es saber, tras un relevamiento realizado en oto\u00f1o pasado, que tenemos un 80% de supervivencia de las plantas\u201d. Adem\u00e1s precis\u00f3 que contaron con la presencia de gran cantidad de personas de R\u00edo Grande, y tambi\u00e9n \u201ccomo voluntarios participaron colegios como el S\u00e1bato, el Sobral, entre otros. Vino tambi\u00e9n gente de Newsan, que es con quienes estamos acordando financiaci\u00f3n para una futura campa\u00f1a, adem\u00e1s de colaborar con equipamiento t\u00e9cnico. De R\u00edo Grande se vincularon colegios como el J.I.F. Y el Padre Zink\u201d.<\/p>\n<p>Respecto a la cuantificaci\u00f3n de los resultados, Fern\u00e1ndez G\u00e9nova continu\u00f3 \u201cseguimos, como en las campa\u00f1as anteriores, con 200 plantas por persona. Esto nos da un total de m\u00e1s de 48.000 plantas a lo largo de las cuatro campa\u00f1as ya realizadas. En esta \u00faltima se replantaron 10.000 ejemplares\u201d.<\/p>\n<p>En referencia a los fondos para avanzar con el proyecto, la coordinadora explic\u00f3 \u201cen esta oportunidad la campa\u00f1a fue financiada con los fondos de Desarrollo de Actividades Sustentables (DAS) que ya hab\u00edan participado en la primer campa\u00f1a y esta es la segunda oportunidad en que contamos con ese apoyo\u201d.<\/p>\n<p>Desde la organizaci\u00f3n manifiestan que contin\u00faan las tareas de vincular a la sociedad con el proyecto, que es trabajo que se realiza de manera constante fuera de las campa\u00f1as, como es el caso de Newsan, donde record\u00f3 que \u201cnosotros les llevamos la propuesta y pudimos generar un v\u00ednculo, estamos ahora definiendo detalles\u201d.<\/p>\n<p>Finaliz\u00f3 comentando que \u201cen la \u00faltima salida, se sum\u00f3 gente de Parques Nacionales y La Direcci\u00f3n de Bosques, para hacer un relevamiento de los avances para los dos financiamientos. Estamos tambi\u00e9n haciendo parcelas nuevas, experimentales, porque vamos avanzando en altura y el terreno se pone mucho m\u00e1s dif\u00edcil y expuesto, por lo que la efectividad ah\u00ed es menor, por lo tanto estamos probando con plantas m\u00e1s grandes\u201d.<\/p>\n<p>Es importante recordar que la zona de trabajo se emplaza en un \u00e1rea que fuera afectada en 2012 por un gran incendio forestal que signific\u00f3 dificultosas tareas de voluntarios y gente especializada y que, adem\u00e1s, marc\u00f3 un precedente en lo que tiene que ver con lineamientos estrat\u00e9gicos para afrontar la problem\u00e1tica. En aquella oportunidad la superficie donde se desarroll\u00f3 el incendio lleg\u00f3 a unas 1100 ha, y afect\u00f3 las inmediaciones del paraje conocido como Bah\u00eda Torito.<\/p>\n<p>La totalidad del proyecto involucra 10 campa\u00f1as distribuidas en las estaciones de oto\u00f1o y primavera \u2013\u00e9poca propicia para la m\u00e1xima efectividad del m\u00e9todo- con una extensi\u00f3n de 5 a\u00f1os.<\/p>\n<p>Destacan que el principal objetivo es \u201cpromover el inter\u00e9s por el medio ambiente, generando un sentido de pertenencia por el entorno natural mediante la acci\u00f3n participativa\u201d. Adem\u00e1s aseguraron que\u201cbusca coordinar y orientar el esfuerzo de quienes se sienten con la capacidad de aportar a la recuperaci\u00f3n de los lugares da\u00f1ados por el accionar del hombre\u201d.<\/p>\n<p>Por otra parte, como extensi\u00f3n de la iniciativa existen trabajos de difusi\u00f3n, especialmente fuera de las temporadas del repique, a trav\u00e9s de distintos medios como fue la presencia de charlas y videos en el Festival Internacional Ushuaia Shhh, por redes sociales, y generaci\u00f3n de espacios de charla y debate en instituciones educativas.<\/p>\n<p><strong>\u201cEl bosque vuelve a la ciudad\u201d<\/strong><\/p>\n<p>Adem\u00e1s de objetivo principal, que es el de la recuperaci\u00f3n de la flora aut\u00f3ctona, esta iniciativa busca promover la valoraci\u00f3n y sentido de pertenencia del bosque nativo, a trav\u00e9s de tareas de difusi\u00f3n y de compromiso social. De esta manera, surge una extensi\u00f3n al proyecto que llaman \u201cel bosque vuelve a la ciudad\u201d que inici\u00f3 el pasado viernes 6 y culminar\u00e1 en la jornada del mi\u00e9rcoles 11. Cuando la Ley de Bosques decide apoyar al proyecto \u201cSoy Parte del Bosque Fueguino\u201d qued\u00f3 un peque\u00f1o remanente de dinero que \u201cnos lo designaron para que continuemos con las tareas\u201d expres\u00f3 Fern\u00e1ndez G\u00e9nova. Explic\u00f3 que \u201cdecidimos hacer un peque\u00f1o proyecto, a modo de extensi\u00f3n, que es llevar el bosque a la ciudad. Existen dos componentes para esta iniciativa que son, continuar con la divulgaci\u00f3n del compromiso social, y por otro llevar el bosque en inmediaciones del Arroyo Buena Esperanza que es un lugar donde deber\u00eda desarrollarse con normalidad. Adem\u00e1s, la Secretar\u00eda de Turismo de la Municipalidad de Ushuaia nos dio su apoyo, tambi\u00e9n estamos trabajando con la Escuela N\u00ba3, Monse\u00f1or Fagnano, y tenemos la estimaci\u00f3n que participar\u00e1n un total de 100 ni\u00f1os, con la idea de plantar m\u00e1s de 1200 \u00e1rboles\u201d.<\/p>\n<h6>Fuente: El Diario del Fin del Mundo<\/h6>\n","protected":false},"excerpt":{"rendered":"<p>Con gran participaci\u00f3n de voluntarios e instituciones comprometidas, termin\u00f3 exitosamente la cuarta campa\u00f1a de reforestaci\u00f3n que busca acelerar el proceso de recuperaci\u00f3n del bosque fueguino tras el incendio ocurrido en 2012, en inmediaciones de Bah\u00eda Torito. Adem\u00e1s, existe una extensi\u00f3n del proyecto llamado \u201cel bosque vuelve a la ciudad\u201d, que se encuentra en curso, con<\/p>\n","protected":false},"author":2,"featured_media":38703,"comment_status":"closed","ping_status":"closed","sticky":false,"template":"","format":"standard","meta":{"footnotes":""},"categories":[2],"tags":[34],"class_list":["post-38702","post","type-post","status-publish","format-standard","has-post-thumbnail","hentry","category-informe-municipal","tag-tierra-del-fuego"],"_links":{"self":[{"href":"http:\/\/argentinamunicipal.com.ar\/argentina\/wp-json\/wp\/v2\/posts\/38702","targetHints":{"allow":["GET"]}}],"collection":[{"href":"http:\/\/argentinamunicipal.com.ar\/argentina\/wp-json\/wp\/v2\/posts"}],"about":[{"href":"http:\/\/argentinamunicipal.com.ar\/argentina\/wp-json\/wp\/v2\/types\/post"}],"author":[{"embeddable":true,"href":"http:\/\/argentinamunicipal.com.ar\/argentina\/wp-json\/wp\/v2\/users\/2"}],"replies":[{"embeddable":true,"href":"http:\/\/argentinamunicipal.com.ar\/argentina\/wp-json\/wp\/v2\/comments?post=38702"}],"version-history":[{"count":0,"href":"http:\/\/argentinamunicipal.com.ar\/argentina\/wp-json\/wp\/v2\/posts\/38702\/revisions"}],"wp:featuredmedia":[{"embeddable":true,"href":"http:\/\/argentinamunicipal.com.ar\/argentina\/wp-json\/wp\/v2\/media\/38703"}],"wp:attachment":[{"href":"http:\/\/argentinamunicipal.com.ar\/argentina\/wp-json\/wp\/v2\/media?parent=38702"}],"wp:term":[{"taxonomy":"category","embeddable":true,"href":"http:\/\/argentinamunicipal.com.ar\/argentina\/wp-json\/wp\/v2\/categories?post=38702"},{"taxonomy":"post_tag","embeddable":true,"href":"http:\/\/argentinamunicipal.com.ar\/argentina\/wp-json\/wp\/v2\/tags?post=38702"}],"curies":[{"name":"wp","href":"https:\/\/api.w.org\/{rel}","templated":true}]}}