{"id":38729,"date":"2015-11-09T08:18:07","date_gmt":"2015-11-09T11:18:07","guid":{"rendered":"http:\/\/argentinamunicipal.com.ar\/argentina\/?p=38729"},"modified":"2015-11-09T08:18:07","modified_gmt":"2015-11-09T11:18:07","slug":"los-salarios-aumentaron-3247-en-septiembre","status":"publish","type":"post","link":"http:\/\/argentinamunicipal.com.ar\/argentina\/los-salarios-aumentaron-3247-en-septiembre\/","title":{"rendered":"Los salarios aumentaron 32,47% en septiembre"},"content":{"rendered":"<p><a href=\"http:\/\/argentinamunicipal.com.ar\/argentina\/wp-content\/uploads\/2015\/11\/0011568445.jpg\"><img loading=\"lazy\" decoding=\"async\" class=\"aligncenter  wp-image-38730\" src=\"http:\/\/argentinamunicipal.com.ar\/argentina\/wp-content\/uploads\/2015\/11\/0011568445.jpg\" alt=\"0011568445\" width=\"686\" height=\"386\" srcset=\"http:\/\/argentinamunicipal.com.ar\/argentina\/wp-content\/uploads\/2015\/11\/0011568445.jpg 770w, http:\/\/argentinamunicipal.com.ar\/argentina\/wp-content\/uploads\/2015\/11\/0011568445-300x169.jpg 300w\" sizes=\"auto, (max-width: 686px) 100vw, 686px\" \/><\/a><br \/>\nSeg\u00fan el INDEC, la suba es de acuerdo al mismo mes de 2014. Respecto a agosto, el \u00edndice general marc\u00f3 una variaci\u00f3n positiva de 1,82%.<\/p>\n<p>Seg\u00fan el INDEC, el incremento fue impulsado por los haberes p\u00fablicos y privados no registrados, que marcaron un incremento interanual de 32,3% y 33,8%, respectivamente, comparado con el a\u00f1o mismo mes del a\u00f1o pasado.<\/p>\n<p>El sector privado registrado verific\u00f3 un incremento de 1,56 por ciento; y el no registrado, de 2,5 por ciento. Los trabajadores de la administraci\u00f3n p\u00fablica, por su parte, tuvieron en septiembre una suba de 1,9 por ciento respecto a agosto.<\/p>\n<p><strong>Sobre el c\u00e1lculo<\/strong>. El \u00cdndice de Salarios estima la evoluci\u00f3n de los salarios pagados en la econom\u00eda, aislando al indicador de variaciones relacionadas con conceptos tales como cantidad de horas trabajadas, ausentismo, premios por productividad, y todo otro concepto asociado al desempe\u00f1o o las caracter\u00edsticas de individuos concretos. Para su elaboraci\u00f3n se realizan estimaciones tomando en cuenta tres sectores: el sector privado registrado, el privado no registrado y el sector p\u00fablico.<\/p>\n<p><strong>Consumo de servicios p\u00fablicos<\/strong>. El Indec hab\u00eda informado para cerrar octubre, que el aumento en septiembre era del 2,4 por ciento. La mejora fue impulsada por el crecimiento en la cantidad de pasajeros que utilizan los ferrocarriles.<\/p>\n<p>El organismo dio cuenta que durante septiembre, el consumo de estos servicios permaneci\u00f3 sin variantes en relaci\u00f3n a agosto, mientras que en lo que va del a\u00f1o acumula un crecimiento del 2,6%.<\/p>\n<p>En septiembre, la cantidad de pasajeros transportados en colectivos urbanos mostr\u00f3 un baja del 2,3% interanual, al tiempo que el n\u00famero de usuarios de subte subi\u00f3 15%; y la de los ferrocarriles urbanos 14%. En tanto, la Demanda de Energ\u00eda el\u00e9ctrica aument\u00f3 6,3 % interanual, el consumo de Gas Natural avanz\u00f3 3,5%, y la distribuci\u00f3n de agua por red creci\u00f3 10% en igual per\u00edodo.<\/p>\n<p>El rubro telefon\u00eda m\u00f3vil registro un alza del 2,2%, al tiempo que el parque de aparatos fue estimado en 61,8 millones de terminales, un 5,4% por encima de igual mes del a\u00f1o pasado.<\/p>\n<p>El INDEC dio cuenta tambi\u00e9n que el Transporte de Carga por Ferrocarril subi\u00f3 en t\u00e9rminos interanuales el 6,7 %, en especial por el avance del 20% en Ferrosur Roca, y del 5,3% en Ferroexpreso Pampeano. Por contrapartida, cay\u00f3 14 % la cantidad de carga transportada a trav\u00e9s de l\u00edneas a\u00e9reas, si bien la cantidad de camiones pesados que pasaron por las rutas nacionales y de la provincia de Buenos Aires aument\u00f3 4,4%.<\/p>\n<h6>Fuente: InfoRegi\u00f3n<\/h6>\n","protected":false},"excerpt":{"rendered":"<p>Seg\u00fan el INDEC, la suba es de acuerdo al mismo mes de 2014. Respecto a agosto, el \u00edndice general marc\u00f3 una variaci\u00f3n positiva de 1,82%. Seg\u00fan el INDEC, el incremento fue impulsado por los haberes p\u00fablicos y privados no registrados, que marcaron un incremento interanual de 32,3% y 33,8%, respectivamente, comparado con el a\u00f1o mismo<\/p>\n","protected":false},"author":2,"featured_media":38730,"comment_status":"closed","ping_status":"closed","sticky":false,"template":"","format":"standard","meta":{"footnotes":""},"categories":[8],"tags":[21],"class_list":["post-38729","post","type-post","status-publish","format-standard","has-post-thumbnail","hentry","category-informe-nacional","tag-argentina"],"_links":{"self":[{"href":"http:\/\/argentinamunicipal.com.ar\/argentina\/wp-json\/wp\/v2\/posts\/38729","targetHints":{"allow":["GET"]}}],"collection":[{"href":"http:\/\/argentinamunicipal.com.ar\/argentina\/wp-json\/wp\/v2\/posts"}],"about":[{"href":"http:\/\/argentinamunicipal.com.ar\/argentina\/wp-json\/wp\/v2\/types\/post"}],"author":[{"embeddable":true,"href":"http:\/\/argentinamunicipal.com.ar\/argentina\/wp-json\/wp\/v2\/users\/2"}],"replies":[{"embeddable":true,"href":"http:\/\/argentinamunicipal.com.ar\/argentina\/wp-json\/wp\/v2\/comments?post=38729"}],"version-history":[{"count":0,"href":"http:\/\/argentinamunicipal.com.ar\/argentina\/wp-json\/wp\/v2\/posts\/38729\/revisions"}],"wp:featuredmedia":[{"embeddable":true,"href":"http:\/\/argentinamunicipal.com.ar\/argentina\/wp-json\/wp\/v2\/media\/38730"}],"wp:attachment":[{"href":"http:\/\/argentinamunicipal.com.ar\/argentina\/wp-json\/wp\/v2\/media?parent=38729"}],"wp:term":[{"taxonomy":"category","embeddable":true,"href":"http:\/\/argentinamunicipal.com.ar\/argentina\/wp-json\/wp\/v2\/categories?post=38729"},{"taxonomy":"post_tag","embeddable":true,"href":"http:\/\/argentinamunicipal.com.ar\/argentina\/wp-json\/wp\/v2\/tags?post=38729"}],"curies":[{"name":"wp","href":"https:\/\/api.w.org\/{rel}","templated":true}]}}