{"id":3875,"date":"2014-03-14T09:00:43","date_gmt":"2014-03-14T12:00:43","guid":{"rendered":"http:\/\/argentinamunicipal.com.ar\/argentina\/?p=3875"},"modified":"2014-03-14T09:03:31","modified_gmt":"2014-03-14T12:03:31","slug":"ministro-ingles-admitio-que-prefiere-a-massa-o-macri-para-hablar-por-malvinas","status":"publish","type":"post","link":"http:\/\/argentinamunicipal.com.ar\/argentina\/ministro-ingles-admitio-que-prefiere-a-massa-o-macri-para-hablar-por-malvinas\/","title":{"rendered":"Ministro ingl\u00e9s admiti\u00f3 que prefiere a Massa o Macri para hablar por Malvinas"},"content":{"rendered":"<p><a href=\"http:\/\/argentinamunicipal.com.ar\/argentina\/wp-content\/uploads\/2014\/03\/79078_1.jpg\"><img loading=\"lazy\" decoding=\"async\" class=\"alignleft size-full wp-image-3877\" alt=\"79078_1\" src=\"http:\/\/argentinamunicipal.com.ar\/argentina\/wp-content\/uploads\/2014\/03\/79078_1.jpg\" width=\"315\" height=\"200\" srcset=\"http:\/\/argentinamunicipal.com.ar\/argentina\/wp-content\/uploads\/2014\/03\/79078_1.jpg 315w, http:\/\/argentinamunicipal.com.ar\/argentina\/wp-content\/uploads\/2014\/03\/79078_1-300x190.jpg 300w\" sizes=\"auto, (max-width: 315px) 100vw, 315px\" \/><\/a>El ministro brit\u00e1nico para Am\u00e9rica Latina, Hugo Swire, sostuvo que el l\u00edder del Frente Renovador o el del PRO tendr\u00edan \u00abuna visi\u00f3n m\u00e1s madura que el actual Gobierno\u00bb en el tema Malvinas.\u00a0La r\u00e9plica del gobierno argentino contrast\u00f3 con el silencio del l\u00edder del PRO y del FR.<\/p>\n<p>El ministro brit\u00e1nico para Am\u00e9rica Latina, Hugo Swire, reconoci\u00f3 que Londres piensa que Sergio Massa o Mauricio Macri tendr\u00edan \u00abuna visi\u00f3n m\u00e1s madura que el actual Gobierno\u00bb en el tema Malvinas. Las declaraciones del funcionario motivaron duras cr\u00edticas del gobierno argentino.<\/p>\n<p>Consultado por la agencia estatal T\u00e9lam en Montevideo, donde estuvo de visita, Swire reconoci\u00f3 que cree que Massa y Macri son \u00abcontendientes presidenciales que tendr\u00e1n un acercamiento m\u00e1s realista y maduro a la cuesti\u00f3n de las \u2018Falklands\u2019\u00bb.<\/p>\n<p>En esa l\u00ednea, el funcionario brit\u00e1nico manifest\u00f3 que en su pa\u00eds conf\u00edan en \u00abque el gobierno argentino va a cambiar, porque hay elecciones el pr\u00f3ximo a\u00f1o y la se\u00f1ora Kirchner no puede ser reelecta\u201d.<\/p>\n<p>\u201cY nosotros deseamos mucho que el pr\u00f3ximo gobierno en Buenos Aires tenga una mirada distinta a la del actual\u00bb, indic\u00f3.<\/p>\n<p>Sin embargo, no especific\u00f3 en qu\u00e9 consistir\u00eda esa \u00abmirada\u00bb distinta, o si le gustar\u00eda un presidente con una mirada m\u00e1s \u00abpro-brit\u00e1nica\u00bb.<\/p>\n<h3>La respuesta del Gobierno<\/h3>\n<p>El canciller H\u00e9ctor Timerman asegur\u00f3 que el ministro brit\u00e1nico Hugo Swire \u00abse equivoca porque la pol\u00edtica de Malvinas no es la pol\u00edtica de este Gobierno, es la de todos los argentinos y de todos los latinoamericanos\u00bb.<\/p>\n<p>Al participar de un acto en el ministerio de Defensa, y al ser consultado por estas declaraciones de Swire, Timerman resalt\u00f3 que \u00ablo que corresponde es que hablen con el canciller de la Rep\u00fablica Argentina\u00bb y agreg\u00f3 que el hecho de \u00abque elijan a personas de otros partidos ratifica que se est\u00e1 en el buen rumbo\u00bb.<\/p>\n<p>\u00abSon ellos los ocupantes, los que deben sentarse a la mesa de negociaciones para cumplir con las obligaciones del derecho internacional y las resoluciones de las Naciones Unidas y sobre eso trabajamos\u00bb, expres\u00f3.<\/p>\n<p>Por su parte, el secretario de Asuntos Relativos a las Islas Malvinas, Daniel Filmus, tambi\u00e9n recalc\u00f3 que hay una \u00abpol\u00edtica de Estado\u00bb en Argentina \u00abque est\u00e1 m\u00e1s all\u00e1 de cualquier posici\u00f3n partidaria\u00bb.<\/p>\n<p>El ex senador le pidi\u00f3 Swire que evite referirse a cuestiones de pol\u00edtica interna y volvi\u00f3 a recordarle el incumplimiento sistem\u00e1tico por parte del Reino Unido a las resoluciones de Naciones Unidas que llaman al di\u00e1logo entre las partes por la soberan\u00eda de Malvinas.<\/p>\n<p>\u00abTodas las fuerzas pol\u00edticas, no solo plantean el reclamo sobre la soberan\u00eda sino que insisten en el reclamo sobre la resoluci\u00f3n de la Naciones Unidas\u00bb, dijo Filmus y record\u00f3 que los bloques parlamentarios argentinos votaron hace 2 a\u00f1os por unanimidad la \u00abDeclaraci\u00f3n de Ushuaia\u00bb.<\/p>\n<p>En ese mismo sentido reiter\u00f3 que Argentina ha ratificado a la diplomacia como el \u00fanico camino para la resoluci\u00f3n de la disputa.<\/p>\n<h6>Fuente: Inforegi\u00f3n \/ Tiempo Argentino<\/h6>\n","protected":false},"excerpt":{"rendered":"<p>El ministro brit\u00e1nico para Am\u00e9rica Latina, Hugo Swire, sostuvo que el l\u00edder del Frente Renovador o el del PRO tendr\u00edan \u00abuna visi\u00f3n m\u00e1s madura que el actual Gobierno\u00bb en el tema Malvinas.\u00a0La r\u00e9plica del gobierno argentino contrast\u00f3 con el silencio del l\u00edder del PRO y del FR. El ministro brit\u00e1nico para Am\u00e9rica Latina, Hugo Swire,<\/p>\n","protected":false},"author":1,"featured_media":3877,"comment_status":"closed","ping_status":"closed","sticky":false,"template":"","format":"standard","meta":{"footnotes":""},"categories":[22],"tags":[21,57],"class_list":["post-3875","post","type-post","status-publish","format-standard","has-post-thumbnail","hentry","category-el-mundo","tag-argentina","tag-el-mundo"],"_links":{"self":[{"href":"http:\/\/argentinamunicipal.com.ar\/argentina\/wp-json\/wp\/v2\/posts\/3875","targetHints":{"allow":["GET"]}}],"collection":[{"href":"http:\/\/argentinamunicipal.com.ar\/argentina\/wp-json\/wp\/v2\/posts"}],"about":[{"href":"http:\/\/argentinamunicipal.com.ar\/argentina\/wp-json\/wp\/v2\/types\/post"}],"author":[{"embeddable":true,"href":"http:\/\/argentinamunicipal.com.ar\/argentina\/wp-json\/wp\/v2\/users\/1"}],"replies":[{"embeddable":true,"href":"http:\/\/argentinamunicipal.com.ar\/argentina\/wp-json\/wp\/v2\/comments?post=3875"}],"version-history":[{"count":0,"href":"http:\/\/argentinamunicipal.com.ar\/argentina\/wp-json\/wp\/v2\/posts\/3875\/revisions"}],"wp:featuredmedia":[{"embeddable":true,"href":"http:\/\/argentinamunicipal.com.ar\/argentina\/wp-json\/wp\/v2\/media\/3877"}],"wp:attachment":[{"href":"http:\/\/argentinamunicipal.com.ar\/argentina\/wp-json\/wp\/v2\/media?parent=3875"}],"wp:term":[{"taxonomy":"category","embeddable":true,"href":"http:\/\/argentinamunicipal.com.ar\/argentina\/wp-json\/wp\/v2\/categories?post=3875"},{"taxonomy":"post_tag","embeddable":true,"href":"http:\/\/argentinamunicipal.com.ar\/argentina\/wp-json\/wp\/v2\/tags?post=3875"}],"curies":[{"name":"wp","href":"https:\/\/api.w.org\/{rel}","templated":true}]}}