{"id":38826,"date":"2015-11-11T07:28:54","date_gmt":"2015-11-11T10:28:54","guid":{"rendered":"http:\/\/argentinamunicipal.com.ar\/argentina\/?p=38826"},"modified":"2015-11-11T07:28:54","modified_gmt":"2015-11-11T10:28:54","slug":"la-intendenta-de-rosario-presento-la-primera-semana-del-emprendedor","status":"publish","type":"post","link":"http:\/\/argentinamunicipal.com.ar\/argentina\/la-intendenta-de-rosario-presento-la-primera-semana-del-emprendedor\/","title":{"rendered":"La intendenta de Rosario present\u00f3 la primera Semana del Emprendedor"},"content":{"rendered":"<p><a href=\"http:\/\/argentinamunicipal.com.ar\/argentina\/wp-content\/uploads\/2015\/11\/128014_rosario.jpg\"><img loading=\"lazy\" decoding=\"async\" class=\"aligncenter size-full wp-image-38827\" src=\"http:\/\/argentinamunicipal.com.ar\/argentina\/wp-content\/uploads\/2015\/11\/128014_rosario.jpg\" alt=\"128014_rosario\" width=\"544\" height=\"268\" srcset=\"http:\/\/argentinamunicipal.com.ar\/argentina\/wp-content\/uploads\/2015\/11\/128014_rosario.jpg 544w, http:\/\/argentinamunicipal.com.ar\/argentina\/wp-content\/uploads\/2015\/11\/128014_rosario-300x148.jpg 300w\" sizes=\"auto, (max-width: 544px) 100vw, 544px\" \/><\/a><br \/>\nM\u00f3nica Fein dio detalles de las competencias, workshops, muestras y actividades que se repartir\u00e1n entre el Galp\u00f3n de la M\u00fasica, el Cedic y el Hotel Savoy entre el 16 y el 22 de noviembre.<\/p>\n<p>La intendenta M\u00f3nica Fein, junto a la secretaria de Producci\u00f3n y Desarrollo Local, Eleonora Scagliotti, y el director del Centro de Dise\u00f1o e Industrias Creativas (Cedic), Luciano Durand, present\u00f3 en la ma\u00f1ana del martes 10 de noviembre la primera Semana del Emprendedor Rosario 2015, que tendr\u00e1 lugar del 16 al 22 del corriente en el Galp\u00f3n de la M\u00fasica (Galp\u00f3n 11), el Cedic y el Hotel Savoy.<\/p>\n<p>Durante la presentaci\u00f3n, realizada en el sal\u00f3n Belgrano del Palacio Municipal, la secretaria de Producci\u00f3n Eleonora Scagliotti destac\u00f3 que las actividades se llevar\u00e1n a cabo \u00aben el marco de la Semana Global del Emprendedor, que est\u00e1 institucionalizada en m\u00e1s de 130 pa\u00edses del mundo\u00bb.<\/p>\n<p>\u00abRosario es una ciudad con gente creativa, con talento, y nos parec\u00eda que no pod\u00edamos quedar afuera de este movimiento. Si bien la idea de esta Semana del Emprendedor naci\u00f3 del municipio, se apoya en cada una de las instituciones que participan para poder mostrar esta fortaleza que tiene la ciudad\u201d, agreg\u00f3.<\/p>\n<p>Por su parte, la intendenta remarc\u00f3 que \u201ccompartir es lo m\u00e1s valioso que vamos a hacer esa semana. Vamos a poder compartir los desaf\u00edos, los saberes, las experiencias y fortalezas que tienen cada una de estas instituciones y potenciar las posibilidades de los emprendedores\u00bb.<\/p>\n<p>\u00abEs impactante la cantidad de j\u00f3venes que se suman a este tipo de actividades en Rosario, por lo tanto vamos a instalar esta Semana del Emprendedor para que se repita todos los a\u00f1os\u201d, indic\u00f3 la titular del Ejecutivo.<\/p>\n<p>\u00abEspero que sea una gran semana donde todos podamos aprender para seguir fortaleciendo el emprendedurismo en la ciudad. Estamos convencidos de que \u00e9ste es el camino que debemos transitar, juntos y aportando cada uno lo mejor que tenemos\u201d, termin\u00f3 diciendo Fein.<\/p>\n<h6>Fuente: Sin Mordaza<\/h6>\n","protected":false},"excerpt":{"rendered":"<p>M\u00f3nica Fein dio detalles de las competencias, workshops, muestras y actividades que se repartir\u00e1n entre el Galp\u00f3n de la M\u00fasica, el Cedic y el Hotel Savoy entre el 16 y el 22 de noviembre. La intendenta M\u00f3nica Fein, junto a la secretaria de Producci\u00f3n y Desarrollo Local, Eleonora Scagliotti, y el director del Centro de<\/p>\n","protected":false},"author":2,"featured_media":38827,"comment_status":"closed","ping_status":"closed","sticky":false,"template":"","format":"standard","meta":{"footnotes":""},"categories":[2],"tags":[10],"class_list":["post-38826","post","type-post","status-publish","format-standard","has-post-thumbnail","hentry","category-informe-municipal","tag-santa-fe"],"_links":{"self":[{"href":"http:\/\/argentinamunicipal.com.ar\/argentina\/wp-json\/wp\/v2\/posts\/38826","targetHints":{"allow":["GET"]}}],"collection":[{"href":"http:\/\/argentinamunicipal.com.ar\/argentina\/wp-json\/wp\/v2\/posts"}],"about":[{"href":"http:\/\/argentinamunicipal.com.ar\/argentina\/wp-json\/wp\/v2\/types\/post"}],"author":[{"embeddable":true,"href":"http:\/\/argentinamunicipal.com.ar\/argentina\/wp-json\/wp\/v2\/users\/2"}],"replies":[{"embeddable":true,"href":"http:\/\/argentinamunicipal.com.ar\/argentina\/wp-json\/wp\/v2\/comments?post=38826"}],"version-history":[{"count":0,"href":"http:\/\/argentinamunicipal.com.ar\/argentina\/wp-json\/wp\/v2\/posts\/38826\/revisions"}],"wp:featuredmedia":[{"embeddable":true,"href":"http:\/\/argentinamunicipal.com.ar\/argentina\/wp-json\/wp\/v2\/media\/38827"}],"wp:attachment":[{"href":"http:\/\/argentinamunicipal.com.ar\/argentina\/wp-json\/wp\/v2\/media?parent=38826"}],"wp:term":[{"taxonomy":"category","embeddable":true,"href":"http:\/\/argentinamunicipal.com.ar\/argentina\/wp-json\/wp\/v2\/categories?post=38826"},{"taxonomy":"post_tag","embeddable":true,"href":"http:\/\/argentinamunicipal.com.ar\/argentina\/wp-json\/wp\/v2\/tags?post=38826"}],"curies":[{"name":"wp","href":"https:\/\/api.w.org\/{rel}","templated":true}]}}