{"id":38858,"date":"2015-11-11T08:09:52","date_gmt":"2015-11-11T11:09:52","guid":{"rendered":"http:\/\/argentinamunicipal.com.ar\/argentina\/?p=38858"},"modified":"2015-11-11T08:09:52","modified_gmt":"2015-11-11T11:09:52","slug":"el-gobierno-promulgo-la-ley-que-garantiza-la-gratuidad-de-la-educacion-universitaria","status":"publish","type":"post","link":"http:\/\/argentinamunicipal.com.ar\/argentina\/el-gobierno-promulgo-la-ley-que-garantiza-la-gratuidad-de-la-educacion-universitaria\/","title":{"rendered":"El Gobierno promulg\u00f3 la ley que garantiza la gratuidad de la educaci\u00f3n universitaria"},"content":{"rendered":"<p><a href=\"http:\/\/argentinamunicipal.com.ar\/argentina\/wp-content\/uploads\/2015\/11\/UBA-Facultad-Derecho.jpg\"><img loading=\"lazy\" decoding=\"async\" class=\"aligncenter  wp-image-38859\" src=\"http:\/\/argentinamunicipal.com.ar\/argentina\/wp-content\/uploads\/2015\/11\/UBA-Facultad-Derecho.jpg\" alt=\"UBA-Facultad-Derecho\" width=\"668\" height=\"445\" srcset=\"http:\/\/argentinamunicipal.com.ar\/argentina\/wp-content\/uploads\/2015\/11\/UBA-Facultad-Derecho.jpg 720w, http:\/\/argentinamunicipal.com.ar\/argentina\/wp-content\/uploads\/2015\/11\/UBA-Facultad-Derecho-300x200.jpg 300w\" sizes=\"auto, (max-width: 668px) 100vw, 668px\" \/><\/a><\/p>\n<p>La norma sancionada el 28 de octubre pasado en el Senado de la Naci\u00f3n, modifica algunos art\u00edculos de la ley de educaci\u00f3n superior, que data del menemismo, e incorpora otros a partir de un proyecto presentado por la diputada Adriana Puigr\u00f3s (FPV)<\/p>\n<p>El gobierno nacional promulg\u00f3 la Ley de Implementaci\u00f3n Efectiva de la Responsabilidad del Estado en la Educaci\u00f3n Superior, que establece la gratuidad de los estudios superiores, fijando al mismo tiempo la prohibici\u00f3n de cualquier tipo de tarifa directa o indirecta.<\/p>\n<p>As\u00ed lo hizo a trav\u00e9s del decreto decreto 2358\/2015, publicado hoy en el Bolet\u00edn Oficial con las firmas de la presidenta Cristina Fern\u00e1ndez de Kirchner, el jefe de Gabinete, An\u00edbal Fern\u00e1ndez; y el ministro de Educaci\u00f3n, Alberto Sileoni; junto al texto de la nueva normativa.<\/p>\n<p>Mediante la modificaci\u00f3n e incorporaci\u00f3n de art\u00edculos bis a la Ley 24.521, la nueva normativa establece la responsabilidad \u201cindelegable y principal\u201d del Estado respecto de la educaci\u00f3n superior, consider\u00e1ndola un \u201cbien p\u00fablico\u201d y un \u201cderecho humano\u201d.<\/p>\n<p>Asimismo, garantiza \u201cla igualdad de oportunidades y condiciones en el acceso, la permanencia, la graduaci\u00f3n y el egreso en las distintas alternativas y trayectorias educativas del nivel para todos quienes lo requieran y re\u00fanan las condiciones legales establecidas\u201d.<\/p>\n<p>Uno de los puntos m\u00e1s destacados en la nueva ley se encuentra en el bis introducido en el art\u00edculo 2, que establece que \u201clos estudios de grado en las instituciones de educaci\u00f3n superior de gesti\u00f3n estatal son gratuitos e implican la prohibici\u00f3n de establecer sobre ellos cualquier tipo de gravamen, tasa, impuesto, arancel, o tarifa directos o indirectos\u201d.<\/p>\n<p>En ese marco, adem\u00e1s, se proh\u00edbe \u201ca las instituciones de la educaci\u00f3n superior de gesti\u00f3n estatal suscribir acuerdos o convenios con otros Estados, instituciones u organismos nacionales e internacionales p\u00fablicos o privados, que impliquen ofertar educaci\u00f3n como un servicio lucrativo o que alienten formas de mercantilizaci\u00f3n\u201d.<\/p>\n<h6>Fuente: T\u00e9lam<\/h6>\n","protected":false},"excerpt":{"rendered":"<p>La norma sancionada el 28 de octubre pasado en el Senado de la Naci\u00f3n, modifica algunos art\u00edculos de la ley de educaci\u00f3n superior, que data del menemismo, e incorpora otros a partir de un proyecto presentado por la diputada Adriana Puigr\u00f3s (FPV) El gobierno nacional promulg\u00f3 la Ley de Implementaci\u00f3n Efectiva de la Responsabilidad del<\/p>\n","protected":false},"author":2,"featured_media":38859,"comment_status":"closed","ping_status":"closed","sticky":false,"template":"","format":"standard","meta":{"footnotes":""},"categories":[8],"tags":[21],"class_list":["post-38858","post","type-post","status-publish","format-standard","has-post-thumbnail","hentry","category-informe-nacional","tag-argentina"],"_links":{"self":[{"href":"http:\/\/argentinamunicipal.com.ar\/argentina\/wp-json\/wp\/v2\/posts\/38858","targetHints":{"allow":["GET"]}}],"collection":[{"href":"http:\/\/argentinamunicipal.com.ar\/argentina\/wp-json\/wp\/v2\/posts"}],"about":[{"href":"http:\/\/argentinamunicipal.com.ar\/argentina\/wp-json\/wp\/v2\/types\/post"}],"author":[{"embeddable":true,"href":"http:\/\/argentinamunicipal.com.ar\/argentina\/wp-json\/wp\/v2\/users\/2"}],"replies":[{"embeddable":true,"href":"http:\/\/argentinamunicipal.com.ar\/argentina\/wp-json\/wp\/v2\/comments?post=38858"}],"version-history":[{"count":0,"href":"http:\/\/argentinamunicipal.com.ar\/argentina\/wp-json\/wp\/v2\/posts\/38858\/revisions"}],"wp:featuredmedia":[{"embeddable":true,"href":"http:\/\/argentinamunicipal.com.ar\/argentina\/wp-json\/wp\/v2\/media\/38859"}],"wp:attachment":[{"href":"http:\/\/argentinamunicipal.com.ar\/argentina\/wp-json\/wp\/v2\/media?parent=38858"}],"wp:term":[{"taxonomy":"category","embeddable":true,"href":"http:\/\/argentinamunicipal.com.ar\/argentina\/wp-json\/wp\/v2\/categories?post=38858"},{"taxonomy":"post_tag","embeddable":true,"href":"http:\/\/argentinamunicipal.com.ar\/argentina\/wp-json\/wp\/v2\/tags?post=38858"}],"curies":[{"name":"wp","href":"https:\/\/api.w.org\/{rel}","templated":true}]}}