{"id":38885,"date":"2015-11-11T08:30:16","date_gmt":"2015-11-11T11:30:16","guid":{"rendered":"http:\/\/argentinamunicipal.com.ar\/argentina\/?p=38885"},"modified":"2015-11-11T08:30:16","modified_gmt":"2015-11-11T11:30:16","slug":"el-programa-municipal-red-de-escuelas-verdes-se-consolida-en-parana","status":"publish","type":"post","link":"http:\/\/argentinamunicipal.com.ar\/argentina\/el-programa-municipal-red-de-escuelas-verdes-se-consolida-en-parana\/","title":{"rendered":"El Programa Municipal \u00abRed de Escuelas Verdes\u00bb\u00a0se consolida en Paran\u00e1"},"content":{"rendered":"<p><a href=\"http:\/\/argentinamunicipal.com.ar\/argentina\/wp-content\/uploads\/2015\/11\/red.jpg_925051666.jpg\"><img loading=\"lazy\" decoding=\"async\" class=\"aligncenter  wp-image-38886\" src=\"http:\/\/argentinamunicipal.com.ar\/argentina\/wp-content\/uploads\/2015\/11\/red.jpg_925051666.jpg\" alt=\"red.jpg_925051666\" width=\"701\" height=\"489\" srcset=\"http:\/\/argentinamunicipal.com.ar\/argentina\/wp-content\/uploads\/2015\/11\/red.jpg_925051666.jpg 789w, http:\/\/argentinamunicipal.com.ar\/argentina\/wp-content\/uploads\/2015\/11\/red.jpg_925051666-300x209.jpg 300w\" sizes=\"auto, (max-width: 701px) 100vw, 701px\" \/><\/a><\/p>\n<p>Desde su creaci\u00f3n, en junio del 2014, el Programa Red de Escuelas Verdes Paran\u00e1 avanz\u00f3 en la concreci\u00f3n de diversas acciones, sensibilizando a estudiantes y docentes frente a los efectos del cambio clim\u00e1tico \u2022 Esta semana, en la escuela N\u00b05 Manuel Belgrano, se realiz\u00f3 una muestra de producciones art\u00edsticas de las 11 escuelas participantes y las actividades continuar\u00e1n este jueves en la escuela N\u00b0 21 Juan B Ter\u00e1n<\/p>\n<p>La Red de Escuelas Verdes se ha consolidado como uno de los programas m\u00e1s prol\u00edficos en materia de educaci\u00f3n ambiental en nuestra ciudad. Producto de un convenio entre la Fundaci\u00f3n Eco Urbano y la Secretar\u00eda de Medio Ambiente de la Municipalidad de Paran\u00e1, los talleres de sensibilizaci\u00f3n frente al cambio clim\u00e1tico de la edici\u00f3n 2015 comenzaron en abril, en el marco del D\u00eda Internacional de la Madre Tierra, con una jornada de intercambio y participaci\u00f3n en la escuela N\u00b018 Evaristo Carriego, ubicada en el barrio Paracao de la zona sur.<\/p>\n<p>Precisamente, en esa zona es donde este Programa puso m\u00e1s \u00e9nfasis en la comunicaci\u00f3n y la educaci\u00f3n ambiental. All\u00ed, desde mayo de este a\u00f1o, el municipio impuls\u00f3 una campa\u00f1a de separaci\u00f3n de residuos en origen en cinco vecinales: Paracao, Kentenich, Espejo, B\u00e1ez y Lomas del Sur, por lo que fue necesario abordar distintas estrategias para sensibilizar a los vecinos, y apostar a que los chicos sean agentes multiplicadores de estas pol\u00edticas.<\/p>\n<p>Las escuelas que forman parte de la Red son: N\u00ba 8 Manuel Alberti, N\u00ba 21 J.B. Ter\u00e1n, N\u00ba 5 Manuel Belgrano, N\u00ba 208 Juan Carlos Esparza, N\u00b0156 Miguel de Cervantes Saavedra, N\u00b018 Evaristo Carriego, N\u00b0198 Maestro Entrerriano, N\u00b0100 Santa Luc\u00eda, N\u00b0 1 del Centenario, N\u00b0 161 Rep\u00fablica de Entre R\u00edos y N\u00b04 Domingo F. Sarmiento.<\/p>\n<p>Los talleres sobre la tem\u00e1tica Residuos fueron muy productivos en las distintas entidades educativas. Desde su lanzamiento, la Red de Escuelas Verdes trabaj\u00f3 sistem\u00e1ticamente a trav\u00e9s de din\u00e1micas grupales, juegos de integraci\u00f3n y fortalecimiento de la solidaridad para promover valores ambientales de cuidado y responsabilidad. Adem\u00e1s, se aboc\u00f3 a la producci\u00f3n de materiales de difusi\u00f3n y promoci\u00f3n (redes, fotos, videos, dise\u00f1os de afiches, folletos) y de materiales hechos con elementos reutilizados y reciclados, y tambi\u00e9n a la organizaci\u00f3n de actividades de cultura ambiental en el marco de las fechas del Eco Calendario.<\/p>\n<p>Algunos de los objetivos planteados para este a\u00f1o fueron la plantaci\u00f3n de \u00e1rboles aut\u00f3ctonos, la reducci\u00f3n en la generaci\u00f3n de residuos, as\u00ed como la promoci\u00f3n de la reutilizaci\u00f3n y el reciclado. Una de las actividades m\u00e1s importantes para el fortalecimiento de una mirada integral sobre la gesti\u00f3n de los residuos han sido las visitas a la Planta de Clasificaci\u00f3n \u00abManuel Belgrano\u00bb, donde los alumnos de los diferentes establecimientos educativos pudieron apreciar de primera mano el trabajo que realizan los integrantes de la Cooperativa Nueva Vida para la valorizaci\u00f3n y comercializaci\u00f3n de los residuos reciclables.<\/p>\n<p><strong>Muestra en las escuelas<\/strong><\/p>\n<p>Este lunes por la ma\u00f1ana, la Red de Escuelas Verdes convoc\u00f3 a docentes y alumnos a acompa\u00f1ar una muestra de las actividades que han desarrollado las escuelas durante el a\u00f1o a trav\u00e9s de diversas expresiones art\u00edsticas, en la escuela N\u00b05 Manuel Belgrano.<\/p>\n<p>En la jornada, el programa incluy\u00f3 canciones con temas ambientales, ecojuegos a cargo de los Promotores Ambientales y el Ecoclub Paran\u00e1, muestra de elementos reciclados, videos y cuentos ecol\u00f3gicos, y una merienda saludable de frutas y cereales. Las palabras de bienvenida estuvieron a cargo de la secretaria de Medio Ambiente, Juliana Robledo, la subsecretaria Vanesa Zehnder, el director de la Fundaci\u00f3n Eco Urbano Eduardo Andersen, la directora del establecimiento, Viviana Pross, y el director de la Unidad de Gesti\u00f3n Ambiental R\u00edo Paran\u00e1, Horacio Enr\u00edquez.<\/p>\n<p>Las actividades continuar\u00e1n este jueves en la escuela N\u00b021 Juan B. Ter\u00e1n, oportunidad para dar a conocer a la comunidad las diferentes l\u00edneas de acci\u00f3n de este Programa y contagiar las ganas de seguir contribuyendo a vivir en un ambiente m\u00e1s saludable. Generar conciencia y compromisos de acci\u00f3n entre los vecinos, particularmente entre j\u00f3venes y ni\u00f1os, es el motivo por el cual la Red de Escuelas Verdes pretende continuar su desarrollo y extenderse a m\u00e1s entidades que as\u00ed lo requieran.<\/p>\n<h6>Fuente: APF Digital<\/h6>\n","protected":false},"excerpt":{"rendered":"<p>Desde su creaci\u00f3n, en junio del 2014, el Programa Red de Escuelas Verdes Paran\u00e1 avanz\u00f3 en la concreci\u00f3n de diversas acciones, sensibilizando a estudiantes y docentes frente a los efectos del cambio clim\u00e1tico \u2022 Esta semana, en la escuela N\u00b05 Manuel Belgrano, se realiz\u00f3 una muestra de producciones art\u00edsticas de las 11 escuelas participantes y<\/p>\n","protected":false},"author":2,"featured_media":38886,"comment_status":"closed","ping_status":"closed","sticky":false,"template":"","format":"standard","meta":{"footnotes":""},"categories":[2],"tags":[17],"class_list":["post-38885","post","type-post","status-publish","format-standard","has-post-thumbnail","hentry","category-informe-municipal","tag-entre-rios"],"_links":{"self":[{"href":"http:\/\/argentinamunicipal.com.ar\/argentina\/wp-json\/wp\/v2\/posts\/38885","targetHints":{"allow":["GET"]}}],"collection":[{"href":"http:\/\/argentinamunicipal.com.ar\/argentina\/wp-json\/wp\/v2\/posts"}],"about":[{"href":"http:\/\/argentinamunicipal.com.ar\/argentina\/wp-json\/wp\/v2\/types\/post"}],"author":[{"embeddable":true,"href":"http:\/\/argentinamunicipal.com.ar\/argentina\/wp-json\/wp\/v2\/users\/2"}],"replies":[{"embeddable":true,"href":"http:\/\/argentinamunicipal.com.ar\/argentina\/wp-json\/wp\/v2\/comments?post=38885"}],"version-history":[{"count":0,"href":"http:\/\/argentinamunicipal.com.ar\/argentina\/wp-json\/wp\/v2\/posts\/38885\/revisions"}],"wp:featuredmedia":[{"embeddable":true,"href":"http:\/\/argentinamunicipal.com.ar\/argentina\/wp-json\/wp\/v2\/media\/38886"}],"wp:attachment":[{"href":"http:\/\/argentinamunicipal.com.ar\/argentina\/wp-json\/wp\/v2\/media?parent=38885"}],"wp:term":[{"taxonomy":"category","embeddable":true,"href":"http:\/\/argentinamunicipal.com.ar\/argentina\/wp-json\/wp\/v2\/categories?post=38885"},{"taxonomy":"post_tag","embeddable":true,"href":"http:\/\/argentinamunicipal.com.ar\/argentina\/wp-json\/wp\/v2\/tags?post=38885"}],"curies":[{"name":"wp","href":"https:\/\/api.w.org\/{rel}","templated":true}]}}