{"id":38914,"date":"2015-11-11T13:03:59","date_gmt":"2015-11-11T16:03:59","guid":{"rendered":"http:\/\/argentinamunicipal.com.ar\/argentina\/?p=38914"},"modified":"2015-11-11T13:03:59","modified_gmt":"2015-11-11T16:03:59","slug":"fiesta-nacional-de-las-colectividades-en-rosario-del-6-al-15-de-noviembre","status":"publish","type":"post","link":"http:\/\/argentinamunicipal.com.ar\/argentina\/fiesta-nacional-de-las-colectividades-en-rosario-del-6-al-15-de-noviembre\/","title":{"rendered":"Fiesta Nacional de las colectividades en Rosario del 6 al 15 de noviembre"},"content":{"rendered":"<p><a href=\"http:\/\/argentinamunicipal.com.ar\/argentina\/wp-content\/uploads\/2015\/11\/colectividades_2.jpg_1572130063.jpg\"><img loading=\"lazy\" decoding=\"async\" class=\"aligncenter  wp-image-38915\" src=\"http:\/\/argentinamunicipal.com.ar\/argentina\/wp-content\/uploads\/2015\/11\/colectividades_2.jpg_1572130063.jpg\" alt=\"colectividades_2.jpg_1572130063\" width=\"691\" height=\"389\" srcset=\"http:\/\/argentinamunicipal.com.ar\/argentina\/wp-content\/uploads\/2015\/11\/colectividades_2.jpg_1572130063.jpg 760w, http:\/\/argentinamunicipal.com.ar\/argentina\/wp-content\/uploads\/2015\/11\/colectividades_2.jpg_1572130063-300x169.jpg 300w\" sizes=\"auto, (max-width: 691px) 100vw, 691px\" \/><\/a><\/p>\n<p>La ciudad ya palpita esta nueva edici\u00f3n de unos de los eventos populares m\u00e1s convocantes del pa\u00eds. Ser\u00e1n diez noches con propuestas y actividades que reflejar\u00e1n historias de tierras lejanas y pondr\u00e1n de manifiesto la gran diversidad cultural que confluye en Rosario y la provincia.<\/p>\n<p>Medio centenar de colectividades de los cinco continentes volver\u00e1n a desplegar -del 6 al 15 de noviembre- tradiciones, m\u00fasica y danzas, mientras que en 38 stands se ofrecer\u00e1n sabores, aromas y productos de todo el mundo. Sobre el sector sur estar\u00e1 el predio dedicado a la Argentina, con la presencia de pueblos originarios y diferentes expresiones culturales de nuestro pa\u00eds.<\/p>\n<p>La fiesta abrir\u00e1 sus puertas de lunes a viernes a las 19 hs. y s\u00e1bados y domingos a las 17 hs. El cierre ser\u00e1, de domingo a jueves a las 00:30, y viernes y s\u00e1bados a la 1.30 hs.<\/p>\n<h6>Fuente: Sin Mordaza<\/h6>\n","protected":false},"excerpt":{"rendered":"<p>La ciudad ya palpita esta nueva edici\u00f3n de unos de los eventos populares m\u00e1s convocantes del pa\u00eds. Ser\u00e1n diez noches con propuestas y actividades que reflejar\u00e1n historias de tierras lejanas y pondr\u00e1n de manifiesto la gran diversidad cultural que confluye en Rosario y la provincia. Medio centenar de colectividades de los cinco continentes volver\u00e1n a<\/p>\n","protected":false},"author":2,"featured_media":38916,"comment_status":"closed","ping_status":"closed","sticky":false,"template":"","format":"standard","meta":{"footnotes":""},"categories":[47],"tags":[10],"class_list":["post-38914","post","type-post","status-publish","format-standard","has-post-thumbnail","hentry","category-fiestas","tag-santa-fe"],"_links":{"self":[{"href":"http:\/\/argentinamunicipal.com.ar\/argentina\/wp-json\/wp\/v2\/posts\/38914","targetHints":{"allow":["GET"]}}],"collection":[{"href":"http:\/\/argentinamunicipal.com.ar\/argentina\/wp-json\/wp\/v2\/posts"}],"about":[{"href":"http:\/\/argentinamunicipal.com.ar\/argentina\/wp-json\/wp\/v2\/types\/post"}],"author":[{"embeddable":true,"href":"http:\/\/argentinamunicipal.com.ar\/argentina\/wp-json\/wp\/v2\/users\/2"}],"replies":[{"embeddable":true,"href":"http:\/\/argentinamunicipal.com.ar\/argentina\/wp-json\/wp\/v2\/comments?post=38914"}],"version-history":[{"count":0,"href":"http:\/\/argentinamunicipal.com.ar\/argentina\/wp-json\/wp\/v2\/posts\/38914\/revisions"}],"wp:featuredmedia":[{"embeddable":true,"href":"http:\/\/argentinamunicipal.com.ar\/argentina\/wp-json\/wp\/v2\/media\/38916"}],"wp:attachment":[{"href":"http:\/\/argentinamunicipal.com.ar\/argentina\/wp-json\/wp\/v2\/media?parent=38914"}],"wp:term":[{"taxonomy":"category","embeddable":true,"href":"http:\/\/argentinamunicipal.com.ar\/argentina\/wp-json\/wp\/v2\/categories?post=38914"},{"taxonomy":"post_tag","embeddable":true,"href":"http:\/\/argentinamunicipal.com.ar\/argentina\/wp-json\/wp\/v2\/tags?post=38914"}],"curies":[{"name":"wp","href":"https:\/\/api.w.org\/{rel}","templated":true}]}}