{"id":38936,"date":"2015-11-12T07:10:46","date_gmt":"2015-11-12T10:10:46","guid":{"rendered":"http:\/\/argentinamunicipal.com.ar\/argentina\/?p=38936"},"modified":"2015-11-17T08:35:01","modified_gmt":"2015-11-17T11:35:01","slug":"seis-municipios-entrerrianos-integran-la-red-argentina-sobre-cambio-climatico","status":"publish","type":"post","link":"http:\/\/argentinamunicipal.com.ar\/argentina\/seis-municipios-entrerrianos-integran-la-red-argentina-sobre-cambio-climatico\/","title":{"rendered":"Seis municipios entrerrianos integran la Red Argentina sobre Cambio Clim\u00e1tico"},"content":{"rendered":"<p><a href=\"http:\/\/argentinamunicipal.com.ar\/argentina\/wp-content\/uploads\/2015\/11\/o_1447301026.jpg\"><img loading=\"lazy\" decoding=\"async\" class=\"aligncenter size-full wp-image-38937\" src=\"http:\/\/argentinamunicipal.com.ar\/argentina\/wp-content\/uploads\/2015\/11\/o_1447301026.jpg\" alt=\"o_1447301026\" width=\"640\" height=\"360\" srcset=\"http:\/\/argentinamunicipal.com.ar\/argentina\/wp-content\/uploads\/2015\/11\/o_1447301026.jpg 640w, http:\/\/argentinamunicipal.com.ar\/argentina\/wp-content\/uploads\/2015\/11\/o_1447301026-300x169.jpg 300w\" sizes=\"auto, (max-width: 640px) 100vw, 640px\" \/><\/a><br \/>\nDentro de dos semanas se reunir\u00e1 en Par\u00eds la Conferencia de Naciones Unidas sobre el Cambio Clim\u00e1tico. En la antesala de ese encuentro, municipios entrerrianos participaron de una jornada organizada por la Red Argentina que trabaja en la tem\u00e1tica.<\/p>\n<p>La provincia particip\u00f3 de una jornada organizada por la Red Argentina de Municipios frente al Cambio Clim\u00e1tico, que se realiz\u00f3 en San Isidro, provincia de Buenos Aires, y que cont\u00f3 con la presencia de los municipios adheridos, embajadores y delegaciones internacionales que expusieron su pol\u00edtica en cuanto al cambio clim\u00e1tico. Este encuentro antecedi\u00f3 a la cumbre que se llevar\u00e1 a cabo dentro de dos semanas en Par\u00eds.<\/p>\n<p>Entre R\u00edos es la \u00fanica provincia argentina que firm\u00f3 un convenio con la Red y ya son seis los municipios entrerrianos que se sumaron a la misma.<\/p>\n<p>El encuentro tuvo como objetivo reunir a los municipios y presentar sus planes de acci\u00f3n locales que ser\u00e1n presentados a diversas instituciones nacionales e internacionales y que se enviar\u00e1n a la COP21, que comienza el 30 de noviembre en Francia.<\/p>\n<p>Entre R\u00edos particip\u00f3 de un panel donde se expusieron distintas experiencias gubernamentales y municipales. En ese marco, disert\u00f3 el secretario de Ambiente, Fernando Raffo, quien hizo hincapi\u00e9 que en 2013 Entre R\u00edos fue la primera provincia argentina que firm\u00f3 el convenio para llevar adelante acciones tendientes a la divulgaci\u00f3n de la tem\u00e1tica del cambio clim\u00e1tico y convocar a los municipios para que se sumen a la Red.<\/p>\n<p>\u201cTambi\u00e9n contamos la experiencia de la conformaci\u00f3n del Consejo Provincial del Ambiente (Coproam), como un \u00e1mbito mixto para discutir pol\u00edticas p\u00fablicas entre los municipios y el gobierno provincial. Incluso uno de los objetivos del proyecto de ley de conformaci\u00f3n del Coproam es precisamente la difusi\u00f3n de acciones tendientes a la mitigaci\u00f3n frente al cambio clim\u00e1tico\u201d, explic\u00f3 Raffo. Agreg\u00f3 que Entre R\u00edos es una de las pocas provincias que ha generado este espacio para potenciar el trabajo de los municipios.<\/p>\n<p>El desarrollo del programa Producci\u00f3n M\u00e1s Limpia mediante el cual m\u00e1s de 100 pymes entrerrianas se sumaron e implementaron obras de mejora, en su mayor\u00eda, en pos de un ahorro energ\u00e9tico, fue otro de los ejes de la exposici\u00f3n del secretario de Ambiente entrerriano, adem\u00e1s del plan de gesti\u00f3n sustentable del Delta entrerriano que se est\u00e1 llevando adelante desde el gobierno provincial, el Plan de Gesti\u00f3n de los Residuos S\u00f3lidos Urbanos y el Plan Provincial de Manejo del Fuego.<\/p>\n<p>De Entre R\u00edos ya se sumaron seis municipios a la Red Argentina de Municipios contra el Cambio Clim\u00e1tico y, a partir de la capacitaci\u00f3n que se realiz\u00f3 hace 20 d\u00edas atr\u00e1s en Paran\u00e1 destinada a los municipios que integran el Coproam para aprender a realizar el c\u00e1lculo de emisiones de gases de efectos invernadero, se ir\u00e1n sumando m\u00e1s.<\/p>\n<p>Del evento participaron, entre otros, los embajadores de Estados Unidos, Noah Mamet; de Finlandia, Jukka Siukosaari; de Costa Rica, Luis Alberto Cordero Arias; de Nueva Zelanda para Argentina. Uruguay y Paraguay, Hayden Montgomery; la consejera de Asuntos Globales de la Embajada de Francia, Jeanne Simon; representantes de la Uni\u00f3n Europea en la Rep\u00fablica Argentina; y de las provincias de San Luis, Mendoza, Catamarca y Buenos Aires.<\/p>\n<p><strong>Trabajo articulado<\/strong><\/p>\n<p>En mayo pasado 80 gobiernos locales de Argentina se comprometieron a trabajar la tem\u00e1tica del cambio clim\u00e1tico y dise\u00f1ar sus Planes Locales de Acci\u00f3n Clim\u00e1tica (PLAC) con el objetivo de llevarlo a la COP21, que se realizar\u00e1 los \u00faltimos d\u00edas de noviembre y primeros de diciembre en Francia.<\/p>\n<p>A trav\u00e9s de la Declaraci\u00f3n de Municipios Latinoamericanos ante el Cambio Clim\u00e1tico frente a la COP21, que se firm\u00f3 en la ciudad de Rosario en el marco del IV Foro Latinoamericano de Desarrollo Sostenible, los gobiernos locales se articularon con el objetivo de presentar sus compromisos concretos frente al cambio clim\u00e1tico pero tambi\u00e9n unieron sus fuerzas para peticionar a las Naciones Unidas que sean considerados actores relevantes en las pol\u00edticas internacionales y de esta manera puedan acceder al reconocimiento institucional como as\u00ed tambi\u00e9n al apoyo t\u00e9cnico y financiero.<\/p>\n<p>En la actualidad 80 municipios y comunas han trabajado en el armado de sus inventarios de gases de efecto invernadero para posteriormente establecer sus metas de reducci\u00f3n al a\u00f1o 2020 contemplando los actores que participar\u00e1n del Plan, estipulando las inversiones y promoviendo ordenanzas locales que permitan trabajar diversos temas que inciden en el cambio clim\u00e1tico.<\/p>\n<p>Han trabajo municipios de las provincias de Buenos Aires, Santa Fe, C\u00f3rdoba, Entre R\u00edos, Corrientes, Tucum\u00e1n, La Pampa, San Luis, Misiones, R\u00edo Negro, Santa Cruz, Neuqu\u00e9n y Jujuy.<\/p>\n<h6>Fuente: El Diario; Entre R\u00edos<\/h6>\n","protected":false},"excerpt":{"rendered":"<p>Dentro de dos semanas se reunir\u00e1 en Par\u00eds la Conferencia de Naciones Unidas sobre el Cambio Clim\u00e1tico. En la antesala de ese encuentro, municipios entrerrianos participaron de una jornada organizada por la Red Argentina<\/p>\n","protected":false},"author":2,"featured_media":38937,"comment_status":"closed","ping_status":"closed","sticky":false,"template":"","format":"standard","meta":{"footnotes":""},"categories":[2],"tags":[17],"class_list":["post-38936","post","type-post","status-publish","format-standard","has-post-thumbnail","hentry","category-informe-municipal","tag-entre-rios"],"_links":{"self":[{"href":"http:\/\/argentinamunicipal.com.ar\/argentina\/wp-json\/wp\/v2\/posts\/38936","targetHints":{"allow":["GET"]}}],"collection":[{"href":"http:\/\/argentinamunicipal.com.ar\/argentina\/wp-json\/wp\/v2\/posts"}],"about":[{"href":"http:\/\/argentinamunicipal.com.ar\/argentina\/wp-json\/wp\/v2\/types\/post"}],"author":[{"embeddable":true,"href":"http:\/\/argentinamunicipal.com.ar\/argentina\/wp-json\/wp\/v2\/users\/2"}],"replies":[{"embeddable":true,"href":"http:\/\/argentinamunicipal.com.ar\/argentina\/wp-json\/wp\/v2\/comments?post=38936"}],"version-history":[{"count":0,"href":"http:\/\/argentinamunicipal.com.ar\/argentina\/wp-json\/wp\/v2\/posts\/38936\/revisions"}],"wp:featuredmedia":[{"embeddable":true,"href":"http:\/\/argentinamunicipal.com.ar\/argentina\/wp-json\/wp\/v2\/media\/38937"}],"wp:attachment":[{"href":"http:\/\/argentinamunicipal.com.ar\/argentina\/wp-json\/wp\/v2\/media?parent=38936"}],"wp:term":[{"taxonomy":"category","embeddable":true,"href":"http:\/\/argentinamunicipal.com.ar\/argentina\/wp-json\/wp\/v2\/categories?post=38936"},{"taxonomy":"post_tag","embeddable":true,"href":"http:\/\/argentinamunicipal.com.ar\/argentina\/wp-json\/wp\/v2\/tags?post=38936"}],"curies":[{"name":"wp","href":"https:\/\/api.w.org\/{rel}","templated":true}]}}