{"id":38951,"date":"2015-11-12T07:40:54","date_gmt":"2015-11-12T10:40:54","guid":{"rendered":"http:\/\/argentinamunicipal.com.ar\/argentina\/?p=38951"},"modified":"2015-11-12T07:40:54","modified_gmt":"2015-11-12T10:40:54","slug":"buscan-que-recuperadores-de-rio-cuarto-participen-en-la-recoleccion-formal-de-residuos","status":"publish","type":"post","link":"http:\/\/argentinamunicipal.com.ar\/argentina\/buscan-que-recuperadores-de-rio-cuarto-participen-en-la-recoleccion-formal-de-residuos\/","title":{"rendered":"Buscan que recuperadores de R\u00edo Cuarto participen en la recolecci\u00f3n formal de residuos"},"content":{"rendered":"<p><a href=\"http:\/\/argentinamunicipal.com.ar\/argentina\/wp-content\/uploads\/2015\/11\/Centro_Acondicionamiento_Residuos10.jpg\"><img loading=\"lazy\" decoding=\"async\" class=\"aligncenter size-full wp-image-38952\" src=\"http:\/\/argentinamunicipal.com.ar\/argentina\/wp-content\/uploads\/2015\/11\/Centro_Acondicionamiento_Residuos10.jpg\" alt=\"Centro_Acondicionamiento_Residuos10\" width=\"642\" height=\"366\" srcset=\"http:\/\/argentinamunicipal.com.ar\/argentina\/wp-content\/uploads\/2015\/11\/Centro_Acondicionamiento_Residuos10.jpg 642w, http:\/\/argentinamunicipal.com.ar\/argentina\/wp-content\/uploads\/2015\/11\/Centro_Acondicionamiento_Residuos10-300x171.jpg 300w\" sizes=\"auto, (max-width: 642px) 100vw, 642px\" \/><\/a><br \/>\nOrganizado por el Consejo Municipal del Medio Ambiente, se desarroll\u00f3 un encuentro de cooperativas cordobesas que desarrollan actividades vinculadas a la recuperaci\u00f3n de basura para el reciclado<\/p>\n<p>En el marco de las conferencias \u201cExperiencias Exitosas de Gesti\u00f3n Cooperativa en el Reciclaje Urbano\u201d, organizadas desde el Consejo del Medio Ambiente, se difundi\u00f3 el trabajo de dos grupos\u00a0 oriundos de Villa Urquiza y De\u00e1n Funes que se han dedicado a la recolecci\u00f3n de residuos para el reciclado. Las experiencias fueron destacadas en relaci\u00f3n a los avances que se podr\u00edan dar en el sistema municipal del manejo de la basura.<\/p>\n<p>El ente est\u00e1 coordinado por Francisco Varela Geuna, concejal del bloque R\u00edo Cuarto para Todos, y el encuentro se desarroll\u00f3 en el Concejo Deliberante, como reconocimiento parlamentario a referentes cartoneros que contaron su historia de inclusi\u00f3n socio-laboral en el trabajo de cooperativas, con 10 y 30 a\u00f1os de organizaci\u00f3n: Recuperarse (de De\u00e1n Funes) y Los Carreros (de Villa Urquiza).<\/p>\n<p>\u201cFue una actividad importante la de recibir a cooperativas que trabajan en otras ciudades con experiencias de muchos a\u00f1os\u201d, dijo Varela Geuna en di\u00e1logo con PUNTAL, y agreg\u00f3: \u201cEstamos satisfechos por el marco de p\u00fablico y la posibilidad de dar visibilidad al trabajo de las cooperativas que vienen con una estigmatizaci\u00f3n muy fuerte\u201d.<\/p>\n<p>El concejal destac\u00f3 que con la actividad \u201cse conocieron diversas experiencias, entre las que quiz\u00e1s R\u00edo Cuarto se encuentra en una mejor situaci\u00f3n por los a\u00f1os de trabajo de Promoci\u00f3n Social en el programa de Recuperadores Urbanos. Por otro lado, se conoci\u00f3 lo realizado en Villa Urquiza con un acuerdo junto a la prestadora que recolecta los residuos\u201d.<\/p>\n<p>Varela Geuna destac\u00f3 que \u201cun anhelo es el de incluirlos formalmente en el sistema de recolecci\u00f3n de residuos de R\u00edo Cuarto\u201d. Indic\u00f3 que \u201cm\u00e1s all\u00e1 de que se pueda experimentar el trabajo de algunos grupos, ser\u00eda pensar en una norma legal para que en determinado sector se encarguen de este tipo de trabajos, por ejemplo\u201d.<\/p>\n<p>En este sentido, sostuvo que es necesario \u201cvolver a pensar el sistema de higiene urbana de la ciudad, ya que en 8 meses se estar\u00e1 venciendo el contrato con Cotreco y debemos tomar una decisi\u00f3n de c\u00f3mo seguir. Nuestro aporte desde la comisi\u00f3n consistir\u00e1 en el trabajo desde una serie de reuniones para analizar medidas\u201d.<\/p>\n<p><strong>Profundizar<\/strong><\/p>\n<p>Luego de la actividad, uno de los organizadores, Ricardo Gianni, de la asociaci\u00f3n civil Educaci\u00f3n y Acci\u00f3n Ciudadana, se\u00f1al\u00f3: \u201cEstamos muy felices de haber podido compartir experiencias de la provincia con muchos a\u00f1os de lucha. Es emocionante verse reflejados en ese trabajo, al igual que pensar en qu\u00e9 sociedad queremos ser, y que ellos se sientan reconocidos\u201d. En este sentido, consider\u00f3 que se trata de \u201crecuperadores que han tratado de construir una opci\u00f3n a su vida, a su marginaci\u00f3n social, porque no les ha sido f\u00e1cil esa construcci\u00f3n\u201d.<\/p>\n<p>&#8211; \u00bfSe busca dar m\u00e1s protagonismo a los recuperadores en la recolecci\u00f3n formal de los residuos?<br \/>\n&#8211; La experiencia de haber podido entrar al recinto de la democracia, el Concejo Deliberante, y haber podido ser escuchados por concejales que no tuvieron la capacidad pol\u00edtica de dar el debate con la sociedad que se hab\u00edan comprometido con la audiencia p\u00fablica. Desde otros organismos del Estado, como el Consejo Econ\u00f3mico y Social o el de Medio Ambiente, se ha podido avanzar en el reclamo que tienen muchas organizaciones de la sociedad.<\/p>\n<p>Mayor participaci\u00f3n tiene que significar la inclusi\u00f3n de los 700 recuperadores de la ciudad en el sistema de higiene urbana, con cualquier gradualismo que se plantee: barrido, trabajo en un barrio, cooperativizaci\u00f3n, o abordajes m\u00faltiples. Pero si legalmente en la legislaci\u00f3n no se avanza con la inclusi\u00f3n de los recuperadores, seguir\u00edamos poniendo curitas.<\/p>\n<p>Gianni analiz\u00f3 lo sucedido durante la jornada de ayer, con un hecho muy significativo para el encuentro: \u201cSe vieron dos caras de la ciudad, porque un recuperador lleg\u00f3 a la conferencia en su carro y el Edecom quiso llev\u00e1rselo\u201d, dijo y reflexion\u00f3: \u201cSe pudo entender que est\u00e1 bien la pol\u00edtica de los zo\u00f3tropos y las legislaciones adoptadas, pero tenemos que profundizarla porque hay mucha gente que se queda afuera. Gentilmente, por medio de los concejales se le hizo ententer a los agentes que no ten\u00edan que llevarse el carro, sino dejarlos participar a aquellos que por sus condiciones de vida no han tenido voz durante tantos a\u00f1os\u201d.<\/p>\n<h6>Fuente: Puntal<\/h6>\n","protected":false},"excerpt":{"rendered":"<p>Organizado por el Consejo Municipal del Medio Ambiente, se desarroll\u00f3 un encuentro de cooperativas cordobesas que desarrollan actividades vinculadas a la recuperaci\u00f3n de basura para el reciclado En el marco de las conferencias \u201cExperiencias Exitosas de Gesti\u00f3n Cooperativa en el Reciclaje Urbano\u201d, organizadas desde el Consejo del Medio Ambiente, se difundi\u00f3 el trabajo de dos<\/p>\n","protected":false},"author":2,"featured_media":38952,"comment_status":"closed","ping_status":"closed","sticky":false,"template":"","format":"standard","meta":{"footnotes":""},"categories":[2],"tags":[3],"class_list":["post-38951","post","type-post","status-publish","format-standard","has-post-thumbnail","hentry","category-informe-municipal","tag-cordoba"],"_links":{"self":[{"href":"http:\/\/argentinamunicipal.com.ar\/argentina\/wp-json\/wp\/v2\/posts\/38951","targetHints":{"allow":["GET"]}}],"collection":[{"href":"http:\/\/argentinamunicipal.com.ar\/argentina\/wp-json\/wp\/v2\/posts"}],"about":[{"href":"http:\/\/argentinamunicipal.com.ar\/argentina\/wp-json\/wp\/v2\/types\/post"}],"author":[{"embeddable":true,"href":"http:\/\/argentinamunicipal.com.ar\/argentina\/wp-json\/wp\/v2\/users\/2"}],"replies":[{"embeddable":true,"href":"http:\/\/argentinamunicipal.com.ar\/argentina\/wp-json\/wp\/v2\/comments?post=38951"}],"version-history":[{"count":0,"href":"http:\/\/argentinamunicipal.com.ar\/argentina\/wp-json\/wp\/v2\/posts\/38951\/revisions"}],"wp:featuredmedia":[{"embeddable":true,"href":"http:\/\/argentinamunicipal.com.ar\/argentina\/wp-json\/wp\/v2\/media\/38952"}],"wp:attachment":[{"href":"http:\/\/argentinamunicipal.com.ar\/argentina\/wp-json\/wp\/v2\/media?parent=38951"}],"wp:term":[{"taxonomy":"category","embeddable":true,"href":"http:\/\/argentinamunicipal.com.ar\/argentina\/wp-json\/wp\/v2\/categories?post=38951"},{"taxonomy":"post_tag","embeddable":true,"href":"http:\/\/argentinamunicipal.com.ar\/argentina\/wp-json\/wp\/v2\/tags?post=38951"}],"curies":[{"name":"wp","href":"https:\/\/api.w.org\/{rel}","templated":true}]}}