{"id":38990,"date":"2015-11-12T09:03:12","date_gmt":"2015-11-12T12:03:12","guid":{"rendered":"http:\/\/argentinamunicipal.com.ar\/argentina\/?p=38990"},"modified":"2015-11-12T09:03:12","modified_gmt":"2015-11-12T12:03:12","slug":"crearan-el-parque-del-norte-en-santa-fe","status":"publish","type":"post","link":"http:\/\/argentinamunicipal.com.ar\/argentina\/crearan-el-parque-del-norte-en-santa-fe\/","title":{"rendered":"Crear\u00e1n el Parque del Norte en Santa Fe"},"content":{"rendered":"<p><a href=\"http:\/\/argentinamunicipal.com.ar\/argentina\/wp-content\/uploads\/2015\/11\/1panor\u00e1mica.jpg\"><img loading=\"lazy\" decoding=\"async\" class=\"aligncenter  wp-image-38991\" src=\"http:\/\/argentinamunicipal.com.ar\/argentina\/wp-content\/uploads\/2015\/11\/1panor\u00e1mica.jpg\" alt=\"1panor\u00e1mica\" width=\"623\" height=\"358\" srcset=\"http:\/\/argentinamunicipal.com.ar\/argentina\/wp-content\/uploads\/2015\/11\/1panor\u00e1mica.jpg 904w, http:\/\/argentinamunicipal.com.ar\/argentina\/wp-content\/uploads\/2015\/11\/1panor\u00e1mica-300x173.jpg 300w\" sizes=\"auto, (max-width: 623px) 100vw, 623px\" \/><\/a><\/p>\n<p>La propuesta de urbanizaci\u00f3n comprende un \u00e1rea de 227 hect\u00e1reas ubicadas entre avenida Pe\u00f1aloza, avenida Gorriti, Doctor Zavalla y Padre Quiroga. En este sector, 77 h\u00e9ctareas corresponder\u00e1n a espacio p\u00fablico.<\/p>\n<p>Esta tarde, a las 17, el intendente Jos\u00e9 Corral brindar\u00e1 detalles del proyecto de ordenanza que el Ejecutivo local elevar\u00e1 al Concejo Municipal para crear el Parque del Norte, como as\u00ed tambi\u00e9n establecer los lineamientos de un nuevo Ordenamiento Urbano para ese sector de la ciudad. La presentaci\u00f3n de las propuestas -enmarcadas en el Plan Norte, que form\u00f3 parte de las propuestas de la \u00faltima campa\u00f1a electoral- tendr\u00e1 lugar en el Centro Integrador Comunitario (CIC) ubicado en Facundo Zuvir\u00eda al 8002.<\/p>\n<p>El denominado desarrollo urbano Parque del Norte contar\u00e1 con una superficie de 227 hect\u00e1reas, dentro de las cuales est\u00e1n incluidos los predios del Jard\u00edn Bot\u00e1nico Municipal Lorenzo Parodi, del ex relleno sanitario y espacios verdes existentes. Seg\u00fan consta en la iniciativa que se remitir\u00e1 para tratamiento de los ediles, estar\u00e1 delimitado por las calles General Quiroga al norte, Doctor Zavalla al este, avenida Gorriti al sur y Avenida Pe\u00f1aloza al oeste,<\/p>\n<p><strong>Pulm\u00f3n paisaj\u00edstico y ambiental<\/strong><\/p>\n<p>El Jard\u00edn Bot\u00e1nico es el coraz\u00f3n del proyecto, al que se prev\u00e9 incorporar los terrenos de la cava de Borgo y el viejo relleno sanitario, debidamente recuperados para que los santafesinos dispongan de casi 80 hect\u00e1reas de parque urbano. Asimismo, se prev\u00e9n paseos, lagos y espacios deportivos, adem\u00e1s de una escuela de trabajo, y la mejora de las instalaciones del Centro de Distrito.<\/p>\n<h6>Fuente: Sin Mordaza<\/h6>\n","protected":false},"excerpt":{"rendered":"<p>La propuesta de urbanizaci\u00f3n comprende un \u00e1rea de 227 hect\u00e1reas ubicadas entre avenida Pe\u00f1aloza, avenida Gorriti, Doctor Zavalla y Padre Quiroga. En este sector, 77 h\u00e9ctareas corresponder\u00e1n a espacio p\u00fablico. Esta tarde, a las 17, el intendente Jos\u00e9 Corral brindar\u00e1 detalles del proyecto de ordenanza que el Ejecutivo local elevar\u00e1 al Concejo Municipal para crear<\/p>\n","protected":false},"author":2,"featured_media":38991,"comment_status":"closed","ping_status":"closed","sticky":false,"template":"","format":"standard","meta":{"footnotes":""},"categories":[2],"tags":[10],"class_list":["post-38990","post","type-post","status-publish","format-standard","has-post-thumbnail","hentry","category-informe-municipal","tag-santa-fe"],"_links":{"self":[{"href":"http:\/\/argentinamunicipal.com.ar\/argentina\/wp-json\/wp\/v2\/posts\/38990","targetHints":{"allow":["GET"]}}],"collection":[{"href":"http:\/\/argentinamunicipal.com.ar\/argentina\/wp-json\/wp\/v2\/posts"}],"about":[{"href":"http:\/\/argentinamunicipal.com.ar\/argentina\/wp-json\/wp\/v2\/types\/post"}],"author":[{"embeddable":true,"href":"http:\/\/argentinamunicipal.com.ar\/argentina\/wp-json\/wp\/v2\/users\/2"}],"replies":[{"embeddable":true,"href":"http:\/\/argentinamunicipal.com.ar\/argentina\/wp-json\/wp\/v2\/comments?post=38990"}],"version-history":[{"count":0,"href":"http:\/\/argentinamunicipal.com.ar\/argentina\/wp-json\/wp\/v2\/posts\/38990\/revisions"}],"wp:featuredmedia":[{"embeddable":true,"href":"http:\/\/argentinamunicipal.com.ar\/argentina\/wp-json\/wp\/v2\/media\/38991"}],"wp:attachment":[{"href":"http:\/\/argentinamunicipal.com.ar\/argentina\/wp-json\/wp\/v2\/media?parent=38990"}],"wp:term":[{"taxonomy":"category","embeddable":true,"href":"http:\/\/argentinamunicipal.com.ar\/argentina\/wp-json\/wp\/v2\/categories?post=38990"},{"taxonomy":"post_tag","embeddable":true,"href":"http:\/\/argentinamunicipal.com.ar\/argentina\/wp-json\/wp\/v2\/tags?post=38990"}],"curies":[{"name":"wp","href":"https:\/\/api.w.org\/{rel}","templated":true}]}}