{"id":39058,"date":"2015-11-13T13:00:24","date_gmt":"2015-11-13T16:00:24","guid":{"rendered":"http:\/\/argentinamunicipal.com.ar\/argentina\/?p=39058"},"modified":"2015-11-13T13:00:24","modified_gmt":"2015-11-13T16:00:24","slug":"cientificos-se-manifestaron-a-favor-de-la-inversion-publica-en-conocimiento","status":"publish","type":"post","link":"http:\/\/argentinamunicipal.com.ar\/argentina\/cientificos-se-manifestaron-a-favor-de-la-inversion-publica-en-conocimiento\/","title":{"rendered":"Cient\u00edficos se manifestaron a favor de la inversi\u00f3n p\u00fablica en conocimiento"},"content":{"rendered":"<p>Cient\u00edficos, docentes, investigadores y estudiantes se manifestaron en 13 ciudades bajo el lema \u00abDos modelos de Ciencia y Educaci\u00f3n, dos modelos de pa\u00eds\u201d y expresaron as\u00ed su apoyo a Scioli.<\/p>\n<p>La terminal ferroviaria de Constituci\u00f3n fue el espacio para la manifestaci\u00f3n de los cient\u00edficos que trabajan en diversos centros de investigaci\u00f3n del \u00e1rea metropolitana, que montaron en el hall central distintos puestos destinados a que los pasajeros que por all\u00ed circulan pudiesen interiorirzarse sobre sus tareas cotidianas, las investigaciones que desarrollan y las razones de su apoyo al candidato del Frente para la Victoria.<\/p>\n<p>Los cient\u00edficos montaron laboratorios abiertos de f\u00edsica, qu\u00edmica, y biolog\u00eda entre otras \u00e1reas de investigaci\u00f3n e invitaban a los transe\u00fantes a conocer sus trabajos, a la vez que les entregaban folletos reivindicando las pol\u00edticas cient\u00edficas y tecnol\u00f3gicas de los \u00faltimos 12 a\u00f1os y advert\u00edan sobre los riesgos para las mismas en caso de una victoria de Mauricio Macri en el balotaje.<\/p>\n<p>Nuria, una antrop\u00f3loga que investiga en el \u00e1rea de las relaciones laborales, dijo a T\u00e9lam que \u00abesta es una jornada nacional en la que en 13 ciudades distintas los cient\u00edficos y los investigadores nos juntamos para decirle muy claramente que no a Macri\u00bb.<\/p>\n<p>\u00abEsta tarde estamos haciendo esta misma actividad en Mar Del Plata, La Plata, Mendoza, R\u00edo Cuarto (C\u00f3rdoba), Salta, Tucum\u00e1n y otras ciudades en las que necesitamos que todos entiendan los riesgos que acarrea una victoria del PRO\u00bb, apunt\u00f3.<\/p>\n<p>La antrop\u00f3loga advirti\u00f3 que \u00abMacri en la Ciudad ha demostrado que gobierna y gestiona para los grandes grupos concentrados de la econom\u00eda, y a nosotros eso nos preocupa mucho porque para ellos la ciencia y la tecnolog\u00eda es s\u00f3lo para sus intereses empresariales y no para el crecimiento de la sociedad\u00bb.<\/p>\n<p>\u00abLa inversi\u00f3n de los \u00faltimos a\u00f1os en el \u00e1rea permiti\u00f3 que los cient\u00edficos del Conicet pudi\u00e9semos producir mucho conocimiento para dar respuesta a necesidades de nuestro pa\u00eds y la regi\u00f3n; investigaci\u00f3n en las que ning\u00fan privado invertir\u00eda su capital\u00bb, remarc\u00f3.<\/p>\n<p>Ignacio Sabbatella, polit\u00f3go y becario del Conicet, dijo a T\u00e9lam que todos ellos est\u00e1n \u00abpreocupados por las cosas que dicen desde el Frente Cambiemos en materia de Ciencia y tecnolog\u00eda, creemos que Daniel Scioli es continuidad de lo bueno que se viene haciendo en el \u00e1rea y creemos que todo esto no debe s\u00f3lo preservarse sino tambi\u00e9n modernizarse\u00bb.<\/p>\n<p>\u00abMacri representa un retroceso en ciencia y tecnolog\u00eda y por eso decidimos venir hasta ac\u00e1 a compartir con la gente esta muestra y explicarles nuestra posici\u00f3n\u00bb, agreg\u00f3.<\/p>\n<p>\u00abQuisimos estar ac\u00e1 para que la gente vea que es lo que se hace con la plata que es de todos y que el estado decide asignar a la ciencia y porque es importante darle continuidad a estas pol\u00edticas\u00bb, complet\u00f3.<\/p>\n<p>Gabriela, una f\u00edsica que investiga en el \u00e1rea de aplicaciones en biolog\u00eda, cont\u00f3 a T\u00e9lam que \u00abante las nulas pol\u00edticas de ciencia que el frente Cambiemos exhibe en su gesti\u00f3n en la ciudad todos consensuamos la necesidad de advertirle a la poblaci\u00f3n sobre los serios riesgos que conlleva que ese modelo se replique a nivel nacional\u00bb.<\/p>\n<p>\u00abEn estos doce a\u00f1os el Frente para la victoria vino aumentado el presupuesto de ciencia y tecnolog\u00eda, se multiplicaron las becas, se repatriaron cient\u00edficos e incluso construy\u00f3 un Ministerio; todo eso contrasta contra la nada que se hizo en la ciudad\u00bb, enfatiz\u00f3.<\/p>\n<p>Gabriela sostuvo que \u00abfrente a estas dos alternativas en el balotaje creemos imprescindible defender lo construido y generar conciencia sobre lo que se puede perder\u00bb.<\/p>\n<p>\u00abLa inversi\u00f3n es ciencia debe ser protegida y aumentada porque es fundamental para cualquier pa\u00eds; porque crecimiento puede haber en cualquier lado, pero el verdadero desarrollo es otra cosa y requiere necesariamente de la producci\u00f3n de conocimiento que construya independencia econ\u00f3mica y soberan\u00eda pol\u00edtica\u00bb, concluy\u00f3.<\/p>\n<p>Demian Panigo, economista del Conicet, cont\u00f3 a T\u00e9lam que \u00abesta manifestaci\u00f3n naci\u00f3 de la indignaci\u00f3n generalizada que nos provocaron las declaraciones de los referentes del frente Cambiemos en temas cient\u00edficos, empezamos a ver que todo lo que el conjunto de la sociedad construy\u00f3 en t\u00e9rminos cient\u00edficos en la \u00faltima d\u00e9cada pod\u00edan volverse 20 a\u00f1os para atr\u00e1s\u00bb.<\/p>\n<p>\u00abElegimos estar ac\u00e1 para manifestarnos porque los cient\u00edficos no s\u00f3lo tenemos la obligaci\u00f3n de investigar y producir conocimiento, sino tambi\u00e9n de difundirlo; queremos que vean y sepan que es lo que est\u00e1 en juego en el balotaje del 22 de noviembre\u00bb, finaliz\u00f3.<\/p>\n<h6>Fuente: T\u00e9lam<\/h6>\n","protected":false},"excerpt":{"rendered":"<p>Cient\u00edficos, docentes, investigadores y estudiantes se manifestaron en 13 ciudades bajo el lema \u00abDos modelos de Ciencia y Educaci\u00f3n, dos modelos de pa\u00eds\u201d y expresaron as\u00ed su apoyo a Scioli. La terminal ferroviaria de Constituci\u00f3n fue el espacio para la manifestaci\u00f3n de los cient\u00edficos que trabajan en diversos centros de investigaci\u00f3n del \u00e1rea metropolitana, que<\/p>\n","protected":false},"author":2,"featured_media":0,"comment_status":"closed","ping_status":"closed","sticky":false,"template":"","format":"standard","meta":{"footnotes":""},"categories":[8],"tags":[21],"class_list":["post-39058","post","type-post","status-publish","format-standard","hentry","category-informe-nacional","tag-argentina"],"_links":{"self":[{"href":"http:\/\/argentinamunicipal.com.ar\/argentina\/wp-json\/wp\/v2\/posts\/39058","targetHints":{"allow":["GET"]}}],"collection":[{"href":"http:\/\/argentinamunicipal.com.ar\/argentina\/wp-json\/wp\/v2\/posts"}],"about":[{"href":"http:\/\/argentinamunicipal.com.ar\/argentina\/wp-json\/wp\/v2\/types\/post"}],"author":[{"embeddable":true,"href":"http:\/\/argentinamunicipal.com.ar\/argentina\/wp-json\/wp\/v2\/users\/2"}],"replies":[{"embeddable":true,"href":"http:\/\/argentinamunicipal.com.ar\/argentina\/wp-json\/wp\/v2\/comments?post=39058"}],"version-history":[{"count":0,"href":"http:\/\/argentinamunicipal.com.ar\/argentina\/wp-json\/wp\/v2\/posts\/39058\/revisions"}],"wp:attachment":[{"href":"http:\/\/argentinamunicipal.com.ar\/argentina\/wp-json\/wp\/v2\/media?parent=39058"}],"wp:term":[{"taxonomy":"category","embeddable":true,"href":"http:\/\/argentinamunicipal.com.ar\/argentina\/wp-json\/wp\/v2\/categories?post=39058"},{"taxonomy":"post_tag","embeddable":true,"href":"http:\/\/argentinamunicipal.com.ar\/argentina\/wp-json\/wp\/v2\/tags?post=39058"}],"curies":[{"name":"wp","href":"https:\/\/api.w.org\/{rel}","templated":true}]}}