{"id":39097,"date":"2015-11-16T08:32:48","date_gmt":"2015-11-16T11:32:48","guid":{"rendered":"http:\/\/argentinamunicipal.com.ar\/argentina\/?p=39097"},"modified":"2015-11-16T08:32:48","modified_gmt":"2015-11-16T11:32:48","slug":"santa-fe-asumira-la-presidencia-de-la-red-de-mercociudades","status":"publish","type":"post","link":"http:\/\/argentinamunicipal.com.ar\/argentina\/santa-fe-asumira-la-presidencia-de-la-red-de-mercociudades\/","title":{"rendered":"Santa Fe asumir\u00e1 la presidencia de la Red de Mercociudades"},"content":{"rendered":"<p><a href=\"http:\/\/argentinamunicipal.com.ar\/argentina\/wp-content\/uploads\/2015\/11\/139274_mercosiudades.jpg\"><img loading=\"lazy\" decoding=\"async\" class=\"aligncenter  wp-image-39098\" src=\"http:\/\/argentinamunicipal.com.ar\/argentina\/wp-content\/uploads\/2015\/11\/139274_mercosiudades.jpg\" alt=\"139274_mercosiudades\" width=\"631\" height=\"355\" srcset=\"http:\/\/argentinamunicipal.com.ar\/argentina\/wp-content\/uploads\/2015\/11\/139274_mercosiudades.jpg 1024w, http:\/\/argentinamunicipal.com.ar\/argentina\/wp-content\/uploads\/2015\/11\/139274_mercosiudades-300x169.jpg 300w\" sizes=\"auto, (max-width: 631px) 100vw, 631px\" \/><\/a><\/p>\n<p>La entidad re\u00fane a 293 ciudades de toda Am\u00e9rica Latina. Santa Fe fue elegida por unanimidad en una cumbre que se realiz\u00f3 en San Pablo, con la presencia del intendente Corral.<\/p>\n<p>La ciudad de Santa Fe fue elegida, por primera vez en su historia, para ejercer la presidencia de la Red de Mercociudades, una organizaci\u00f3n que nuclea a 293 ciudades de toda Latinoam\u00e9rica, durante el per\u00edodo 2016-2017. La designaci\u00f3n, que fue aprobada por unanimidad, se llev\u00f3 a cabo en San Pablo (Brasil), en el marco de la 20\u00aa cumbre que reuni\u00f3 a l\u00edderes locales para el debate y el intercambio de experiencias, y que concluy\u00f3 ayer.<\/p>\n<p>\u201cMercociudades es la principal red de municipios del Mercosur, y una entidad de referencia en los procesos de integraci\u00f3n al que est\u00e1n asociados la Argentina, Brasil, Paraguay, Uruguay, Venezuela, Chile, Bolivia, Per\u00fa y Colombia, donde viven m\u00e1s de 80 millones de personas\u201d, destac\u00f3 el intendente Jos\u00e9 Corral, que estuvo en San Pablo para encabezar la postulaci\u00f3n de Santa Fe para ejercer la presidencia durante el per\u00edodo 2016-2017.<\/p>\n<p>Al realizar la presentaci\u00f3n de la capital provincial, Corral propuso que el lema de trabajo de la Red de Mercociudades durante el per\u00edodo 2016-2017 sea \u201cConstrucci\u00f3n de sociedades resilientes en el marco de la integraci\u00f3n regional\u201d.<\/p>\n<p>Al realizar la postulaci\u00f3n en la asamblea, el intendente santafesino habl\u00f3 de la historia de la ciudad, sus caracter\u00edsticas, y cont\u00f3 el trabajo que se viene realizando dentro de Mercociudades. \u201cAl presentar el lema que propusimos para la Red, quisimos compartir la experiencia, que estamos llevando adelante de una ciudad que enfrenta sus desaf\u00edos -los m\u00e1s agudos, como las inundaciones, las lluvias; y los problemas cr\u00f3nicos, como la pobreza y la violencia- desde una mirada integral, y pensando el desarrollo y el planeamiento de la ciudad, tratando de abarcar todas las dimensiones y poniendo como eje central la equidad, una ciudad para todos\u201d, resumi\u00f3 Corral, tras la elecci\u00f3n de Santa Fe para la presidencia de la Red.<\/p>\n<p>El intendente destac\u00f3 que la ciudad tiene un trabajo reconocido en ciertos temas, como gesti\u00f3n de riesgo, ambiente y educaci\u00f3n inicial. \u201cSon temas que hemos compartido con otras ciudades en la Red, y hay un trabajo muy serio de v\u00ednculo de la ciudad a trav\u00e9s de la Agencia de Cooperaci\u00f3n, Inversiones y Comercio Exterior, con participaci\u00f3n en Mercociudades, que es la red de ciudades m\u00e1s importantes de Am\u00e9rica del Sur\u201d, explic\u00f3.<\/p>\n<p>\u201cLa designaci\u00f3n de Santa Fe para ejercer la presidencia de la Red de Mercociudades significa que vamos a estar en un lugar destacado en el mapa de las ciudades de Am\u00e9rica del Sur. En la Cumbre, que se realizar\u00e1 durante noviembre de 2016, nos van a visitar alcaldes e intendentes de capitales de pa\u00edses, como Montevideo, Asunci\u00f3n, Santiago, y otras que vienen trabajando desde hace mucho tiempo y con las que es valioso compartir experiencias, como San Pablo, la Ciudad Aut\u00f3noma de Buenos Aires, Rosario, C\u00f3rdoba y Porto Alegre, por citar unas pocas\u201d, concluy\u00f3 Corral.<\/p>\n<h6>Fuente: El Litoral, Santa Fe<\/h6>\n","protected":false},"excerpt":{"rendered":"<p>La entidad re\u00fane a 293 ciudades de toda Am\u00e9rica Latina. Santa Fe fue elegida por unanimidad en una cumbre que se realiz\u00f3 en San Pablo, con la presencia del intendente Corral. La ciudad de Santa Fe fue elegida, por primera vez en su historia, para ejercer la presidencia de la Red de Mercociudades, una organizaci\u00f3n<\/p>\n","protected":false},"author":2,"featured_media":39098,"comment_status":"closed","ping_status":"closed","sticky":false,"template":"","format":"standard","meta":{"footnotes":""},"categories":[2],"tags":[10],"class_list":["post-39097","post","type-post","status-publish","format-standard","has-post-thumbnail","hentry","category-informe-municipal","tag-santa-fe"],"_links":{"self":[{"href":"http:\/\/argentinamunicipal.com.ar\/argentina\/wp-json\/wp\/v2\/posts\/39097","targetHints":{"allow":["GET"]}}],"collection":[{"href":"http:\/\/argentinamunicipal.com.ar\/argentina\/wp-json\/wp\/v2\/posts"}],"about":[{"href":"http:\/\/argentinamunicipal.com.ar\/argentina\/wp-json\/wp\/v2\/types\/post"}],"author":[{"embeddable":true,"href":"http:\/\/argentinamunicipal.com.ar\/argentina\/wp-json\/wp\/v2\/users\/2"}],"replies":[{"embeddable":true,"href":"http:\/\/argentinamunicipal.com.ar\/argentina\/wp-json\/wp\/v2\/comments?post=39097"}],"version-history":[{"count":0,"href":"http:\/\/argentinamunicipal.com.ar\/argentina\/wp-json\/wp\/v2\/posts\/39097\/revisions"}],"wp:featuredmedia":[{"embeddable":true,"href":"http:\/\/argentinamunicipal.com.ar\/argentina\/wp-json\/wp\/v2\/media\/39098"}],"wp:attachment":[{"href":"http:\/\/argentinamunicipal.com.ar\/argentina\/wp-json\/wp\/v2\/media?parent=39097"}],"wp:term":[{"taxonomy":"category","embeddable":true,"href":"http:\/\/argentinamunicipal.com.ar\/argentina\/wp-json\/wp\/v2\/categories?post=39097"},{"taxonomy":"post_tag","embeddable":true,"href":"http:\/\/argentinamunicipal.com.ar\/argentina\/wp-json\/wp\/v2\/tags?post=39097"}],"curies":[{"name":"wp","href":"https:\/\/api.w.org\/{rel}","templated":true}]}}