{"id":39116,"date":"2015-11-16T12:53:07","date_gmt":"2015-11-16T15:53:07","guid":{"rendered":"http:\/\/argentinamunicipal.com.ar\/argentina\/?p=39116"},"modified":"2015-11-16T12:53:07","modified_gmt":"2015-11-16T15:53:07","slug":"la-intendenta-de-rosario-aseguro-que-profundizara-las-politicas-locales-sobre-sustentabilidad","status":"publish","type":"post","link":"http:\/\/argentinamunicipal.com.ar\/argentina\/la-intendenta-de-rosario-aseguro-que-profundizara-las-politicas-locales-sobre-sustentabilidad\/","title":{"rendered":"La Intendenta de Rosario\u00a0asegur\u00f3 que profundizar\u00e1 las pol\u00edticas locales sobre sustentabilidad"},"content":{"rendered":"<div id=\"attachment_39117\" style=\"width: 631px\" class=\"wp-caption aligncenter\"><a href=\"http:\/\/argentinamunicipal.com.ar\/argentina\/wp-content\/uploads\/2015\/11\/C501.jpg_88717827.jpg\"><img loading=\"lazy\" decoding=\"async\" aria-describedby=\"caption-attachment-39117\" class=\"size-full wp-image-39117\" src=\"http:\/\/argentinamunicipal.com.ar\/argentina\/wp-content\/uploads\/2015\/11\/C501.jpg_88717827.jpg\" alt=\"Presentaci\u00f3n. La intendenta expuso la experiencia de Rosario en la cumbre de San Pablo.\" width=\"621\" height=\"465\" srcset=\"http:\/\/argentinamunicipal.com.ar\/argentina\/wp-content\/uploads\/2015\/11\/C501.jpg_88717827.jpg 621w, http:\/\/argentinamunicipal.com.ar\/argentina\/wp-content\/uploads\/2015\/11\/C501.jpg_88717827-300x225.jpg 300w\" sizes=\"auto, (max-width: 621px) 100vw, 621px\" \/><\/a><p id=\"caption-attachment-39117\" class=\"wp-caption-text\">Presentaci\u00f3n. La intendenta expuso la experiencia de Rosario en la cumbre de San Pablo.<\/p><\/div>\n<p>La intendenta de Rosario, M\u00f3nica Fein,\u00a0 particip\u00f3 del plenario de alcaldes de la XX Cumbre de Mercociudades que hizo eje en la agenda sobre cambio clim\u00e1tico.<\/p>\n<p>La intendenta M\u00f3nica Fein condujo el plenario de alcaldes de Mercociudades en la XX Cumbre de Mercociudades que se desarroll\u00f3 en San Pablo. All\u00ed cedi\u00f3 el mando de la Red a Fernando Haddad, su par brasile\u00f1o, quien asumir\u00e1 el mandato del per\u00edodo 2016\/17.<\/p>\n<p>\u201cParticipamos de un encuentro muy importante para las ciudades de Am\u00e9rica Latina. Discutimos los proyectos que llevamos adelante para mejorar la calidad de vida de los ciudadanos, y coincidimos en implementar acciones que promuevan el desarrollo sostenible\u201d, destac\u00f3 Fein durante la reuni\u00f3n.<\/p>\n<p>Bajo el lema \u201cCiudades del futuro, desaf\u00edos del presente\u201d, la cumbre propuso un amplio debate en relaci\u00f3n a tres puntos: la agenda 2030 de los objetivos de desarrollo sostenible, los acuerdos mundiales de cara a la conferencia del clima Par\u00eds 2015, y la definici\u00f3n de una nueva agenda urbana en el marco de los compromisos del H\u00e1bitat III.<\/p>\n<p>La intendenta enumer\u00f3 las experiencias de Rosario. \u201cLos cambios que hemos planteados son muy similares a los desaf\u00edos que ciudades latinoamericanas han llevado adelante, sin embargo tenemos m\u00e1s kil\u00f3metros de ciclov\u00edas por habitante y m\u00e1s espacios verdes p\u00fablicos. La planta de tratamiento de residuos tambi\u00e9n se diferencia, pero debemos profundizar nuestras pol\u00edticas p\u00fablicas y comprometernos con pol\u00edticas sociales de impacto en los barrios\u201d, enfatiz\u00f3 la mandataria local.<\/p>\n<p>Fernando Haddad, alcalde San Pablo y actual presidente de la Red de Mercociudades, remarc\u00f3 la necesidad de proponer y concretar medidas que cambien los h\u00e1bitos culturales y mejoren el ambiente.<\/p>\n<p>La XX Cumbre fue una oportunidad para poner en valor los veinte a\u00f1os de existencia de la Red y reforzar su rol en el proceso de integraci\u00f3n regional, adem\u00e1s de plantear los desaf\u00edos pendientes vinculados a problem\u00e1ticas urbanas relevantes en un contexto de creciente posicionamiento de los gobiernos locales en la agenda internacional.<\/p>\n<p><strong>Nombramiento.<\/strong> Fein fue nombrada vicepresidente de uno de los cinco ejes de la Red, liderar\u00e1 las proyectos de sostenibilidad y cambio clim\u00e1tico.<\/p>\n<p>\u201cEsta designaci\u00f3n refuerza a\u00fan m\u00e1s la gesti\u00f3n que hemos propuesto. Rosario ha sido pionera en muchos de los proyectos que hoy se presentaron como novedosos y estoy segura que podemos encabezar nuevos cambios que marcaran el rumbo hacia un desarrollo sostenible teniendo en cuenta una visi\u00f3n integral\u201d, concluy\u00f3 la mandataria.<\/p>\n<h6>Fuente: La Capital, Rosario<\/h6>\n","protected":false},"excerpt":{"rendered":"<p>La intendenta de Rosario, M\u00f3nica Fein,\u00a0 particip\u00f3 del plenario de alcaldes de la XX Cumbre de Mercociudades que hizo eje en la agenda sobre cambio clim\u00e1tico. La intendenta M\u00f3nica Fein condujo el plenario de alcaldes de Mercociudades en la XX Cumbre de Mercociudades que se desarroll\u00f3 en San Pablo. All\u00ed cedi\u00f3 el mando de la<\/p>\n","protected":false},"author":2,"featured_media":39117,"comment_status":"closed","ping_status":"closed","sticky":false,"template":"","format":"standard","meta":{"footnotes":""},"categories":[2],"tags":[10],"class_list":["post-39116","post","type-post","status-publish","format-standard","has-post-thumbnail","hentry","category-informe-municipal","tag-santa-fe"],"_links":{"self":[{"href":"http:\/\/argentinamunicipal.com.ar\/argentina\/wp-json\/wp\/v2\/posts\/39116","targetHints":{"allow":["GET"]}}],"collection":[{"href":"http:\/\/argentinamunicipal.com.ar\/argentina\/wp-json\/wp\/v2\/posts"}],"about":[{"href":"http:\/\/argentinamunicipal.com.ar\/argentina\/wp-json\/wp\/v2\/types\/post"}],"author":[{"embeddable":true,"href":"http:\/\/argentinamunicipal.com.ar\/argentina\/wp-json\/wp\/v2\/users\/2"}],"replies":[{"embeddable":true,"href":"http:\/\/argentinamunicipal.com.ar\/argentina\/wp-json\/wp\/v2\/comments?post=39116"}],"version-history":[{"count":0,"href":"http:\/\/argentinamunicipal.com.ar\/argentina\/wp-json\/wp\/v2\/posts\/39116\/revisions"}],"wp:featuredmedia":[{"embeddable":true,"href":"http:\/\/argentinamunicipal.com.ar\/argentina\/wp-json\/wp\/v2\/media\/39117"}],"wp:attachment":[{"href":"http:\/\/argentinamunicipal.com.ar\/argentina\/wp-json\/wp\/v2\/media?parent=39116"}],"wp:term":[{"taxonomy":"category","embeddable":true,"href":"http:\/\/argentinamunicipal.com.ar\/argentina\/wp-json\/wp\/v2\/categories?post=39116"},{"taxonomy":"post_tag","embeddable":true,"href":"http:\/\/argentinamunicipal.com.ar\/argentina\/wp-json\/wp\/v2\/tags?post=39116"}],"curies":[{"name":"wp","href":"https:\/\/api.w.org\/{rel}","templated":true}]}}