{"id":39122,"date":"2015-11-18T07:56:33","date_gmt":"2015-11-18T10:56:33","guid":{"rendered":"http:\/\/argentinamunicipal.com.ar\/argentina\/?p=39122"},"modified":"2015-11-25T08:34:23","modified_gmt":"2015-11-25T11:34:23","slug":"parana-jardines-maternales-municipales-una-politica-de-estado","status":"publish","type":"post","link":"http:\/\/argentinamunicipal.com.ar\/argentina\/parana-jardines-maternales-municipales-una-politica-de-estado\/","title":{"rendered":"Paran\u00e1: Jardines Maternales Municipales, una pol\u00edtica de estado"},"content":{"rendered":"<p><a href=\"http:\/\/argentinamunicipal.com.ar\/argentina\/wp-content\/uploads\/2015\/11\/o_1424258341.jpg\"><img loading=\"lazy\" decoding=\"async\" class=\"aligncenter size-full wp-image-39123\" src=\"http:\/\/argentinamunicipal.com.ar\/argentina\/wp-content\/uploads\/2015\/11\/o_1424258341.jpg\" alt=\"o_1424258341\" width=\"640\" height=\"480\" srcset=\"http:\/\/argentinamunicipal.com.ar\/argentina\/wp-content\/uploads\/2015\/11\/o_1424258341.jpg 640w, http:\/\/argentinamunicipal.com.ar\/argentina\/wp-content\/uploads\/2015\/11\/o_1424258341-300x225.jpg 300w\" sizes=\"auto, (max-width: 640px) 100vw, 640px\" \/><\/a><br \/>\nCon el firme objetivo de garantizar el acceso a una educaci\u00f3n gratuita de calidad para los ni\u00f1os y ni\u00f1as de nuestra ciudad, el gobierno municipal realiz\u00f3 importantes inversiones en infraestructura, para fortalecer las pol\u00edticas en educaci\u00f3n p\u00fablica municipal, a su vez que se contribuye a brindar un espacio donde las madres trabajadoras de sectores m\u00e1s humildes, pueden dejar a sus hijos, lo cual tambi\u00e9n fortalece las pol\u00edticas de g\u00e9nero. Se construyeron tres nuevos Jardines Maternales y se pusieron en valor cuatro ya existentes. Estas obras, capacitaciones y nuevos turnos benefician, sobre todo, a madres que no tienen d\u00f3nde alojar a sus ni\u00f1os en sus horarios de trabajo o que no cuentan con los recursos suficientes para abonar una cuota en jardines privados.<\/p>\n<p>Las pol\u00edticas puestas en marcha como un aporte para el crecimiento personal y profesional del trabajador p\u00fablico, se traducen tambi\u00e9n en una mejora en la calidad de la prestaci\u00f3n de sus servicios a la comunidad. La intendenta municipal Blanca Osuna, consider\u00f3 que \u201ces muy importante que en los jardines maternales haya gente de bien, que se prepare profesionalmente, que se preocupe por la ense\u00f1anza de los ni\u00f1os\u201d, refiri\u00e9ndose a los talleres y capacitaciones que se realizan para docentes y auxiliares. La Intendenta tambi\u00e9n sostuvo: \u201cPara nosotros es un eje clave trabajar con el tema vinculado a los derechos de la mujer y de los ni\u00f1os, y en virtud de ello es que la capacitaci\u00f3n permanente de las personas que trabajan en los jardines, es una meta. Estamos presentando nuevas normativas de jardines maternales y la verdad es que lo hemos trabajado de manera compartida\u201d.<\/p>\n<p>La presidenta municipal indic\u00f3 adem\u00e1s que \u201cel municipio recibe a los ni\u00f1os m\u00e1s humildes de la ciudad, cuyas mam\u00e1s no pueden abonar cuotas o no tiene otra opci\u00f3n m\u00e1s que el jard\u00edn maternal. Por eso queremos ser una referencia, no como descarte sino como un lugar de elecci\u00f3n donde los chicos nuestros est\u00e9n bien, est\u00e9n mejor. En eso venimos trabajando y el debate que hoy nos damos es un aporte en esta direcci\u00f3n\u201d, sostuvo.<br \/>\nComplementando las pol\u00edticas educativas de la gesti\u00f3n municipal, se destaca la vigencia desde 2013, del Registro Municipal de Docentes y Auxiliares de Docentes de los Jardines Maternales Municipales, cuyo \u00e1mbito competente es la Secretar\u00eda de Derechos Humanos, Salud y Educaci\u00f3n.<\/p>\n<p><strong>CAPACITACI\u00d3N.<\/strong> Dado el crecimiento de la demanda de vacantes para Jardines Maternales no solamente se incrementaron los edificios, sino que tambi\u00e9n se implement\u00f3 la capacitaci\u00f3n para los trabajadores municipales que se desempe\u00f1an en los distintos centros educativos. A trav\u00e9s de esto se busca obtener las herramientas necesarias para desarrollar estrategias en el cuidado de los ni\u00f1os y ni\u00f1as, acorde a sus caracter\u00edsticas madurativas, intelectuales, comunicacionales y afectivas, con el objetivo de cubrir sus necesidades individuales facilitando su desarrollo y crecimiento.<\/p>\n<p>Junto a la Universidad Aut\u00f3noma de Entre R\u00edos, el gobierno municipal llev\u00f3 adelante diferentes capacitaciones para profesionalizar la tarea de las jardineras de las instituciones maternales municipales. El Rector de Uader, An\u00edbal Sattler, remarc\u00f3 que la instituci\u00f3n celebra formar parte de estas pol\u00edticas.<\/p>\n<p><strong>M\u00c1S TURNOS.<\/strong> Durante el transcurso de la actual gesti\u00f3n municipal, desde 2013 se vienen ampliando los turnos en los Jardines Maternales Municipales, que antes s\u00f3lo brindaban atenci\u00f3n durante el turno ma\u00f1ana. Actualmente los jardines Principito, Compa\u00f1eritos, Abejitas, Evita, Patito Sirir\u00ed y Ping\u00fcinitos tambi\u00e9n cuentan con turno tarde, lo que beneficia e incluye a 300 ni\u00f1os y ni\u00f1as al sistema educativo municipal de nuestra ciudad.<\/p>\n<h6>Fuente: El Diario; Entre R\u00edos<\/h6>\n","protected":false},"excerpt":{"rendered":"<p>Con el firme objetivo de garantizar el acceso a una educaci\u00f3n gratuita de calidad, el gobierno municipal realiz\u00f3 importantes inversiones en infraestructura, para fortalecer las pol\u00edticas en educaci\u00f3n p\u00fablica municipal<\/p>\n","protected":false},"author":2,"featured_media":39123,"comment_status":"closed","ping_status":"closed","sticky":false,"template":"","format":"standard","meta":{"footnotes":""},"categories":[2],"tags":[17],"class_list":["post-39122","post","type-post","status-publish","format-standard","has-post-thumbnail","hentry","category-informe-municipal","tag-entre-rios"],"_links":{"self":[{"href":"http:\/\/argentinamunicipal.com.ar\/argentina\/wp-json\/wp\/v2\/posts\/39122","targetHints":{"allow":["GET"]}}],"collection":[{"href":"http:\/\/argentinamunicipal.com.ar\/argentina\/wp-json\/wp\/v2\/posts"}],"about":[{"href":"http:\/\/argentinamunicipal.com.ar\/argentina\/wp-json\/wp\/v2\/types\/post"}],"author":[{"embeddable":true,"href":"http:\/\/argentinamunicipal.com.ar\/argentina\/wp-json\/wp\/v2\/users\/2"}],"replies":[{"embeddable":true,"href":"http:\/\/argentinamunicipal.com.ar\/argentina\/wp-json\/wp\/v2\/comments?post=39122"}],"version-history":[{"count":0,"href":"http:\/\/argentinamunicipal.com.ar\/argentina\/wp-json\/wp\/v2\/posts\/39122\/revisions"}],"wp:featuredmedia":[{"embeddable":true,"href":"http:\/\/argentinamunicipal.com.ar\/argentina\/wp-json\/wp\/v2\/media\/39123"}],"wp:attachment":[{"href":"http:\/\/argentinamunicipal.com.ar\/argentina\/wp-json\/wp\/v2\/media?parent=39122"}],"wp:term":[{"taxonomy":"category","embeddable":true,"href":"http:\/\/argentinamunicipal.com.ar\/argentina\/wp-json\/wp\/v2\/categories?post=39122"},{"taxonomy":"post_tag","embeddable":true,"href":"http:\/\/argentinamunicipal.com.ar\/argentina\/wp-json\/wp\/v2\/tags?post=39122"}],"curies":[{"name":"wp","href":"https:\/\/api.w.org\/{rel}","templated":true}]}}