{"id":39136,"date":"2015-11-17T07:15:36","date_gmt":"2015-11-17T10:15:36","guid":{"rendered":"http:\/\/argentinamunicipal.com.ar\/argentina\/?p=39136"},"modified":"2015-11-17T07:15:36","modified_gmt":"2015-11-17T10:15:36","slug":"el-indice-de-desocupacion-en-59-el-mas-bajo-en-los-ultimos-28-anos","status":"publish","type":"post","link":"http:\/\/argentinamunicipal.com.ar\/argentina\/el-indice-de-desocupacion-en-59-el-mas-bajo-en-los-ultimos-28-anos\/","title":{"rendered":"El \u00edndice de desocupaci\u00f3n en 5,9%: el m\u00e1s bajo en los \u00faltimos 28 a\u00f1os"},"content":{"rendered":"<p><a href=\"http:\/\/argentinamunicipal.com.ar\/argentina\/wp-content\/uploads\/2015\/11\/546e171ca3df8_760x506.jpg\"><img loading=\"lazy\" decoding=\"async\" class=\"aligncenter  wp-image-39137\" src=\"http:\/\/argentinamunicipal.com.ar\/argentina\/wp-content\/uploads\/2015\/11\/546e171ca3df8_760x506.jpg\" alt=\"546e171ca3df8_760x506\" width=\"688\" height=\"458\" srcset=\"http:\/\/argentinamunicipal.com.ar\/argentina\/wp-content\/uploads\/2015\/11\/546e171ca3df8_760x506.jpg 760w, http:\/\/argentinamunicipal.com.ar\/argentina\/wp-content\/uploads\/2015\/11\/546e171ca3df8_760x506-300x200.jpg 300w\" sizes=\"auto, (max-width: 688px) 100vw, 688px\" \/><\/a><br \/>\nAs\u00ed lo indica el informe del Instituto Nacional de Estad\u00edstica y Censos. Para encontrar un \u00edndice equivalente hay que remontarse a octubre de 1985, cuando se observaban guarismos similares.<\/p>\n<p>El \u00cdndice de Desocupaci\u00f3n alcanz\u00f3 durante el tercer trimestre de este a\u00f1o al 5,9%, el nivel m\u00e1s bajo en los \u00faltimos 28 a\u00f1os, y por debajo del 7,5% que presentaba en igual per\u00edodo del 2014, inform\u00f3 hoy el Instituto Nacional de Estad\u00edstica y Censos (INDEC).<\/p>\n<p>El organismo dio cuenta tambi\u00e9n que la sub ocupaci\u00f3n demandante, entendida esta como la cantidad de gente que trabaja menos de 35 horas semanales, pero quisieran laborar mas, alcanz\u00f3 entre julio y septiembre al 5,9%, frente al 6,3% del 2014, mientras que los no demandantes se ubicaron en el 2,7%, desde el 2,9%.<\/p>\n<p>Para encontrar un nivel de desocupaci\u00f3n menor al 5,9% hay que remontarse a octubre del 1987, cuando el \u00edndice del INDEC era del 5,7%, era presidente el radical Ra\u00fal Alfons\u00edn, y estaba en vigencia el Plan Austral, un ajuste monetario que permiti\u00f3 una cierta estabilidad econ\u00f3mica que se extendi\u00f3 desde 1985 hasta 1988, cuando comenz\u00f3 una escalada de precios.<\/p>\n<p>Un poco m\u00e1s atr\u00e1s, en octubre de 1985, la desocupaci\u00f3n rondaba el 5,9% con una gran participaci\u00f3n del Estado dentro de la Econom\u00eda, ya que casi todas las empresas de servicios, entre ellas, las telef\u00f3nicas, de gas, y de electricidad, estaban en manos del Gobierno.<\/p>\n<p>M\u00e1s all\u00e1 de los datos hist\u00f3ricos lo cierto es que esta fuerte baja en la desocupaci\u00f3n, que pas\u00f3 del 7,5% hace un a\u00f1o, al 5,9% en el corriente, se dio en el marco de un crecimiento cercano al 2,5% interanual, seg\u00fan las estimaciones del propio INDEC.<\/p>\n<p>El ministro de Econom\u00eda de la Naci\u00f3n y diputado electo por la Ciudad de Buenos Aires por el Frente para la Victoria (FpV), Axel Kicillof dijo en septiembre, durante la campa\u00f1a electoral que \u201cla oposici\u00f3n se equivoc\u00f3 durante 12 a\u00f1os diciendo que se ven\u00eda el estallido y la desocupaci\u00f3n\u00bb.<\/p>\n<p>En declaraciones a la prensa, el funcionario explic\u00f3 que la ca\u00edda en el desempleo se debe al crecimiento en la actividad econ\u00f3mica resultado de \u201cuna bater\u00eda de pol\u00edticas antic\u00edclicas\u201d que lleva adelante el Gobierno Nacional.<\/p>\n<p>\u201cContra todos los pron\u00f3sticos de 2014, y en la misma sinton\u00eda que la consultoras privadas tambi\u00e9n, todo el mundo est\u00e1 viendo que en la Argentina hay un proceso en curso de crecimiento econ\u00f3mico. Lo observan para el segundo trimestre, ya casi no queda ninguna consultora incluso privada que diga que este a\u00f1o no vamos a crecer\u201d, indic\u00f3 el titular del Ministerio de Econom\u00eda.<\/p>\n<p>Destac\u00f3 esos \u00edndices en el contexto internacional en el que Brasil, por ejemplo, anunci\u00f3 una ca\u00edda de la actividad de entre el 1,5 y 3 % para este a\u00f1o, y cuenta con una tasa de desempleo del 8,1%.<\/p>\n<p>\u201cAlgunos dicen que el crecimiento del empleo (en la Argentina) se da sin actividad, y eso es mentira. Hay m\u00e1s actividad econ\u00f3mica\u201d, enfatiz\u00f3 Kicillof, quien ahora se encuentra en Turqu\u00eda participando de una reuni\u00f3n del G \u2013 20.<\/p>\n<p>M\u00e1s all\u00e1 de las declaraciones, frente a un promedio nacional de desocupaci\u00f3n del 5,9%, las ciudades con mayor \u00edndice resultaron Mar del Plata con el 11,8%, C\u00f3rdoba con el 9% y rosario con el 8,8%, mientras que los partidos del Gran Buenos Aires mostraron una tasa de desempleo del 6,7%.<\/p>\n<p>En tanto, los menores \u00edndices de desempleo se anotaron en Viedma-Carmen de Patagones con el 1,1%, Resistencia, Chaco, con el 1,5%, seguida por Formosa 1,6%; entre otras.<\/p>\n<h6>Fuente: T\u00e9lam<\/h6>\n","protected":false},"excerpt":{"rendered":"<p>As\u00ed lo indica el informe del Instituto Nacional de Estad\u00edstica y Censos. Para encontrar un \u00edndice equivalente hay que remontarse a octubre de 1985, cuando se observaban guarismos similares. El \u00cdndice de Desocupaci\u00f3n alcanz\u00f3 durante el tercer trimestre de este a\u00f1o al 5,9%, el nivel m\u00e1s bajo en los \u00faltimos 28 a\u00f1os, y por debajo<\/p>\n","protected":false},"author":2,"featured_media":39137,"comment_status":"closed","ping_status":"closed","sticky":false,"template":"","format":"standard","meta":{"footnotes":""},"categories":[8],"tags":[21],"class_list":["post-39136","post","type-post","status-publish","format-standard","has-post-thumbnail","hentry","category-informe-nacional","tag-argentina"],"_links":{"self":[{"href":"http:\/\/argentinamunicipal.com.ar\/argentina\/wp-json\/wp\/v2\/posts\/39136","targetHints":{"allow":["GET"]}}],"collection":[{"href":"http:\/\/argentinamunicipal.com.ar\/argentina\/wp-json\/wp\/v2\/posts"}],"about":[{"href":"http:\/\/argentinamunicipal.com.ar\/argentina\/wp-json\/wp\/v2\/types\/post"}],"author":[{"embeddable":true,"href":"http:\/\/argentinamunicipal.com.ar\/argentina\/wp-json\/wp\/v2\/users\/2"}],"replies":[{"embeddable":true,"href":"http:\/\/argentinamunicipal.com.ar\/argentina\/wp-json\/wp\/v2\/comments?post=39136"}],"version-history":[{"count":0,"href":"http:\/\/argentinamunicipal.com.ar\/argentina\/wp-json\/wp\/v2\/posts\/39136\/revisions"}],"wp:featuredmedia":[{"embeddable":true,"href":"http:\/\/argentinamunicipal.com.ar\/argentina\/wp-json\/wp\/v2\/media\/39137"}],"wp:attachment":[{"href":"http:\/\/argentinamunicipal.com.ar\/argentina\/wp-json\/wp\/v2\/media?parent=39136"}],"wp:term":[{"taxonomy":"category","embeddable":true,"href":"http:\/\/argentinamunicipal.com.ar\/argentina\/wp-json\/wp\/v2\/categories?post=39136"},{"taxonomy":"post_tag","embeddable":true,"href":"http:\/\/argentinamunicipal.com.ar\/argentina\/wp-json\/wp\/v2\/tags?post=39136"}],"curies":[{"name":"wp","href":"https:\/\/api.w.org\/{rel}","templated":true}]}}