{"id":39199,"date":"2015-11-17T08:28:41","date_gmt":"2015-11-17T11:28:41","guid":{"rendered":"http:\/\/argentinamunicipal.com.ar\/argentina\/?p=39199"},"modified":"2015-11-17T08:28:41","modified_gmt":"2015-11-17T11:28:41","slug":"firmaron-convenio-para-construir-la-plaza-del-bicentenario-en-san-juan","status":"publish","type":"post","link":"http:\/\/argentinamunicipal.com.ar\/argentina\/firmaron-convenio-para-construir-la-plaza-del-bicentenario-en-san-juan\/","title":{"rendered":"Firmaron convenio para construir la Plaza del Bicentenario en San Juan"},"content":{"rendered":"<p><a href=\"http:\/\/argentinamunicipal.com.ar\/argentina\/wp-content\/uploads\/2015\/11\/vista-general-del-centro-civico.jpg\"><img loading=\"lazy\" decoding=\"async\" class=\"aligncenter size-full wp-image-39200\" src=\"http:\/\/argentinamunicipal.com.ar\/argentina\/wp-content\/uploads\/2015\/11\/vista-general-del-centro-civico.jpg\" alt=\"vista-general-del-centro-civico\" width=\"579\" height=\"389\" srcset=\"http:\/\/argentinamunicipal.com.ar\/argentina\/wp-content\/uploads\/2015\/11\/vista-general-del-centro-civico.jpg 579w, http:\/\/argentinamunicipal.com.ar\/argentina\/wp-content\/uploads\/2015\/11\/vista-general-del-centro-civico-300x202.jpg 300w\" sizes=\"auto, (max-width: 579px) 100vw, 579px\" \/><\/a><br \/>\nSe ubicar\u00e1 al oeste de la exestaci\u00f3n San Mart\u00edn y buscar\u00e1 integrar ese edificio con el Centro C\u00edvico y el Teatro del Bicentenario. La obra facilitar\u00e1 el estacionamiento en la zona.<\/p>\n<p>Este lunes, en el edificio de la municipalidad de la Capital, se firm\u00f3 un convenio con la provincia para traspasar el terreno ubicado en el predio de la Estaci\u00f3n San Mart\u00edn, donde hoy funciona un espacio con juegos, para la construcci\u00f3n de la Plaza del Bicentenario.<\/p>\n<p>\u201cAll\u00e1 por el a\u00f1o 2007 empez\u00e1bamos a hablar del Teatro del Bicentenario con el intendente de ese entonces, hicimos un convenio y la municipalidad cedi\u00f3 cerca de la mitad del inmueble que da casi a calle C\u00f3rdoba y desde C\u00f3rdoba avanzando hacia el norte, que es donde se proyect\u00f3, se construy\u00f3 y estamos pr\u00f3ximos a inaugurar\u201d, record\u00f3 el gobernador Gioja.<\/p>\n<p>El primer mandatario indico que \u201cla idea es licitar proyecto y obra en forma conjunta, para solucionar el problema de estacionamiento y construir una especie de plaza seca o verde para incluir lo que es el uso hoy del centro c\u00edvico y del teatro, para que se facilite este servicio de estacionamiento\u201d.<\/p>\n<p>Seg\u00fan destacaron, la obra integrar\u00e1 la exestaci\u00f3n San Mart\u00edn, el Centro C\u00edvico y el Teatro del Bicentenario.<\/p>\n<h6>Fuente: Huarpe<\/h6>\n","protected":false},"excerpt":{"rendered":"<p>Se ubicar\u00e1 al oeste de la exestaci\u00f3n San Mart\u00edn y buscar\u00e1 integrar ese edificio con el Centro C\u00edvico y el Teatro del Bicentenario. La obra facilitar\u00e1 el estacionamiento en la zona. Este lunes, en el edificio de la municipalidad de la Capital, se firm\u00f3 un convenio con la provincia para traspasar el terreno ubicado en<\/p>\n","protected":false},"author":2,"featured_media":39200,"comment_status":"closed","ping_status":"closed","sticky":false,"template":"","format":"standard","meta":{"footnotes":""},"categories":[2],"tags":[32],"class_list":["post-39199","post","type-post","status-publish","format-standard","has-post-thumbnail","hentry","category-informe-municipal","tag-san-juan"],"_links":{"self":[{"href":"http:\/\/argentinamunicipal.com.ar\/argentina\/wp-json\/wp\/v2\/posts\/39199","targetHints":{"allow":["GET"]}}],"collection":[{"href":"http:\/\/argentinamunicipal.com.ar\/argentina\/wp-json\/wp\/v2\/posts"}],"about":[{"href":"http:\/\/argentinamunicipal.com.ar\/argentina\/wp-json\/wp\/v2\/types\/post"}],"author":[{"embeddable":true,"href":"http:\/\/argentinamunicipal.com.ar\/argentina\/wp-json\/wp\/v2\/users\/2"}],"replies":[{"embeddable":true,"href":"http:\/\/argentinamunicipal.com.ar\/argentina\/wp-json\/wp\/v2\/comments?post=39199"}],"version-history":[{"count":0,"href":"http:\/\/argentinamunicipal.com.ar\/argentina\/wp-json\/wp\/v2\/posts\/39199\/revisions"}],"wp:featuredmedia":[{"embeddable":true,"href":"http:\/\/argentinamunicipal.com.ar\/argentina\/wp-json\/wp\/v2\/media\/39200"}],"wp:attachment":[{"href":"http:\/\/argentinamunicipal.com.ar\/argentina\/wp-json\/wp\/v2\/media?parent=39199"}],"wp:term":[{"taxonomy":"category","embeddable":true,"href":"http:\/\/argentinamunicipal.com.ar\/argentina\/wp-json\/wp\/v2\/categories?post=39199"},{"taxonomy":"post_tag","embeddable":true,"href":"http:\/\/argentinamunicipal.com.ar\/argentina\/wp-json\/wp\/v2\/tags?post=39199"}],"curies":[{"name":"wp","href":"https:\/\/api.w.org\/{rel}","templated":true}]}}