{"id":39331,"date":"2015-11-19T08:21:24","date_gmt":"2015-11-19T11:21:24","guid":{"rendered":"http:\/\/argentinamunicipal.com.ar\/argentina\/?p=39331"},"modified":"2015-11-19T08:21:24","modified_gmt":"2015-11-19T11:21:24","slug":"la-ciudad-de-santa-fe-estrecha-vinculos-comerciales-con-el-estado-de-california","status":"publish","type":"post","link":"http:\/\/argentinamunicipal.com.ar\/argentina\/la-ciudad-de-santa-fe-estrecha-vinculos-comerciales-con-el-estado-de-california\/","title":{"rendered":"La Ciudad de Santa Fe estrecha v\u00ednculos comerciales con el estado de California"},"content":{"rendered":"<p><a href=\"http:\/\/argentinamunicipal.com.ar\/argentina\/wp-content\/uploads\/2015\/11\/California1.jpg_925051666.jpg\"><img loading=\"lazy\" decoding=\"async\" class=\"aligncenter  wp-image-39332\" src=\"http:\/\/argentinamunicipal.com.ar\/argentina\/wp-content\/uploads\/2015\/11\/California1.jpg_925051666.jpg\" alt=\"California1.jpg_925051666\" width=\"660\" height=\"460\" srcset=\"http:\/\/argentinamunicipal.com.ar\/argentina\/wp-content\/uploads\/2015\/11\/California1.jpg_925051666.jpg 789w, http:\/\/argentinamunicipal.com.ar\/argentina\/wp-content\/uploads\/2015\/11\/California1.jpg_925051666-300x209.jpg 300w\" sizes=\"auto, (max-width: 660px) 100vw, 660px\" \/><\/a><br \/>\nEl intendente Jos\u00e9 Corral particip\u00f3 de la recepci\u00f3n de una delegaci\u00f3n oficial del Senado de California, Estados Unidos, en la sede de la Asociaci\u00f3n de Dirigentes de Empresas.<\/p>\n<p>En el marco de las pol\u00edticas de vinculaci\u00f3n internacional de la Ciudad, el encuentro tuvo como objetivo establecer v\u00ednculos comerciales entre empresarios locales y estadounidenses. La jornada fue organizada conjuntamente por la entidad anfitriona y la Agencia de Cooperaci\u00f3n, Inversiones y Comercio Exterior.<\/p>\n<p>En la sede la Asociaci\u00f3n Dirigentes de Empresa (ADE), el intendente Jos\u00e9 Corral particip\u00f3 esta ma\u00f1ana de la recepci\u00f3n de una delegaci\u00f3n oficial del Senado de California, Estados Unidos, que visita por estos d\u00edas la provincia de Santa Fe. Bajo el t\u00edtulo \u201cCooperaci\u00f3n y negocios entre California y Santa Fe\u201d, la jornada estuvo dirigida a empresarios interesados en establecer v\u00ednculos comerciales con el Estado californiano.<\/p>\n<p>El encuentro tuvo lugar en el marco de los habituales Ciclos de Desayunos que realiza la entidad, y en esta ocasi\u00f3n estuvo organizada en forma conjunta por la Agencia de Cooperaci\u00f3n, Inversiones y Comercio Exterior del Gobierno de la Ciudad y ADE.<\/p>\n<p>La misi\u00f3n oficial estuvo integrada por diez personas entre las que se incluyen cinco senadores dem\u00f3cratas: Ricardo Lara, Connie Leyva, Ben Allen, Holly Mitchell y William Monning; quienes estuvieron acompa\u00f1ados del representante de la Fundaci\u00f3n Nueva Generaci\u00f3n Argentina, Diego Sueira.<\/p>\n<p>Junto al mandatario local, participaron del desayuno el presidente de ADE, Benito Correnti; el secretario de la Producci\u00f3n del Municipio, Pablo Tabares; el director de la Agencia de Cooperaci\u00f3n, Inversiones y Comercio Exterior, Jos\u00e9 Mar\u00eda Chemes; y el subsecretario de Industria, Julio Tealdo. Asimismo, participaron representantes de m\u00e1s de 80 empresas y organizaciones, locales y de la regi\u00f3n.<\/p>\n<p><strong>Vinculaci\u00f3n internacional<\/strong><\/p>\n<p>El intendente Jos\u00e9 Corral agradeci\u00f3 la visita de la delegaci\u00f3n y en particular por haber \u201celegido Santa Fe para vincularse y establecer relaciones comerciales, productivas y de inversi\u00f3n. Nuestra ciudad, de a poco, va teniendo v\u00ednculos con el mundo y esto es muy importante porque nuestros productos y empresas tienen que relacionarse para poder tener competitividad y nuevos mercados\u201d.<\/p>\n<p>En esa l\u00ednea, record\u00f3 que como parte de su estrategia de inserci\u00f3n internacional \u201cla ciudad desde hace algunos a\u00f1os tiene una Agencia de Cooperaci\u00f3n Internacional que se dedica profesionalmente a esta actividad, y esto ha permitido recibir del mejor modo a quienes nos visitan y vincularlos con los empresarios\u201d. Asimismo, destac\u00f3 que \u201cel Estado tiene que facilitar y promover estos encuentros, pero estar\u00e1 en los productores y en las empresas, y en las necesidades e intereses que tenga nuestra contraparte, en este caso California, que cosas pueden aprovecharse\u201d.<\/p>\n<p>En particular, Jos\u00e9 Corral valor\u00f3 el encuentro en virtud de que \u201cCalifornia es una regi\u00f3n muy importante de los Estados Unidos, que tiene una gran actividad econ\u00f3mica y con la cual es muy interesante vincularse. Santa Fe es una gran productora de alimentos en nuestra regi\u00f3n y de otros productos industriales, y tenemos el Parque Tecnol\u00f3gico con muchas empresas nuevas que seguramente pueden ser de inter\u00e9s para esta relaci\u00f3n\u201d.<\/p>\n<p><strong>Estados similares<\/strong><\/p>\n<p>En representaci\u00f3n de la delegaci\u00f3n, Bill Monning, agradeci\u00f3 la invitaci\u00f3n y participaci\u00f3n, y en particular al Intendente por su trabajo y apoyo para la conexi\u00f3n entre ambos estados. \u201cHoy es un d\u00eda hist\u00f3rico para Santa Fe y California que permitir\u00e1 conformar esta relaci\u00f3n permanente entre los dos estados, en los que tenemos muchos recursos naturales y humanos\u201d, sostuvo el visitante.<\/p>\n<p>\u201cEn este siglo de las ciudades, debemos avanzar en los negocios y proteger el planeta, que son dos metas que van unidas. Esperamos poder trabajar juntos, ya que en Santa Fe y en California, las industrias m\u00e1s grandes son la agricultura, el turismo y la tecnolog\u00eda; entonces existen grandes similitudes y por lo cual es natural construir esta relaci\u00f3n entre nuestros estados\u201d, concluy\u00f3 el senador californiano.<\/p>\n<p><strong>Agradecimiento<\/strong><\/p>\n<p>Por su parte, el presidente de ADE, Benito Correnti, al dar la bienvenida a la delegaci\u00f3n se\u00f1al\u00f3 que \u201cnos sentimos honrados de recibirlos; y a todos los empresarios gracias por haber aceptado esta invitaci\u00f3n. Esperamos que esto sea una oportunidad de relacionamiento y vinculaci\u00f3n que permita promover el intercambio comercial y de inversiones con California\u201d.<\/p>\n<p>Participaron del desayuno representantes de organizaciones y empresas como la C\u00e1mara de Comercio Exterior de Santa Fe, Concejo Profesional de Ciencias Econ\u00f3micas, Federaci\u00f3n Santafesina de Entidades Mutualistas Brig. Estanislao L\u00f3pez, Comunidad Israelita, ADE Paran\u00e1, ACIPA Facundo Zuvir\u00eda, ACIPA Blas Parera, Sociedad Rural de Santa Fe, Bolsa de Comercio de Santa Fe, Comisi\u00f3n Industrial de Zen\u00f3n Pereyra, Agencia Provincial de Industrias-Sede Rafaela, Parque Tecnol\u00f3gico Litoral Centro, Provefarma SA, Log\u00edstica Santa Fe, Celulosa Moldeada, Sancor Seguros, Banco Bica, Zeltec, Compa\u00f1\u00eda de Cervecer\u00eda Unidas (CCU), Asociaci\u00f3n Hotelero Gastron\u00f3mica de Santa Fe, Vidalac, Speed Agro, Fundici\u00f3n Gatti, Alimenticia Sauce Viejo y Estambul Industrial Sodera; entre otras.<\/p>\n<h6>Fuente: Uno, Santa Fe<\/h6>\n","protected":false},"excerpt":{"rendered":"<p>El intendente Jos\u00e9 Corral particip\u00f3 de la recepci\u00f3n de una delegaci\u00f3n oficial del Senado de California, Estados Unidos, en la sede de la Asociaci\u00f3n de Dirigentes de Empresas. En el marco de las pol\u00edticas de vinculaci\u00f3n internacional de la Ciudad, el encuentro tuvo como objetivo establecer v\u00ednculos comerciales entre empresarios locales y estadounidenses. La jornada<\/p>\n","protected":false},"author":2,"featured_media":39332,"comment_status":"closed","ping_status":"closed","sticky":false,"template":"","format":"standard","meta":{"footnotes":""},"categories":[2],"tags":[10],"class_list":["post-39331","post","type-post","status-publish","format-standard","has-post-thumbnail","hentry","category-informe-municipal","tag-santa-fe"],"_links":{"self":[{"href":"http:\/\/argentinamunicipal.com.ar\/argentina\/wp-json\/wp\/v2\/posts\/39331","targetHints":{"allow":["GET"]}}],"collection":[{"href":"http:\/\/argentinamunicipal.com.ar\/argentina\/wp-json\/wp\/v2\/posts"}],"about":[{"href":"http:\/\/argentinamunicipal.com.ar\/argentina\/wp-json\/wp\/v2\/types\/post"}],"author":[{"embeddable":true,"href":"http:\/\/argentinamunicipal.com.ar\/argentina\/wp-json\/wp\/v2\/users\/2"}],"replies":[{"embeddable":true,"href":"http:\/\/argentinamunicipal.com.ar\/argentina\/wp-json\/wp\/v2\/comments?post=39331"}],"version-history":[{"count":0,"href":"http:\/\/argentinamunicipal.com.ar\/argentina\/wp-json\/wp\/v2\/posts\/39331\/revisions"}],"wp:featuredmedia":[{"embeddable":true,"href":"http:\/\/argentinamunicipal.com.ar\/argentina\/wp-json\/wp\/v2\/media\/39332"}],"wp:attachment":[{"href":"http:\/\/argentinamunicipal.com.ar\/argentina\/wp-json\/wp\/v2\/media?parent=39331"}],"wp:term":[{"taxonomy":"category","embeddable":true,"href":"http:\/\/argentinamunicipal.com.ar\/argentina\/wp-json\/wp\/v2\/categories?post=39331"},{"taxonomy":"post_tag","embeddable":true,"href":"http:\/\/argentinamunicipal.com.ar\/argentina\/wp-json\/wp\/v2\/tags?post=39331"}],"curies":[{"name":"wp","href":"https:\/\/api.w.org\/{rel}","templated":true}]}}