{"id":39352,"date":"2015-11-19T13:46:19","date_gmt":"2015-11-19T16:46:19","guid":{"rendered":"http:\/\/argentinamunicipal.com.ar\/argentina\/?p=39352"},"modified":"2015-11-19T13:46:19","modified_gmt":"2015-11-19T16:46:19","slug":"parana-planificar-el-verbo-que-se-impone-para-pensar-la-ciudad","status":"publish","type":"post","link":"http:\/\/argentinamunicipal.com.ar\/argentina\/parana-planificar-el-verbo-que-se-impone-para-pensar-la-ciudad\/","title":{"rendered":"Paran\u00e1: Planificar, el verbo que se impone para pensar la ciudad"},"content":{"rendered":"<p><a href=\"http:\/\/argentinamunicipal.com.ar\/argentina\/wp-content\/uploads\/2015\/11\/o_1447903521.jpg\"><img loading=\"lazy\" decoding=\"async\" class=\"aligncenter size-full wp-image-39353\" src=\"http:\/\/argentinamunicipal.com.ar\/argentina\/wp-content\/uploads\/2015\/11\/o_1447903521.jpg\" alt=\"o_1447903521\" width=\"640\" height=\"360\" srcset=\"http:\/\/argentinamunicipal.com.ar\/argentina\/wp-content\/uploads\/2015\/11\/o_1447903521.jpg 640w, http:\/\/argentinamunicipal.com.ar\/argentina\/wp-content\/uploads\/2015\/11\/o_1447903521-300x169.jpg 300w\" sizes=\"auto, (max-width: 640px) 100vw, 640px\" \/><\/a><br \/>\nConvocados por el Centro de Estudios Inmobiliarios de Entre R\u00edos, con el auspicio de el Colegio de Corredores y la Fundaci\u00f3n Pensar y la adhesi\u00f3n de m\u00e1s de una decena de colegios profesionales, entidades intermedias y entes privados se despleg\u00f3 ayer en el Centro Comercial e Industrial de la capital provincial una actividad que se propone como un foro que Paran\u00e1 aplique el concepto de \u201cinteligencia territorial para planificar su desarrollo\u201d.<\/p>\n<p>En la actividad se destac\u00f3 la presencia de Francisco Ramos Marrau, coordinador general de la gerencia de urbanismo y planificaci\u00f3n territorial de la Municipalidad de Concordia.<\/p>\n<p>El sal\u00f3n del Centro Comercial e Industrial de Paran\u00e1 se llen\u00f3 de paranaenses para comenzar a desovillar un foro donde desde algunas entidades clave se intenta pensar la ciudad del futuro con un concepto de inteligencia territorial y aplicando herramientas como el \u201cpeine verde\u201d y \u201cproyectar entre cuencas\u201d, como una forma de encarar el futuro desde un enfoque sist\u00e9mico y sustentable.<\/p>\n<p>La presencia del intendente electo, Sergio Varisco, le dio un matiz institucional al encuentro, quien lleg\u00f3 justo para la presentaci\u00f3n de Francisco Ramos Marrau, el arquitecto y urbanista que acaba de presentar al Concejo Deliberante de Concordia el plan general de ordenamiento urbano.<\/p>\n<p>La actividad estuvo organizada por el Centro de Estudios de Inmobiliarios de Entre R\u00edos, dependiente del Colegio de Corredores Inmobiliarios de Entre R\u00edos, y fue su titular, Mar\u00eda Paula Arm\u00e1ndola, la responsable de abrir la jornada presentando al panel inicial.<\/p>\n<p>La actividad cont\u00f3, tambi\u00e9n con el auspicio de Pensar \u2013la arquitecta Ximena Uranga hizo una alusi\u00f3n en relaci\u00f3n con la jornada celebrando su realizaci\u00f3n- y estuvieron presentes los representantes de los distintos colegios de profesionales y entidades que apoyaron la iniciativa. Adhirieron el Consejo Empresario de Entre R\u00edos, el Centro Comercial e Industrial de Paran\u00e1, la Asociaci\u00f3n de Dirigentes de Empresas, la Corporaci\u00f3n para el Desarrollo de Paran\u00e1, los colegios de Arquitectos, Martilleros, Agrimensores, Escribanos e Ingenieros Civiles; como as\u00ed tambi\u00e9n Fundaci\u00f3n Mbigu\u00e1, Tribu del Salto, Agmer, Secretaria de Educaci\u00f3n Ambiental, el Instituto Superior de Corretaje Inmobiliario y graduados de derecho de la UCA, entre otras empresas e individuos.<\/p>\n<p><strong>APERTURA<\/strong>. Jos\u00e9 Mar\u00eda Arm\u00e1ndola, titular del Colegio de Corredores Inmobiliarios de Entre R\u00edos abri\u00f3 la actividad y realiz\u00f3 una menci\u00f3n a la incidencia de su actividad en el medio y convoc\u00f3 a las entidades a comprometerse en la definici\u00f3n de las \u201cpol\u00edticas p\u00fablicas que la ciudad necesita\u201d de cara al futuro y a los nuevos desaf\u00edos que se presentan.<\/p>\n<p>\u201cNecesitamos planificar. Es clave involucrar a las vecinales, a las sociedades intermedias y articular con los organismos para que entre todos podamos ir para adelante en nuestra misi\u00f3n de pensar la ciudad que queremos vivir. Desde el Colegio de Corredores Inmobiliarios estamos convencidos que la ciudad debe ser vista es un n\u00facleo de desarrollo social, sustentable y econ\u00f3mico. Hay que hablar con todos los actores (empresarios, productores, comerciantes, dirigentes) para dar respuesta a la necesidad de empleo que hay en la ciudad, que sea genuino viniendo de la parte privada, porque no es ninguna novedad que el Estado como empleador est\u00e1 totalmente colapsado y si se pretende seguir llen\u00e1ndolo de gente es indudable que no dar\u00e1 resultados. Esto no quiere decir que el Estado no deba ser considerado, sino que debemos iniciar un proceso lento, inclusivo, con la participaci\u00f3n de todos los miembros de la sociedad para una planificaci\u00f3n sustentable\u201d, expres\u00f3 el dirigente.<\/p>\n<p>M\u00e1s adelante vinieron las presentaciones del resto de los panelistas y las cuestiones t\u00e9cnicas acerca de c\u00f3mo cuidar los arroyos, c\u00f3mo pensar una ciudad distinta en este contexto y c\u00f3mo asumir el rol de las cuencas como reservorios para vivir mejor.<\/p>\n<p><strong>Encuentro entre ciudades<\/strong><\/p>\n<p>Antes del comienzo de la actividad, EL DIARIO consult\u00f3 a Ramos Marrau acerca de los puntos de encuentro que existen entre Concordia y Paran\u00e1 para que su testimonio pueda ser ponderado en su dimensi\u00f3n entre los presentes \u2013muchos j\u00f3venes- y si se aproxima un nuevo dise\u00f1o de las ciudades en el futuro cercano.<\/p>\n<p>\u201cEl punto de encuentro es la desplanificaci\u00f3n. Las barreras naturales no lo son, bien tratadas son parte del territorio, de ese mundo antr\u00f3pico que tenemos que preservar y cultivar m\u00e1s. Me refiero a la desplanificaci\u00f3n en todas las ciudades, a la ciudad dual, que es algo com\u00fan, hay una ciudad cuidada, integrada, y otra dejada de lado en los bordes. Aunque haya bolsones interiores de pobreza, la antinomia centro-periferia es com\u00fan en nuestras ciudades.<\/p>\n<p>El otro punto es la integralidad que hay que tener con el resto de la provincia y con las colindantes. El caso de Paran\u00e1 con Santa Fe es un s\u00edmil de lo que pasa entre Concordia y Salto, Uruguay. Un r\u00edo, un puente, una conexi\u00f3n, integraci\u00f3n cultural. Nos une mucha agua, mucho r\u00edo, mucho riachuelo, mucho verde que rodea la ciudad pero poco verde interior\u201d, precis\u00f3 el profesional que present\u00f3 un ameno powerpoint sobre el destino inminente de la capital del citrus.<\/p>\n<p>Dijo el arquitecto que es correcto comenzar a abordar esta problem\u00e1tica, y \u201ctodo lo que lleve a tener conciencia del cuerpo direccional de las ciudades y los ciudadanos que hay que planificar me parece superbien. Una de las cuestiones importantes es que los municipios deben tener una Secretar\u00eda espec\u00edfica de la planificaci\u00f3n, otro elemento de las ciudades en com\u00fan, y que sus decisiones sean respetadas en el tiempo\u201d, concluy\u00f3.<\/p>\n<h6>Fuente: El Diario; Entre R\u00edos<\/h6>\n","protected":false},"excerpt":{"rendered":"<p>Convocados por el Centro de Estudios Inmobiliarios de Entre R\u00edos, con el auspicio de el Colegio de Corredores y la Fundaci\u00f3n Pensar y la adhesi\u00f3n de m\u00e1s de una decena de colegios profesionales, entidades intermedias y entes privados se despleg\u00f3 ayer en el Centro Comercial e Industrial de la capital provincial una actividad que se<\/p>\n","protected":false},"author":2,"featured_media":39353,"comment_status":"closed","ping_status":"closed","sticky":false,"template":"","format":"standard","meta":{"footnotes":""},"categories":[2],"tags":[17],"class_list":["post-39352","post","type-post","status-publish","format-standard","has-post-thumbnail","hentry","category-informe-municipal","tag-entre-rios"],"_links":{"self":[{"href":"http:\/\/argentinamunicipal.com.ar\/argentina\/wp-json\/wp\/v2\/posts\/39352","targetHints":{"allow":["GET"]}}],"collection":[{"href":"http:\/\/argentinamunicipal.com.ar\/argentina\/wp-json\/wp\/v2\/posts"}],"about":[{"href":"http:\/\/argentinamunicipal.com.ar\/argentina\/wp-json\/wp\/v2\/types\/post"}],"author":[{"embeddable":true,"href":"http:\/\/argentinamunicipal.com.ar\/argentina\/wp-json\/wp\/v2\/users\/2"}],"replies":[{"embeddable":true,"href":"http:\/\/argentinamunicipal.com.ar\/argentina\/wp-json\/wp\/v2\/comments?post=39352"}],"version-history":[{"count":0,"href":"http:\/\/argentinamunicipal.com.ar\/argentina\/wp-json\/wp\/v2\/posts\/39352\/revisions"}],"wp:featuredmedia":[{"embeddable":true,"href":"http:\/\/argentinamunicipal.com.ar\/argentina\/wp-json\/wp\/v2\/media\/39353"}],"wp:attachment":[{"href":"http:\/\/argentinamunicipal.com.ar\/argentina\/wp-json\/wp\/v2\/media?parent=39352"}],"wp:term":[{"taxonomy":"category","embeddable":true,"href":"http:\/\/argentinamunicipal.com.ar\/argentina\/wp-json\/wp\/v2\/categories?post=39352"},{"taxonomy":"post_tag","embeddable":true,"href":"http:\/\/argentinamunicipal.com.ar\/argentina\/wp-json\/wp\/v2\/tags?post=39352"}],"curies":[{"name":"wp","href":"https:\/\/api.w.org\/{rel}","templated":true}]}}