{"id":39366,"date":"2015-11-20T07:24:04","date_gmt":"2015-11-20T10:24:04","guid":{"rendered":"http:\/\/argentinamunicipal.com.ar\/argentina\/?p=39366"},"modified":"2015-11-20T07:24:04","modified_gmt":"2015-11-20T10:24:04","slug":"scioli-yo-represento-la-defensa-de-tu-trabajo-de-tu-salario-y-de-tu-familia","status":"publish","type":"post","link":"http:\/\/argentinamunicipal.com.ar\/argentina\/scioli-yo-represento-la-defensa-de-tu-trabajo-de-tu-salario-y-de-tu-familia\/","title":{"rendered":"Scioli: \u201cYo represento la defensa de tu trabajo, de tu salario y de tu familia\u201d"},"content":{"rendered":"<p><a href=\"http:\/\/argentinamunicipal.com.ar\/argentina\/wp-content\/uploads\/2015\/11\/0000149309.jpg\"><img loading=\"lazy\" decoding=\"async\" class=\"aligncenter  wp-image-39367\" src=\"http:\/\/argentinamunicipal.com.ar\/argentina\/wp-content\/uploads\/2015\/11\/0000149309.jpg\" alt=\"DYN16.JPG\" width=\"647\" height=\"365\" srcset=\"http:\/\/argentinamunicipal.com.ar\/argentina\/wp-content\/uploads\/2015\/11\/0000149309.jpg 1024w, http:\/\/argentinamunicipal.com.ar\/argentina\/wp-content\/uploads\/2015\/11\/0000149309-300x169.jpg 300w\" sizes=\"auto, (max-width: 647px) 100vw, 647px\" \/><\/a><br \/>\nEl candidato del Frente para la Victoria cerr\u00f3 su campa\u00f1a anoche en La Matanza con vistas al balotaje del domingo pr\u00f3ximo convocando \u201ca todos los peronistas a asumir este momento hist\u00f3rico y defender los logros de estos a\u00f1os\u201d. Al tiempo que vincul\u00f3 a Mauricio Macri con \u201cuna mentira, un ajuste, un pacto con el FMI y con los fondos buitre\u201d.<\/p>\n<p>El candidato presidencial del Frente para la Victoria (FpV), Daniel Scioli, dijo que \u201cla opci\u00f3n es clara, este domingo se enfrentan dos proyectos: uno liberal, expresi\u00f3n del capitalismo salvaje de esta nueva alianza reconvertida, y nuestro proyecto que desde las bases fundacionales peronistas se proyecta al futuro\u201d, asegur\u00f3 al iniciar el acto en una comparaci\u00f3n con Cambiemos, la alianza que postula a la presidencia a Mauricio Macri.<\/p>\n<p>El gobernador bonaerense asegur\u00f3 que el proyecto de Cambiemos \u201catenta contra el bolsillo y la estabilidad econ\u00f3mica, queriendo dar un nuevo golpe del mercado utilizando el brazo judicial para llevar adelante esta estafa que es una nueva gran devaluaci\u00f3n\u201d.Ante m\u00e1s de m\u00e1s de 10.000 personas que colmaron el polideportivo Juan Per\u00f3n de Gonz\u00e1lez Cat\u00e1n, donde incluso cientos de asistentes debieron seguir el acto por una pantalla gigante ubicado fuera del estadio, Scioli encabez\u00f3 el acto de cierre de campa\u00f1a que se inici\u00f3 pasadas las 19.30 cantando el Himno Nacional y agradeciendo al \u201cmaravilloso pueblo de La Matanza, capital del peronismo\u201d.<\/p>\n<p>\u201cHoy el pa\u00eds se encuentra ante esta amenaza y enga\u00f1o que se esconde detr\u00e1s de la palabra cambio, ya no saben c\u00f3mo encubrir lo que se viene\u201d, asegur\u00f3 Scioli y convoc\u00f3 \u201ca todos los peronistas a enfrentar este momento hist\u00f3rico\u201d.<br \/>\n\u201cSomos el s\u00edmbolo de la justicia social y vamos a defender los logros de estos a\u00f1os, interpretando hacia el futuro las nuevas demandas\u201d, subray\u00f3.<\/p>\n<p>\u201cVengo a defender a los m\u00e1s humildes, a los trabajadores y a la clase media\u201d, resalt\u00f3 y explic\u00f3 que su contrincante \u201cest\u00e1 haciendo un muy serio pacto con los diablos, los fondos buitre, el Fondo Monetario Internacional que quiere venir a imponernos la quita de subsidios\u201d y contrapuso el proyecto del FpV que \u201crepresenta la defensa del salario\u201d de los trabajadores.<\/p>\n<p><strong>EN MAR DEL PLATA<\/strong>. Ayer al mediod\u00eda, Scioli encabez\u00f3 su primer acto de cierre de campa\u00f1a en Mar del Plata y pidi\u00f3 a los argentinos, con una frase del papa Francisco, elegir este domingo entre \u201cel Estado presente o el capitalismo salvaje\u201d, en referencia a su rival Mauricio Macri (Cambiemos) a quien volvi\u00f3 a llamar \u201cel l\u00edder de la alianza conservadora que quiere aplicar una devaluaci\u00f3n, un ajuste y una quita de subsidios\u201d.<\/p>\n<p>\u201cComo dijo el papa Francisco, hay dos caminos: el del Estado presente o el del capitalismo salvaje. Y yo me quiero poner delante de eso para que nunca m\u00e1s ocurra en la Argentina, no quiero que les sigan mintiendo\u201d, reiter\u00f3 el candidato oficialista.<\/p>\n<p>\u201cAc\u00e1 se decide entre un cre\u00eddo de Barrio Norte y un trabajador\u201d, dijo Scioli al compararse con Macri y recordar que naci\u00f3 en Villa Crespo.<\/p>\n<p>\u201cEntiendo mejor que nadie sus dolores y preocupaciones\u201d, manifest\u00f3 el gobernador bonaerense.<\/p>\n<p>El postulante presidencial oficialista asever\u00f3 que \u201cel domingo se trata de optar por un Estado presente que supo escuchar las nuevas demandas\u201d y aprovech\u00f3 para repasar las medidas econ\u00f3micas que propuso durante su campa\u00f1a de cara al balotaje.<\/p>\n<p>En un encendido discurso, Scioli destac\u00f3 que la elecci\u00f3n del domingo \u201cse trata de decidir el futuro de los argentinos\u201d, y remarc\u00f3: \u201cNo queremos la ausencia del Estado, no queremos ponernos de rodillas con los fondos buitre. No es generar una campa\u00f1a de miedo, el miedo lo genera Macri cuando dice que va a cortar subsidios, sueldos\u201d.<\/p>\n<p>Tanto en Mar del Plata como en La Matanza, Scioli estuvo precedido en la palabra por su compa\u00f1ero de f\u00f3rmula, Carlos Zannini, quien afirm\u00f3 que lo que est\u00e1 en juego en el balotaje es \u201cel manejo de la econom\u00eda con coraz\u00f3n nacional\u201d.<\/p>\n<p>\u201cRecuperamos a lo largo de estos a\u00f1os el manejo de la econom\u00eda, y lo hicimos poniendo un coraz\u00f3n nacional. No dejamos todo librado al mercado y ac\u00e1 est\u00e1n los resultados. De esa forma le cambiamos la vida a los argentinos\u201d, recalc\u00f3.<\/p>\n<p><strong>\u201cMacri es ajuste\u201d<\/strong><br \/>\nScioli advirti\u00f3 que detr\u00e1s de Macri y de \u201cla palabra cambio hay una mentira, un ajuste, un pacto con el FMI y los fondos buitre: por eso quieren ir por YPF y las reservas del Banco Central, para hacer un ajuste y una quita de subsidios\u201d.<\/p>\n<h6>Fuente: El Diario; Entre R\u00edos<\/h6>\n","protected":false},"excerpt":{"rendered":"<p>El candidato del Frente para la Victoria cerr\u00f3 su campa\u00f1a anoche en La Matanza con vistas al balotaje del domingo pr\u00f3ximo convocando \u201ca todos los peronistas a asumir este momento hist\u00f3rico y defender los logros de estos a\u00f1os\u201d. Al tiempo que vincul\u00f3 a Mauricio Macri con \u201cuna mentira, un ajuste, un pacto con el FMI<\/p>\n","protected":false},"author":2,"featured_media":39367,"comment_status":"closed","ping_status":"closed","sticky":false,"template":"","format":"standard","meta":{"footnotes":""},"categories":[8],"tags":[21],"class_list":["post-39366","post","type-post","status-publish","format-standard","has-post-thumbnail","hentry","category-informe-nacional","tag-argentina"],"_links":{"self":[{"href":"http:\/\/argentinamunicipal.com.ar\/argentina\/wp-json\/wp\/v2\/posts\/39366","targetHints":{"allow":["GET"]}}],"collection":[{"href":"http:\/\/argentinamunicipal.com.ar\/argentina\/wp-json\/wp\/v2\/posts"}],"about":[{"href":"http:\/\/argentinamunicipal.com.ar\/argentina\/wp-json\/wp\/v2\/types\/post"}],"author":[{"embeddable":true,"href":"http:\/\/argentinamunicipal.com.ar\/argentina\/wp-json\/wp\/v2\/users\/2"}],"replies":[{"embeddable":true,"href":"http:\/\/argentinamunicipal.com.ar\/argentina\/wp-json\/wp\/v2\/comments?post=39366"}],"version-history":[{"count":0,"href":"http:\/\/argentinamunicipal.com.ar\/argentina\/wp-json\/wp\/v2\/posts\/39366\/revisions"}],"wp:featuredmedia":[{"embeddable":true,"href":"http:\/\/argentinamunicipal.com.ar\/argentina\/wp-json\/wp\/v2\/media\/39367"}],"wp:attachment":[{"href":"http:\/\/argentinamunicipal.com.ar\/argentina\/wp-json\/wp\/v2\/media?parent=39366"}],"wp:term":[{"taxonomy":"category","embeddable":true,"href":"http:\/\/argentinamunicipal.com.ar\/argentina\/wp-json\/wp\/v2\/categories?post=39366"},{"taxonomy":"post_tag","embeddable":true,"href":"http:\/\/argentinamunicipal.com.ar\/argentina\/wp-json\/wp\/v2\/tags?post=39366"}],"curies":[{"name":"wp","href":"https:\/\/api.w.org\/{rel}","templated":true}]}}