{"id":39416,"date":"2015-11-21T07:20:33","date_gmt":"2015-11-21T10:20:33","guid":{"rendered":"http:\/\/argentinamunicipal.com.ar\/argentina\/?p=39416"},"modified":"2015-11-25T08:34:56","modified_gmt":"2015-11-25T11:34:56","slug":"en-espana-destacan-la-exitosa-formula-argentina-para-combatir-la-pobreza-infantil","status":"publish","type":"post","link":"http:\/\/argentinamunicipal.com.ar\/argentina\/en-espana-destacan-la-exitosa-formula-argentina-para-combatir-la-pobreza-infantil\/","title":{"rendered":"En Espa\u00f1a destacan \u201cla exitosa f\u00f3rmula argentina para combatir la pobreza infantil\u201d"},"content":{"rendered":"<p><a href=\"http:\/\/argentinamunicipal.com.ar\/argentina\/wp-content\/uploads\/2015\/11\/Mochilas-1.jpg\"><img loading=\"lazy\" decoding=\"async\" class=\"aligncenter wp-image-39417\" src=\"http:\/\/argentinamunicipal.com.ar\/argentina\/wp-content\/uploads\/2015\/11\/Mochilas-1.jpg\" alt=\"Mochilas-1\" width=\"666\" height=\"444\" srcset=\"http:\/\/argentinamunicipal.com.ar\/argentina\/wp-content\/uploads\/2015\/11\/Mochilas-1.jpg 1600w, http:\/\/argentinamunicipal.com.ar\/argentina\/wp-content\/uploads\/2015\/11\/Mochilas-1-300x200.jpg 300w, http:\/\/argentinamunicipal.com.ar\/argentina\/wp-content\/uploads\/2015\/11\/Mochilas-1-1024x682.jpg 1024w\" sizes=\"auto, (max-width: 666px) 100vw, 666px\" \/><\/a><br \/>\nLo hizo una publicaci\u00f3n de ese pa\u00eds, que le dedic\u00f3 un art\u00edculo a la AUH bajo ese t\u00edtulo. La nota consign\u00f3 que el derecho \u00abes una de las medidas m\u00e1s reconocidas de la gesti\u00f3n de Cristina (Fern\u00e1ndez de) Kirchner, y en pleno debate electoral es apoyada por todas las fuerzas pol\u00edticas\u00bb.<\/p>\n<p>El Diario de Espa\u00f1a subray\u00f3 que \u00abla AUH, reconocida hasta por el Banco Mundial, supone entre el 24% y el 36% de los ingresos en las familias m\u00e1s desfavorecidas\u00bb, y afirm\u00f3 que \u00abm\u00e1s que un plan asistencial supone una ampliaci\u00f3n de la cobertura de la seguridad social a los menores cuyos\u00a0padres est\u00e1n desempleados o trabajan en negro\u00bb.<\/p>\n<p>La publicaci\u00f3n madrile\u00f1a precis\u00f3 que \u00abno es la primera medida que se ensaya en Am\u00e9rica Latina para apuntalar los ingresos de los m\u00e1s pobres\u00bb, y mencion\u00f3 que \u00abM\u00e9xico lleva a\u00f1os con Progresa-Oportunidades y Brasil con Bolsa Fam\u00edlia\u00bb.<\/p>\n<p>\u00abPero la AUH argentina, creada en 2009, tiene caracter\u00edsticas excepcionales que le han valido reconocimiento internacional: m\u00e1s que una simple transferencia de capital, supone una ampliaci\u00f3n de derechos\u00bb, asegur\u00f3 El Diario.<\/p>\n<p>Al respecto, la directora del Centro de Estudios y Desarrollo de Pol\u00edticas (Cedep), Roxana Mazzola, explic\u00f3 al medio espa\u00f1ol que \u00abla diferencia con lo que se hace en otros pa\u00edses es que aqu\u00ed se cambi\u00f3 la concepci\u00f3n restringida de la seguridad social en la ni\u00f1ez\u00bb.<\/p>\n<p>\u00abEn Argentina los hijos de padres trabajadores ya ten\u00edan sus beneficios (asignaciones familiares o desgravaciones fiscales), as\u00ed que lo que se hizo fue ampliar esa cobertura a aquellos que viv\u00edan en familias con empleos informales o precarios\u00bb, se\u00f1al\u00f3 Mazzola, quien sostuvo que \u00abno se puede discriminar a los menores por la situaci\u00f3n laboral de los padres\u00bb.<\/p>\n<p>La autora del libro \u00abNuevo paradigma. La Asignaci\u00f3n Universal por Hijo\u00bb, que ya va por su tercera edici\u00f3n, indic\u00f3 que \u00ablos prejuicios que se extendieron al principio y que todav\u00eda algunos repiten, como que los beneficiarios son unos vagos y que la plata se va en juego y drogas, quedan m\u00e1s que desmentidos en las evaluaciones de impacto de la AUH\u00bb.<\/p>\n<p>Adem\u00e1s, remarc\u00f3 que \u00abtampoco desincentiva el empleo, porque precisamente es un complemento\u00bb.<\/p>\n<p>Seg\u00fan la publicaci\u00f3n espa\u00f1ola, \u00abel programa ha sido destacado por Unicef y hasta por el Banco Mundial, que coloca a Argentina entre los pa\u00edses con &#8216;mayor performance&#8217; por destinar m\u00e1s de 50% de las transferencias al quintil m\u00e1s pobre de la sociedad, gracias sobre todo a la AUH y a los comedores escolares\u00bb.<\/p>\n<p>Destac\u00f3 tambi\u00e9n que \u00ablos estudios -incluido el de la UCA (Universidad Cat\u00f3lica Argentina\u00bb- muestran que a partir de la AUH hay un descenso del trabajo infantil y de labores femeninas en condiciones de explotaci\u00f3n\u00bb, y a\u00f1adi\u00f3 que \u00abotro efecto positivo es el del aumento de los controles sanitarios y de la permanencia en la escuela\u00bb.<\/p>\n<h6>Fuente: T\u00e9lam<\/h6>\n","protected":false},"excerpt":{"rendered":"<p>Lo hizo una publicaci\u00f3n de ese pa\u00eds, que le dedic\u00f3 un art\u00edculo a la AUH bajo ese t\u00edtulo. La nota consign\u00f3 que el derecho \u00abes una de las medidas m\u00e1s reconocidas de la gesti\u00f3n de Cristina Fern\u00e1ndez de Kirchner<\/p>\n","protected":false},"author":2,"featured_media":39417,"comment_status":"closed","ping_status":"closed","sticky":false,"template":"","format":"standard","meta":{"footnotes":""},"categories":[8],"tags":[21],"class_list":["post-39416","post","type-post","status-publish","format-standard","has-post-thumbnail","hentry","category-informe-nacional","tag-argentina"],"_links":{"self":[{"href":"http:\/\/argentinamunicipal.com.ar\/argentina\/wp-json\/wp\/v2\/posts\/39416","targetHints":{"allow":["GET"]}}],"collection":[{"href":"http:\/\/argentinamunicipal.com.ar\/argentina\/wp-json\/wp\/v2\/posts"}],"about":[{"href":"http:\/\/argentinamunicipal.com.ar\/argentina\/wp-json\/wp\/v2\/types\/post"}],"author":[{"embeddable":true,"href":"http:\/\/argentinamunicipal.com.ar\/argentina\/wp-json\/wp\/v2\/users\/2"}],"replies":[{"embeddable":true,"href":"http:\/\/argentinamunicipal.com.ar\/argentina\/wp-json\/wp\/v2\/comments?post=39416"}],"version-history":[{"count":0,"href":"http:\/\/argentinamunicipal.com.ar\/argentina\/wp-json\/wp\/v2\/posts\/39416\/revisions"}],"wp:featuredmedia":[{"embeddable":true,"href":"http:\/\/argentinamunicipal.com.ar\/argentina\/wp-json\/wp\/v2\/media\/39417"}],"wp:attachment":[{"href":"http:\/\/argentinamunicipal.com.ar\/argentina\/wp-json\/wp\/v2\/media?parent=39416"}],"wp:term":[{"taxonomy":"category","embeddable":true,"href":"http:\/\/argentinamunicipal.com.ar\/argentina\/wp-json\/wp\/v2\/categories?post=39416"},{"taxonomy":"post_tag","embeddable":true,"href":"http:\/\/argentinamunicipal.com.ar\/argentina\/wp-json\/wp\/v2\/tags?post=39416"}],"curies":[{"name":"wp","href":"https:\/\/api.w.org\/{rel}","templated":true}]}}