{"id":39427,"date":"2015-11-21T07:30:51","date_gmt":"2015-11-21T10:30:51","guid":{"rendered":"http:\/\/argentinamunicipal.com.ar\/argentina\/?p=39427"},"modified":"2015-11-21T07:30:51","modified_gmt":"2015-11-21T10:30:51","slug":"aprueban-un-credito-para-el-complejo-puerto-ribera-de-santa-fe","status":"publish","type":"post","link":"http:\/\/argentinamunicipal.com.ar\/argentina\/aprueban-un-credito-para-el-complejo-puerto-ribera-de-santa-fe\/","title":{"rendered":"Aprueban un cr\u00e9dito para el Complejo Puerto Ribera de Santa Fe \u00a0"},"content":{"rendered":"<p><a href=\"http:\/\/argentinamunicipal.com.ar\/argentina\/wp-content\/uploads\/2015\/11\/shopping00.jpg\"><img loading=\"lazy\" decoding=\"async\" class=\"size-full wp-image-39428 alignleft\" src=\"http:\/\/argentinamunicipal.com.ar\/argentina\/wp-content\/uploads\/2015\/11\/shopping00.jpg\" alt=\"shopping00\" width=\"450\" height=\"302\" srcset=\"http:\/\/argentinamunicipal.com.ar\/argentina\/wp-content\/uploads\/2015\/11\/shopping00.jpg 450w, http:\/\/argentinamunicipal.com.ar\/argentina\/wp-content\/uploads\/2015\/11\/shopping00-300x201.jpg 300w\" sizes=\"auto, (max-width: 450px) 100vw, 450px\" \/><\/a>Destinado a la incorporaci\u00f3n de sistemas energ\u00e9ticos a partir de recursos renovables y de eficiencia energ\u00e9tica.<\/p>\n<p>El Gobierno de Santa Fe, a trav\u00e9s de la Secretaria de Estado de la Energ\u00eda, con su programa de L\u00ednea Verde para la inversi\u00f3n productiva dio por aprobado el tercer cr\u00e9dito al Complejo Puerto Ribera de Santa Fe.<\/p>\n<p>En total, ya suman m\u00e1s de cuatro millones de pesos destinados a la incorporaci\u00f3n de sistemas energ\u00e9ticos a partir de recursos renovables y de eficiencia energ\u00e9tica. El Banco Municipal de Rosario ya otorg\u00f3 el primero de los cr\u00e9ditos y los dos siguientes se encuentran en proceso de liquidaci\u00f3n.<\/p>\n<p><strong>Los proyectos en cuesti\u00f3n constan de:<\/strong><\/p>\n<p>Sustituci\u00f3n de luminarias de baja eficiencia por tecnolog\u00eda LED y sistema de colectores solares para agua caliente sanitaria.<\/p>\n<p>Generaci\u00f3n de energ\u00eda el\u00e9ctrica a partir de un sistema h\u00edbrido solar- e\u00f3lico, con una potencia instalada de 25kWpico fotovoltaico y un sistema e\u00f3lico de 2,6 kW. La misma ser\u00e1 inyectada a la red el\u00e9ctrica en el marco de la Resoluci\u00f3n 442\/13 Generaci\u00f3n en Isla o en paralelo con red de E.P.E.S.F.<\/p>\n<p>Sistema de bombeo de agua por medio de generaci\u00f3n el\u00e9ctrica fotovoltaica, cuya potencia instalada ser\u00e1 de 14,35kWp. La generaci\u00f3n el\u00e9ctrica anual esperada ser\u00e1 de 20.380,2kWh\/a\u00f1o, que estima un ahorro energ\u00e9tico sobre el sistema de bombeo convencional aproximadamente de 73,5%.<\/p>\n<p>En la oportunidad, asesores t\u00e9cnicos de la Subsecretar\u00eda realizaron una visita al Complejo Puerto Ribera de Santa Fe, donde fueron recibidos por el gerente de Operaciones y Mantenimiento, Diego Guerra, con quien relevaron las instalaciones ejecutadas gracias al primer cr\u00e9dito otorgado. Tambi\u00e9n se observaron las \u00e1reas de localizaci\u00f3n de las futuras obras a realizar.<\/p>\n<p>\u201cPara nosotros es un claro ejemplo de responsabilidad empresarial, que sirve para motivar a otras compa\u00f1\u00edas de la regi\u00f3n, impuls\u00e1ndolas a desarrollar proyectos de energ\u00edas renovables y eficiencia energ\u00e9tica, a la vez que resulta un compromiso para cuidar los recursos de nuestra provincia\u201d dijo el subsecretario de Energ\u00edas Renovables, Dami\u00e1n Bleger.<\/p>\n<h6>Fuente: Sin Mordaza<\/h6>\n","protected":false},"excerpt":{"rendered":"<p>Destinado a la incorporaci\u00f3n de sistemas energ\u00e9ticos a partir de recursos renovables y de eficiencia energ\u00e9tica. El Gobierno de Santa Fe, a trav\u00e9s de la Secretaria de Estado de la Energ\u00eda, con su programa de L\u00ednea Verde para la inversi\u00f3n productiva dio por aprobado el tercer cr\u00e9dito al Complejo Puerto Ribera de Santa Fe. En<\/p>\n","protected":false},"author":2,"featured_media":39428,"comment_status":"closed","ping_status":"closed","sticky":false,"template":"","format":"standard","meta":{"footnotes":""},"categories":[2],"tags":[10],"class_list":["post-39427","post","type-post","status-publish","format-standard","has-post-thumbnail","hentry","category-informe-municipal","tag-santa-fe"],"_links":{"self":[{"href":"http:\/\/argentinamunicipal.com.ar\/argentina\/wp-json\/wp\/v2\/posts\/39427","targetHints":{"allow":["GET"]}}],"collection":[{"href":"http:\/\/argentinamunicipal.com.ar\/argentina\/wp-json\/wp\/v2\/posts"}],"about":[{"href":"http:\/\/argentinamunicipal.com.ar\/argentina\/wp-json\/wp\/v2\/types\/post"}],"author":[{"embeddable":true,"href":"http:\/\/argentinamunicipal.com.ar\/argentina\/wp-json\/wp\/v2\/users\/2"}],"replies":[{"embeddable":true,"href":"http:\/\/argentinamunicipal.com.ar\/argentina\/wp-json\/wp\/v2\/comments?post=39427"}],"version-history":[{"count":0,"href":"http:\/\/argentinamunicipal.com.ar\/argentina\/wp-json\/wp\/v2\/posts\/39427\/revisions"}],"wp:featuredmedia":[{"embeddable":true,"href":"http:\/\/argentinamunicipal.com.ar\/argentina\/wp-json\/wp\/v2\/media\/39428"}],"wp:attachment":[{"href":"http:\/\/argentinamunicipal.com.ar\/argentina\/wp-json\/wp\/v2\/media?parent=39427"}],"wp:term":[{"taxonomy":"category","embeddable":true,"href":"http:\/\/argentinamunicipal.com.ar\/argentina\/wp-json\/wp\/v2\/categories?post=39427"},{"taxonomy":"post_tag","embeddable":true,"href":"http:\/\/argentinamunicipal.com.ar\/argentina\/wp-json\/wp\/v2\/tags?post=39427"}],"curies":[{"name":"wp","href":"https:\/\/api.w.org\/{rel}","templated":true}]}}