{"id":39438,"date":"2015-11-21T07:41:53","date_gmt":"2015-11-21T10:41:53","guid":{"rendered":"http:\/\/argentinamunicipal.com.ar\/argentina\/?p=39438"},"modified":"2015-11-21T07:41:53","modified_gmt":"2015-11-21T10:41:53","slug":"san-lorenzo-presente-en-un-congreso-de-ciudades-en-barcelona","status":"publish","type":"post","link":"http:\/\/argentinamunicipal.com.ar\/argentina\/san-lorenzo-presente-en-un-congreso-de-ciudades-en-barcelona\/","title":{"rendered":"San Lorenzo, presente en un congreso de ciudades en Barcelona"},"content":{"rendered":"<p><a href=\"http:\/\/argentinamunicipal.com.ar\/argentina\/wp-content\/uploads\/2015\/11\/smart-city-expo-world-congress-2013.jpg\"><img loading=\"lazy\" decoding=\"async\" class=\"aligncenter size-full wp-image-39439\" src=\"http:\/\/argentinamunicipal.com.ar\/argentina\/wp-content\/uploads\/2015\/11\/smart-city-expo-world-congress-2013.jpg\" alt=\"smart-city-expo-world-congress-2013\" width=\"500\" height=\"385\" srcset=\"http:\/\/argentinamunicipal.com.ar\/argentina\/wp-content\/uploads\/2015\/11\/smart-city-expo-world-congress-2013.jpg 500w, http:\/\/argentinamunicipal.com.ar\/argentina\/wp-content\/uploads\/2015\/11\/smart-city-expo-world-congress-2013-300x231.jpg 300w\" sizes=\"auto, (max-width: 500px) 100vw, 500px\" \/><\/a><br \/>\nLa intervenci\u00f3n del intendente sanlorencino tuvo una buena repercusi\u00f3n en los organizadores, raz\u00f3n por la cual confirmaron que en la edici\u00f3n del a\u00f1o pr\u00f3ximo participar\u00e1 como disertante en un panel.<\/p>\n<p>Invitado por la organizaci\u00f3n del evento a partir de la transformaci\u00f3n que San Lorenzo ha experimentado en los \u00faltimos a\u00f1os, el intendente Leonardo Raimundo particip\u00f3 del Congreso Mundial de Ciudades Inteligentes en Barcelona, Espa\u00f1a. El primer mandatario expuso el modelo de gobierno que ha posicionado a San Lorenzo entre las mejores ciudades de la provincia e intercambi\u00f3 experiencias de gesti\u00f3n con otros gobernantes de diferentes ciudades del mundo, como la alcaldesa de Barcelona, Ada Colau.<\/p>\n<p>Del encuentro participan profesionales, responsables de administraciones p\u00fablicas y expertos que debaten las claves para las ciudades del ma\u00f1ana. En la jornada de ayer Raimundo dialog\u00f3 con ellos acerca de las numerosas experiencias de San Lorenzo en la interacci\u00f3n entre lo p\u00fablico y lo privado, con resultados positivos para toda la comunidad.<\/p>\n<p>La intervenci\u00f3n del intendente sanlorencino tuvo una buena repercusi\u00f3n en los organizadores, raz\u00f3n por la cual confirmaron que en la edici\u00f3n del a\u00f1o pr\u00f3ximo participar\u00e1 como disertante en un panel.<\/p>\n<p>Raimundo evalu\u00f3 como \u201cexitosa\u201d la participaci\u00f3n de San Lorenzo en el foro internacional: \u201cLlegamos en Barcelona para aportar las experiencias de nuestra gesti\u00f3n y nutrirnos de experiencias de grandes ciudades. En su mayor\u00eda se trata de localidades a otra escala, pero extrajimos conclusiones para adaptarlas a nuestra ciudad\u201d.<\/p>\n<p><strong>Smart city<\/strong>. La smart city es un nuevo concepto de ciudad que trabaja para mejorar la calidad de vida de sus ciudadanos, garantizando un desarrollo social, econ\u00f3mico y urbano sostenible. En la pr\u00e1ctica, una smart city es la que tiene la capacidad de dar respuesta a las necesidades de sus ciudadanos en los diferentes aspectos de la gesti\u00f3n p\u00fablica (medio ambiente, movilidad, negocios, comunicaciones, energ\u00eda y vivienda, entre otras) mejorando su calidad de vida.<\/p>\n<p>Smart City Expo World Congress es el congreso dedicado a las ciudades inteligentes que se organiza en Barcelona y que cerr\u00f3 el jueves su quinta edici\u00f3n con un balance de 14.000 asistentes. En un comunicado, los organizadores han destacado que el evento, que se ha celebrado juntamente con BcnRail, el sal\u00f3n internacional de la industria ferroviaria, ha reunido a medio millar de urbes, a 465 expositores y a m\u00e1s de 400 ponentes en su \u201cmejor\u201d edici\u00f3n hasta el momento.<\/p>\n<h6>Fuente: La Capital, Rosario<\/h6>\n","protected":false},"excerpt":{"rendered":"<p>La intervenci\u00f3n del intendente sanlorencino tuvo una buena repercusi\u00f3n en los organizadores, raz\u00f3n por la cual confirmaron que en la edici\u00f3n del a\u00f1o pr\u00f3ximo participar\u00e1 como disertante en un panel. Invitado por la organizaci\u00f3n del evento a partir de la transformaci\u00f3n que San Lorenzo ha experimentado en los \u00faltimos a\u00f1os, el intendente Leonardo Raimundo particip\u00f3<\/p>\n","protected":false},"author":2,"featured_media":39439,"comment_status":"closed","ping_status":"closed","sticky":false,"template":"","format":"standard","meta":{"footnotes":""},"categories":[2],"tags":[10],"class_list":["post-39438","post","type-post","status-publish","format-standard","has-post-thumbnail","hentry","category-informe-municipal","tag-santa-fe"],"_links":{"self":[{"href":"http:\/\/argentinamunicipal.com.ar\/argentina\/wp-json\/wp\/v2\/posts\/39438","targetHints":{"allow":["GET"]}}],"collection":[{"href":"http:\/\/argentinamunicipal.com.ar\/argentina\/wp-json\/wp\/v2\/posts"}],"about":[{"href":"http:\/\/argentinamunicipal.com.ar\/argentina\/wp-json\/wp\/v2\/types\/post"}],"author":[{"embeddable":true,"href":"http:\/\/argentinamunicipal.com.ar\/argentina\/wp-json\/wp\/v2\/users\/2"}],"replies":[{"embeddable":true,"href":"http:\/\/argentinamunicipal.com.ar\/argentina\/wp-json\/wp\/v2\/comments?post=39438"}],"version-history":[{"count":0,"href":"http:\/\/argentinamunicipal.com.ar\/argentina\/wp-json\/wp\/v2\/posts\/39438\/revisions"}],"wp:featuredmedia":[{"embeddable":true,"href":"http:\/\/argentinamunicipal.com.ar\/argentina\/wp-json\/wp\/v2\/media\/39439"}],"wp:attachment":[{"href":"http:\/\/argentinamunicipal.com.ar\/argentina\/wp-json\/wp\/v2\/media?parent=39438"}],"wp:term":[{"taxonomy":"category","embeddable":true,"href":"http:\/\/argentinamunicipal.com.ar\/argentina\/wp-json\/wp\/v2\/categories?post=39438"},{"taxonomy":"post_tag","embeddable":true,"href":"http:\/\/argentinamunicipal.com.ar\/argentina\/wp-json\/wp\/v2\/tags?post=39438"}],"curies":[{"name":"wp","href":"https:\/\/api.w.org\/{rel}","templated":true}]}}