{"id":39461,"date":"2015-11-21T08:00:35","date_gmt":"2015-11-21T11:00:35","guid":{"rendered":"http:\/\/argentinamunicipal.com.ar\/argentina\/?p=39461"},"modified":"2015-11-21T08:14:40","modified_gmt":"2015-11-21T11:14:40","slug":"el-nivel-de-actividad-economica-crecio-28-interanual-en-septiembre","status":"publish","type":"post","link":"http:\/\/argentinamunicipal.com.ar\/argentina\/el-nivel-de-actividad-economica-crecio-28-interanual-en-septiembre\/","title":{"rendered":"El nivel de actividad econ\u00f3mica creci\u00f3 2,8% interanual en septiembre"},"content":{"rendered":"<p><a href=\"http:\/\/argentinamunicipal.com.ar\/argentina\/wp-content\/uploads\/2015\/11\/0construccion281114.jpg\"><img loading=\"lazy\" decoding=\"async\" class=\"aligncenter wp-image-39462\" src=\"http:\/\/argentinamunicipal.com.ar\/argentina\/wp-content\/uploads\/2015\/11\/0construccion281114.jpg\" alt=\"Hochbau\" width=\"640\" height=\"360\" srcset=\"http:\/\/argentinamunicipal.com.ar\/argentina\/wp-content\/uploads\/2015\/11\/0construccion281114.jpg 1920w, http:\/\/argentinamunicipal.com.ar\/argentina\/wp-content\/uploads\/2015\/11\/0construccion281114-300x169.jpg 300w, http:\/\/argentinamunicipal.com.ar\/argentina\/wp-content\/uploads\/2015\/11\/0construccion281114-1024x577.jpg 1024w\" sizes=\"auto, (max-width: 640px) 100vw, 640px\" \/><\/a><\/p>\n<p>El crecimiento se da en septiembre en relaci\u00f3n a igual mes del a\u00f1o pasado, alentada por el mayor nivel de consumo interno y el sector de la construcci\u00f3n, inform\u00f3 el instituto Nacional de Estad\u00edstica y Censos.<\/p>\n<p>La actividad econ\u00f3mica creci\u00f3 durante septiembre el 2,8 por ciento en relaci\u00f3n a igual mes del a\u00f1o pasado alentada por el mayor nivel de consumo interno y el sector de la construcci\u00f3n, inform\u00f3 el instituto Nacional de Estad\u00edstica y Censos (Indec).<\/p>\n<p>El organismo condign\u00f3, adem\u00e1s, que el Estimador Mensual de la Actividad Econ\u00f3mica (EMAE) no mostr\u00f3 cambios respecto de los valores de agosto.<\/p>\n<p>El EMAE mide la evoluci\u00f3n de un importante n\u00famero de sectores que conforman la medici\u00f3n del Producto Interno Bruto (PIB), que en lo que va del corriente a\u00f1o marca una evoluci\u00f3n positiva de 2,2 por ciento, impulsado por el consumo interno, la construcci\u00f3n y el sector agr\u00edcola.<\/p>\n<p>El nivel de actividad econ\u00f3mica, en base a la medici\u00f3n del Indec, acumula mejoras superiores al 2,5 por ciento en julio, agosto y ahora en septiembre.<\/p>\n<p>El Presupuesto del corriente a\u00f1o prev\u00e9 un crecimiento del PIB del 2,3%, mientras que para el 2016 la proyecci\u00f3n es de una mejora del 3%.<\/p>\n<p>M\u00e1s all\u00e1 de las estimaciones, lo cierto es que durante septiembre las ventas en los supermercados aumentaron 7,6% en relaci\u00f3n a igual mes del a\u00f1o pasado, mientras que en los grandes centros de compra la mejora fue del 17% en la medici\u00f3n desestacionalizada, seg\u00fan el Indec.<\/p>\n<p>Las ventas en los supermercados durante septiembre estuvieron un 10,5% por debajo de las de agosto, mientras que en los shoppings retrocedi\u00f3 12,7%, seg\u00fan el relevamiento oficial.<\/p>\n<p>Este aumento interanual en las ventas estuvo impulsado entre otras medidas por el impacto del plan Ahora 12, que permite la compra en cuotas fijas a un a\u00f1o.<\/p>\n<p>Otro sector que ayud\u00f3 a la suba del EMAE fue el de la construcci\u00f3n con un alza interanual del 5,6%, con la que acumul\u00f3 un avance del 7,5% en los primeros nueve meses del 2014. En lo que respecta a la encuesta cualitativa, las perspectivas hasta fin de a\u00f1o en el sector de la construcci\u00f3n marca que el 27,6% de los empresarios consultado por el Indec y que se dedican mayormente a la obra privada, consideran que la actividad disminuir\u00e1, contra un 10,3% que anticipa una suba, y el 62,1% que no prev\u00e9 mayores cambios.<\/p>\n<p>En tanto, entre los que se dedican a la obra p\u00fablica un 25,5% de los encuestados consider\u00f3 que la actividad aumentar\u00eda contra el 23,5% que preve\u00eda una merma, mientras que el restante 51% no anticipaba cambio.<\/p>\n<p>El sector fabril por su parte mostr\u00f3 una suba de 0,2% interanual y recort\u00f3 la p\u00e9rdida del a\u00f1o al 0,6%, con desfavorables perspectivas en cuanto al desarrollo del mercado interno y las exportaciones.<\/p>\n<p>As\u00ed el 72,9% de las firmas consultadas por el Indec anticipaba un ritmo estable en la demanda interna para el cuarto trimestre de 2015, mientras que el 14,7% de las empresas preve\u00eda una baja y el 12,4% vislumbra un aumento.<\/p>\n<p>Para las exportaciones el 66,4% de las empresas consultadas estimaba un ritmo estable en sus ventas; el 18,1% anticipaba una baja en sus ventas al exterior y el 15,5% opina que aumentar\u00e1n.<\/p>\n<h6>Fuente: T\u00e9lam<\/h6>\n","protected":false},"excerpt":{"rendered":"<p>El crecimiento se da en septiembre en relaci\u00f3n a igual mes del a\u00f1o pasado, alentada por el mayor nivel de consumo interno y el sector de la construcci\u00f3n, inform\u00f3 el instituto Nacional de Estad\u00edstica y Censos. La actividad econ\u00f3mica creci\u00f3 durante septiembre el 2,8 por ciento en relaci\u00f3n a igual mes del a\u00f1o pasado alentada<\/p>\n","protected":false},"author":2,"featured_media":39462,"comment_status":"closed","ping_status":"closed","sticky":false,"template":"","format":"standard","meta":{"footnotes":""},"categories":[8],"tags":[21],"class_list":["post-39461","post","type-post","status-publish","format-standard","has-post-thumbnail","hentry","category-informe-nacional","tag-argentina"],"_links":{"self":[{"href":"http:\/\/argentinamunicipal.com.ar\/argentina\/wp-json\/wp\/v2\/posts\/39461","targetHints":{"allow":["GET"]}}],"collection":[{"href":"http:\/\/argentinamunicipal.com.ar\/argentina\/wp-json\/wp\/v2\/posts"}],"about":[{"href":"http:\/\/argentinamunicipal.com.ar\/argentina\/wp-json\/wp\/v2\/types\/post"}],"author":[{"embeddable":true,"href":"http:\/\/argentinamunicipal.com.ar\/argentina\/wp-json\/wp\/v2\/users\/2"}],"replies":[{"embeddable":true,"href":"http:\/\/argentinamunicipal.com.ar\/argentina\/wp-json\/wp\/v2\/comments?post=39461"}],"version-history":[{"count":0,"href":"http:\/\/argentinamunicipal.com.ar\/argentina\/wp-json\/wp\/v2\/posts\/39461\/revisions"}],"wp:featuredmedia":[{"embeddable":true,"href":"http:\/\/argentinamunicipal.com.ar\/argentina\/wp-json\/wp\/v2\/media\/39462"}],"wp:attachment":[{"href":"http:\/\/argentinamunicipal.com.ar\/argentina\/wp-json\/wp\/v2\/media?parent=39461"}],"wp:term":[{"taxonomy":"category","embeddable":true,"href":"http:\/\/argentinamunicipal.com.ar\/argentina\/wp-json\/wp\/v2\/categories?post=39461"},{"taxonomy":"post_tag","embeddable":true,"href":"http:\/\/argentinamunicipal.com.ar\/argentina\/wp-json\/wp\/v2\/tags?post=39461"}],"curies":[{"name":"wp","href":"https:\/\/api.w.org\/{rel}","templated":true}]}}