{"id":39592,"date":"2015-11-24T08:00:16","date_gmt":"2015-11-24T11:00:16","guid":{"rendered":"http:\/\/argentinamunicipal.com.ar\/argentina\/?p=39592"},"modified":"2015-11-24T08:00:16","modified_gmt":"2015-11-24T11:00:16","slug":"se-presenta-el-informe-2014-de-santa-fe-como-vamos","status":"publish","type":"post","link":"http:\/\/argentinamunicipal.com.ar\/argentina\/se-presenta-el-informe-2014-de-santa-fe-como-vamos\/","title":{"rendered":"Se presenta el informe 2014 de \u201cSanta Fe C\u00f3mo Vamos\u201d"},"content":{"rendered":"<p><a href=\"http:\/\/argentinamunicipal.com.ar\/argentina\/wp-content\/uploads\/2015\/11\/63378_santa-fe.jpg\"><img loading=\"lazy\" decoding=\"async\" class=\"aligncenter size-full wp-image-39593\" src=\"http:\/\/argentinamunicipal.com.ar\/argentina\/wp-content\/uploads\/2015\/11\/63378_santa-fe.jpg\" alt=\"63378_santa-fe\" width=\"544\" height=\"293\" srcset=\"http:\/\/argentinamunicipal.com.ar\/argentina\/wp-content\/uploads\/2015\/11\/63378_santa-fe.jpg 544w, http:\/\/argentinamunicipal.com.ar\/argentina\/wp-content\/uploads\/2015\/11\/63378_santa-fe-300x162.jpg 300w\" sizes=\"auto, (max-width: 544px) 100vw, 544px\" \/><\/a><br \/>\nEs la cuarta publicaci\u00f3n de una serie de indicadores que permiten realizar una evaluaci\u00f3n y seguimiento de la calidad de vida en la capital provincial.<\/p>\n<p>\u00abSanta Fe C\u00f3mo Vamos\u00bb es un proyecto conjunto entre el Estado y la sociedad civil, que re\u00fane y difunde informaci\u00f3n precisa sobre la calidad de vida de los santafesinos, teniendo en cuentadiferentes indicadores vinculados a demograf\u00eda y vivienda, salud y educaci\u00f3n, servicios p\u00fablicos, seguridad, ambiente, actividad econ\u00f3mica y empleo, finanzas p\u00fablicas y calidad institucional.<\/p>\n<p>Esta tarde, a las 18, el intendente Jos\u00e9 Corral y el presidente de la Bolsa de Comercio de Santa Fe, Olegario Tejedor, presentar\u00e1n en sociedad la cuarta publicaci\u00f3n: \u00abSanta Fe C\u00f3mo Vamos 2014\u00bb. Como se recordar\u00e1, en mayo de 2013 se present\u00f3 la primera edici\u00f3n, que compilaba los datos correspondientes al per\u00edodo 2008-2011. En diciembre de ese mismo a\u00f1o, se present\u00f3 la segunda publicaci\u00f3n, que conten\u00eda los datos de 2012 y en octubre del a\u00f1o pasado la tercera con el informe del a\u00f1o 2013. Ahora se dar\u00e1 a conocer la cuarta edici\u00f3n con los n\u00fameros correspondientes a 2014.<\/p>\n<p>En esta presentaci\u00f3n, se contar\u00e1 con la participaci\u00f3n del especialista en desarrollo local Fabio Quetglas, quien brindar\u00e1 una lectura cr\u00edtica de la publicaci\u00f3n y un an\u00e1lisis de la relaci\u00f3n entre la construcci\u00f3n de indicadores y el dise\u00f1o de pol\u00edticas p\u00fablicas.<\/p>\n<p>Junto a Jos\u00e9 Corral y Olegario Tejedor, estar\u00e1n Andrea Valsagna, secretaria de Comunicaci\u00f3n del Gobierno de la Ciudad, y Lucrecia de D&#8217;Jorge, directora del Centro de Estudios y Servicios de la Bolsa de Comercio. Vale destacar que \u00abSanta Fe C\u00f3mo Vamos\u00bb cuenta con un consejo asesor que integran la Universidad Nacional del Litoral, la Universidad Cat\u00f3lica de Santa Fe, la Facultad Regional Santa Fe de la Universidad Tecnol\u00f3gica Nacional y la Fundaci\u00f3n Ejercicio Ciudadano.<\/p>\n<h6>Fuente: Sin Mordaza<\/h6>\n","protected":false},"excerpt":{"rendered":"<p>Es la cuarta publicaci\u00f3n de una serie de indicadores que permiten realizar una evaluaci\u00f3n y seguimiento de la calidad de vida en la capital provincial. \u00abSanta Fe C\u00f3mo Vamos\u00bb es un proyecto conjunto entre el Estado y la sociedad civil, que re\u00fane y difunde informaci\u00f3n precisa sobre la calidad de vida de los santafesinos, teniendo<\/p>\n","protected":false},"author":2,"featured_media":39593,"comment_status":"closed","ping_status":"closed","sticky":false,"template":"","format":"standard","meta":{"footnotes":""},"categories":[2],"tags":[10],"class_list":["post-39592","post","type-post","status-publish","format-standard","has-post-thumbnail","hentry","category-informe-municipal","tag-santa-fe"],"_links":{"self":[{"href":"http:\/\/argentinamunicipal.com.ar\/argentina\/wp-json\/wp\/v2\/posts\/39592","targetHints":{"allow":["GET"]}}],"collection":[{"href":"http:\/\/argentinamunicipal.com.ar\/argentina\/wp-json\/wp\/v2\/posts"}],"about":[{"href":"http:\/\/argentinamunicipal.com.ar\/argentina\/wp-json\/wp\/v2\/types\/post"}],"author":[{"embeddable":true,"href":"http:\/\/argentinamunicipal.com.ar\/argentina\/wp-json\/wp\/v2\/users\/2"}],"replies":[{"embeddable":true,"href":"http:\/\/argentinamunicipal.com.ar\/argentina\/wp-json\/wp\/v2\/comments?post=39592"}],"version-history":[{"count":0,"href":"http:\/\/argentinamunicipal.com.ar\/argentina\/wp-json\/wp\/v2\/posts\/39592\/revisions"}],"wp:featuredmedia":[{"embeddable":true,"href":"http:\/\/argentinamunicipal.com.ar\/argentina\/wp-json\/wp\/v2\/media\/39593"}],"wp:attachment":[{"href":"http:\/\/argentinamunicipal.com.ar\/argentina\/wp-json\/wp\/v2\/media?parent=39592"}],"wp:term":[{"taxonomy":"category","embeddable":true,"href":"http:\/\/argentinamunicipal.com.ar\/argentina\/wp-json\/wp\/v2\/categories?post=39592"},{"taxonomy":"post_tag","embeddable":true,"href":"http:\/\/argentinamunicipal.com.ar\/argentina\/wp-json\/wp\/v2\/tags?post=39592"}],"curies":[{"name":"wp","href":"https:\/\/api.w.org\/{rel}","templated":true}]}}