{"id":39596,"date":"2015-11-24T08:05:19","date_gmt":"2015-11-24T11:05:19","guid":{"rendered":"http:\/\/argentinamunicipal.com.ar\/argentina\/?p=39596"},"modified":"2015-11-24T08:05:19","modified_gmt":"2015-11-24T11:05:19","slug":"la-gobernadora-de-catamarca-inauguro-la-nueva-ruta-de-la-cuesta-de-los-angeles","status":"publish","type":"post","link":"http:\/\/argentinamunicipal.com.ar\/argentina\/la-gobernadora-de-catamarca-inauguro-la-nueva-ruta-de-la-cuesta-de-los-angeles\/","title":{"rendered":"La Gobernadora de Catamarca\u00a0inaugur\u00f3 la nueva ruta de la Cuesta de Los \u00c1ngeles"},"content":{"rendered":"<p><a href=\"http:\/\/argentinamunicipal.com.ar\/argentina\/wp-content\/uploads\/2015\/11\/20151123113459329b827fa115fd2b00ddabcffbe924c9.jpg\"><img loading=\"lazy\" decoding=\"async\" class=\"aligncenter  wp-image-39597\" src=\"http:\/\/argentinamunicipal.com.ar\/argentina\/wp-content\/uploads\/2015\/11\/20151123113459329b827fa115fd2b00ddabcffbe924c9.jpg\" alt=\"20151123113459329b827fa115fd2b00ddabcffbe924c9\" width=\"626\" height=\"412\" srcset=\"http:\/\/argentinamunicipal.com.ar\/argentina\/wp-content\/uploads\/2015\/11\/20151123113459329b827fa115fd2b00ddabcffbe924c9.jpg 1333w, http:\/\/argentinamunicipal.com.ar\/argentina\/wp-content\/uploads\/2015\/11\/20151123113459329b827fa115fd2b00ddabcffbe924c9-300x197.jpg 300w, http:\/\/argentinamunicipal.com.ar\/argentina\/wp-content\/uploads\/2015\/11\/20151123113459329b827fa115fd2b00ddabcffbe924c9-1024x674.jpg 1024w\" sizes=\"auto, (max-width: 626px) 100vw, 626px\" \/><\/a><br \/>\nLa Gobernadora destac\u00f3 el potencial tur\u00edstico de la zona con la puesta en marcha de la ruta.<\/p>\n<p>La gobernadora Luc\u00eda Corpacci inaugur\u00f3 la pavimentaci\u00f3n de la ruta provincial N\u00ba 5 en el tramo conocido como \u00abCuesta de Los \u00c1ngeles\u201d. La obra fue hecha por administraci\u00f3n y en ese sentido destac\u00f3 los trabajos hechos por los empleados de Vialidad Provincial (VP).<\/p>\n<p>La obra se trata de 13 kil\u00f3metros de pavimentaci\u00f3n b\u00e1sica y sistema de se\u00f1alizaci\u00f3n horizontal y vertical, realizada por administraci\u00f3n, con una inversi\u00f3n cercana a los 20 millones de pesos.<\/p>\n<p>Junto a Corpacci estuvieron el vicegobernador, Dalmacio Mera, el intendente de Huillapima, Omar Soria, el administrador de Vialidad provincial, Hugo Naranjo, entre otros funcionarios. El acto cont\u00f3 con la presencia de los empleados de Vialidad Provincial y vecinos de Los \u00c1ngeles.<\/p>\n<p><strong>\u00abEl despegue tur\u00edstico\u201d<\/strong><\/p>\n<p>En la oportunidad, Corpacci destac\u00f3 el trabajo de los empleados en esta obra como en otras que realiz\u00f3 Vialidad Provincial (VP). Adem\u00e1s resalt\u00f3 el potencial tur\u00edstico que tiene la Cuesta de Los \u00c1ngeles.<\/p>\n<p>En cuanto a los trabajadores de VP y las obras por administraci\u00f3n, Corpacci plante\u00f3: \u00abLas obras por administraci\u00f3n nos permiten ahorrar mucho dinero, pero adem\u00e1s demuestran que ustedes (los trabajadores de VP) son capaces de hacerlas y que tienen puesta la camiseta de la Provincia\u201d.<\/p>\n<p>Por otra parte, y en medio de sus palabras, la Gobernadora pidi\u00f3 \u00abprudencia en el manejo\u00bb a los conductores que usen la cuesta, \u00abm\u00e1s all\u00e1 de que ahora est\u00e9 asfaltada\u201d.<\/p>\n<p>M\u00e1s adelante, valor\u00f3 \u00abel significado\u00bb de la obra, al resaltar que \u00abno solo es la comodidad de saber que los vecinos de la zona no van a quedar empantanados o aislados los d\u00edas de lluvia, sino que significa desarrollo para los productores, que van a poder sacar su producci\u00f3n\u00bb.<\/p>\n<p>En ese sentido y en cuanto al desarrollo tur\u00edstico indic\u00f3: \u00abCreo que va a ser por fin el despegue tur\u00edstico de Los \u00c1ngeles; una localidad preciosa que visito desde chica y siempre me pareci\u00f3 que es un para\u00edso\u201d.<\/p>\n<p>Finalmente, expres\u00f3 estar \u00abmuy contenta\u00bb por volver a Los \u00c1ngeles \u00abcumpliendo lo que les hab\u00eda prometido\u201d. En ese sentido, record\u00f3 que en la localidad tambi\u00e9n se cre\u00f3 una escuela secundaria rural y se licit\u00f3 la construcci\u00f3n de un edificio para esa escuela. Adem\u00e1s, resalt\u00f3 que se inaugur\u00f3 un N\u00facleo de Acceso al Conocimiento y se avanz\u00f3 en obras para aprovechar la usina hidroel\u00e9ctrica. Por \u00faltimo, adelant\u00f3 que se llevar\u00e1n a cabo obras para suministrar agua potable de buena calidad a las familias de la zona.<\/p>\n<h6>Fuente: El Ancasti<\/h6>\n","protected":false},"excerpt":{"rendered":"<p>La Gobernadora destac\u00f3 el potencial tur\u00edstico de la zona con la puesta en marcha de la ruta. La gobernadora Luc\u00eda Corpacci inaugur\u00f3 la pavimentaci\u00f3n de la ruta provincial N\u00ba 5 en el tramo conocido como \u00abCuesta de Los \u00c1ngeles\u201d. La obra fue hecha por administraci\u00f3n y en ese sentido destac\u00f3 los trabajos hechos por los<\/p>\n","protected":false},"author":2,"featured_media":39597,"comment_status":"closed","ping_status":"closed","sticky":false,"template":"","format":"standard","meta":{"footnotes":""},"categories":[2],"tags":[16],"class_list":["post-39596","post","type-post","status-publish","format-standard","has-post-thumbnail","hentry","category-informe-municipal","tag-catamarca"],"_links":{"self":[{"href":"http:\/\/argentinamunicipal.com.ar\/argentina\/wp-json\/wp\/v2\/posts\/39596","targetHints":{"allow":["GET"]}}],"collection":[{"href":"http:\/\/argentinamunicipal.com.ar\/argentina\/wp-json\/wp\/v2\/posts"}],"about":[{"href":"http:\/\/argentinamunicipal.com.ar\/argentina\/wp-json\/wp\/v2\/types\/post"}],"author":[{"embeddable":true,"href":"http:\/\/argentinamunicipal.com.ar\/argentina\/wp-json\/wp\/v2\/users\/2"}],"replies":[{"embeddable":true,"href":"http:\/\/argentinamunicipal.com.ar\/argentina\/wp-json\/wp\/v2\/comments?post=39596"}],"version-history":[{"count":0,"href":"http:\/\/argentinamunicipal.com.ar\/argentina\/wp-json\/wp\/v2\/posts\/39596\/revisions"}],"wp:featuredmedia":[{"embeddable":true,"href":"http:\/\/argentinamunicipal.com.ar\/argentina\/wp-json\/wp\/v2\/media\/39597"}],"wp:attachment":[{"href":"http:\/\/argentinamunicipal.com.ar\/argentina\/wp-json\/wp\/v2\/media?parent=39596"}],"wp:term":[{"taxonomy":"category","embeddable":true,"href":"http:\/\/argentinamunicipal.com.ar\/argentina\/wp-json\/wp\/v2\/categories?post=39596"},{"taxonomy":"post_tag","embeddable":true,"href":"http:\/\/argentinamunicipal.com.ar\/argentina\/wp-json\/wp\/v2\/tags?post=39596"}],"curies":[{"name":"wp","href":"https:\/\/api.w.org\/{rel}","templated":true}]}}