{"id":39614,"date":"2015-11-24T08:38:31","date_gmt":"2015-11-24T11:38:31","guid":{"rendered":"http:\/\/argentinamunicipal.com.ar\/argentina\/?p=39614"},"modified":"2015-11-24T08:38:31","modified_gmt":"2015-11-24T11:38:31","slug":"ocho-localidades-del-sur-santafesino-podran-ahora-reducir-la-basura","status":"publish","type":"post","link":"http:\/\/argentinamunicipal.com.ar\/argentina\/ocho-localidades-del-sur-santafesino-podran-ahora-reducir-la-basura\/","title":{"rendered":"Ocho localidades del sur santafesino podr\u00e1n ahora reducir la basura"},"content":{"rendered":"<div id=\"attachment_39615\" style=\"width: 631px\" class=\"wp-caption aligncenter\"><a href=\"http:\/\/argentinamunicipal.com.ar\/argentina\/wp-content\/uploads\/2015\/11\/LR1901.jpg_88717827.jpg\"><img loading=\"lazy\" decoding=\"async\" aria-describedby=\"caption-attachment-39615\" class=\"size-full wp-image-39615\" src=\"http:\/\/argentinamunicipal.com.ar\/argentina\/wp-content\/uploads\/2015\/11\/LR1901.jpg_88717827.jpg\" alt=\"Equipo in\u00e9dito en el pa\u00eds. La m\u00e1quina enfardadora m\u00f3vil contiene una tolva de carga y prensa de doble compactaci\u00f3n.\" width=\"621\" height=\"465\" srcset=\"http:\/\/argentinamunicipal.com.ar\/argentina\/wp-content\/uploads\/2015\/11\/LR1901.jpg_88717827.jpg 621w, http:\/\/argentinamunicipal.com.ar\/argentina\/wp-content\/uploads\/2015\/11\/LR1901.jpg_88717827-300x225.jpg 300w\" sizes=\"auto, (max-width: 621px) 100vw, 621px\" \/><\/a><p id=\"caption-attachment-39615\" class=\"wp-caption-text\">Equipo in\u00e9dito en el pa\u00eds. La m\u00e1quina enfardadora m\u00f3vil contiene una tolva de carga y prensa de doble compactaci\u00f3n.<\/p><\/div>\n<p>Beneficio para 36 mil habitantes. La provincia le entreg\u00f3 al consorcio de la Microrregi\u00f3n 5 una m\u00e1quina enfardadora m\u00f3vil para disminuir el volumen de residuos.<\/p>\n<p>&nbsp;<\/p>\n<p>El consorcio de la Microrregi\u00f3n 5 integrado por las localidades de Firmat, Cafferata, Villada, Cha\u00f1ar Ladeado, Godeken, Los Quirquinchos, Berabev\u00fa y Ca\u00f1ada del Ucle recibi\u00f3 de la provincia una maquina enfardadora de residuos que contribuir\u00e1 a la disminuci\u00f3n de los vol\u00famenes de basura generado en la zona.<\/p>\n<p>Se trata de una unidad m\u00f3vil cuyo sistema de enfardado de alta densidad tiene una capacidad m\u00ednima de procesamiento de cinco toneladas de residuos por hora, lo que beneficiar\u00e1 a un \u00e1rea de cobertura de 36 mil habitantes.<\/p>\n<p>El convenio de cesi\u00f3n de la herramienta fue suscripto en Cha\u00f1ar Ladeado en el marco de una reuni\u00f3n del Concejo Provincial de Medio Ambiente (Coproma), la cual fue encabezada por el Ministro de Aguas, Antonio Ciancio, entre otros funcionarios.<\/p>\n<p>\u00abHay localidades que no quieren tener en su ejido urbano la basura de otros lugares, por lo que pensamos que ser\u00eda posible hacerlo al rev\u00e9s yendo a cada distrito con un elemento que permita el ordenamiento de los residuos para disponerlos y esta es la misi\u00f3n de la m\u00e1quina enfardadora\u00bb, explic\u00f3 el funcionario provincial tras reconocer el trabajo que se realiza entre distintas comunidades santafesinas para conformar consorcios destinados a la gesti\u00f3n integral de residuos s\u00f3lidos urbanos.<\/p>\n<p>Caracter\u00edsticas de la m\u00e1quina. La enfardadora contiene una tolva de carga adem\u00e1s de una cinta de alimentaci\u00f3n, una prensa de doble compactaci\u00f3n, una ensunchadora y embaladora de fardos, integrados sobre un chasis tipo semirremolque de piso bajo provisto de un grupo electr\u00f3geno para alimentar al sistema y con espacio para transportar un minicargador frontal sobre el mismo carret\u00f3n.<\/p>\n<p>Una vez procesados, los residuos salen prensados, compactados y embolsados, lo que \u00abgenera beneficios concretos para el ambiente ya que permite eliminar los l\u00edquidos, no genera voladuras (de desechos), evita incendios y la proliferaci\u00f3n de vectores y la contaminaci\u00f3n de napas\u00bb, explicaron.<\/p>\n<p>El secretario de Medio Ambiente, C\u00e9sar Mackler, asegur\u00f3 que \u00abeste equipamiento es algo in\u00e9dito en el pa\u00eds\u00bb, y resalt\u00f3 que tras el proceso licitatorio para la compra de la m\u00e1quina \u00abse pas\u00f3 a la etapa de b\u00fasqueda de un consorcio que cumpliera las caracter\u00edsticas para poder usarla y se logr\u00f3 firmar este convenio de cesi\u00f3n de uso\u00bb.<\/p>\n<p>Adem\u00e1s participaron del acto el subsecretario de Gesti\u00f3n Ambiental, Edgardo Seguro, y el subsecretario de Recursos Naturales, Ricardo Biasatti y el jefe comunal de Cha\u00f1ar Ladeado, Mat\u00edas A. Dichiara. La m\u00e1quina enfardadora, que ya hab\u00eda sido presentada en la Bienal de Medio Ambiente en Rosario, tal como public\u00f3 La Capital oportunamente, es el primer equipo de este tipo que se pondr\u00e1 en funcionamiento en suelo santafesino, lo que genera importantes expectativas en la zona.<\/p>\n<p>El Coproma es un espacio de participaci\u00f3n reflexiva y multisectorial que tiene como fin alcanzar consensos necesarios para promover un desarrollo sustentable. Est\u00e1 reglamentado por la ley 11.717, que fija que debe ser integrado en forma honoraria por representantes de la provincia y de los municipios y comunas, seg\u00fan la competencia territorial de los temas.<\/p>\n<h6>Fuente: La Capital, Rosario<\/h6>\n","protected":false},"excerpt":{"rendered":"<p>Beneficio para 36 mil habitantes. La provincia le entreg\u00f3 al consorcio de la Microrregi\u00f3n 5 una m\u00e1quina enfardadora m\u00f3vil para disminuir el volumen de residuos. &nbsp; El consorcio de la Microrregi\u00f3n 5 integrado por las localidades de Firmat, Cafferata, Villada, Cha\u00f1ar Ladeado, Godeken, Los Quirquinchos, Berabev\u00fa y Ca\u00f1ada del Ucle recibi\u00f3 de la provincia una<\/p>\n","protected":false},"author":2,"featured_media":39615,"comment_status":"closed","ping_status":"closed","sticky":false,"template":"","format":"standard","meta":{"footnotes":""},"categories":[2],"tags":[10],"class_list":["post-39614","post","type-post","status-publish","format-standard","has-post-thumbnail","hentry","category-informe-municipal","tag-santa-fe"],"_links":{"self":[{"href":"http:\/\/argentinamunicipal.com.ar\/argentina\/wp-json\/wp\/v2\/posts\/39614","targetHints":{"allow":["GET"]}}],"collection":[{"href":"http:\/\/argentinamunicipal.com.ar\/argentina\/wp-json\/wp\/v2\/posts"}],"about":[{"href":"http:\/\/argentinamunicipal.com.ar\/argentina\/wp-json\/wp\/v2\/types\/post"}],"author":[{"embeddable":true,"href":"http:\/\/argentinamunicipal.com.ar\/argentina\/wp-json\/wp\/v2\/users\/2"}],"replies":[{"embeddable":true,"href":"http:\/\/argentinamunicipal.com.ar\/argentina\/wp-json\/wp\/v2\/comments?post=39614"}],"version-history":[{"count":0,"href":"http:\/\/argentinamunicipal.com.ar\/argentina\/wp-json\/wp\/v2\/posts\/39614\/revisions"}],"wp:featuredmedia":[{"embeddable":true,"href":"http:\/\/argentinamunicipal.com.ar\/argentina\/wp-json\/wp\/v2\/media\/39615"}],"wp:attachment":[{"href":"http:\/\/argentinamunicipal.com.ar\/argentina\/wp-json\/wp\/v2\/media?parent=39614"}],"wp:term":[{"taxonomy":"category","embeddable":true,"href":"http:\/\/argentinamunicipal.com.ar\/argentina\/wp-json\/wp\/v2\/categories?post=39614"},{"taxonomy":"post_tag","embeddable":true,"href":"http:\/\/argentinamunicipal.com.ar\/argentina\/wp-json\/wp\/v2\/tags?post=39614"}],"curies":[{"name":"wp","href":"https:\/\/api.w.org\/{rel}","templated":true}]}}