{"id":39748,"date":"2015-11-26T07:59:58","date_gmt":"2015-11-26T10:59:58","guid":{"rendered":"http:\/\/argentinamunicipal.com.ar\/argentina\/?p=39748"},"modified":"2015-11-26T07:59:58","modified_gmt":"2015-11-26T10:59:58","slug":"se-construiran-nuevas-viviendas-en-11-localidades-entrerrianas","status":"publish","type":"post","link":"http:\/\/argentinamunicipal.com.ar\/argentina\/se-construiran-nuevas-viviendas-en-11-localidades-entrerrianas\/","title":{"rendered":"Se construir\u00e1n nuevas viviendas en 11 localidades entrerrianas"},"content":{"rendered":"<p><a href=\"http:\/\/argentinamunicipal.com.ar\/argentina\/wp-content\/uploads\/2015\/11\/o_1431959903.jpg\"><img loading=\"lazy\" decoding=\"async\" class=\"aligncenter size-full wp-image-39749\" src=\"http:\/\/argentinamunicipal.com.ar\/argentina\/wp-content\/uploads\/2015\/11\/o_1431959903.jpg\" alt=\"o_1431959903\" width=\"640\" height=\"480\" srcset=\"http:\/\/argentinamunicipal.com.ar\/argentina\/wp-content\/uploads\/2015\/11\/o_1431959903.jpg 640w, http:\/\/argentinamunicipal.com.ar\/argentina\/wp-content\/uploads\/2015\/11\/o_1431959903-300x225.jpg 300w\" sizes=\"auto, (max-width: 640px) 100vw, 640px\" \/><\/a><\/p>\n<p>En el marco del Programa Federal Techo Digno, el gobierno provincial a trav\u00e9s del Instituto Aut\u00e1rquico de Planeamiento y Vivienda (IAPV) rubric\u00f3 los contratos de obra con las empresas constructoras para la ejecuci\u00f3n de 166 nuevas unidades habitacionales en 11 localidades entrerrianas \u2022 Las viviendas contar\u00e1n de dos dormitorios, estar, comedor-cocina y ba\u00f1o<\/p>\n<p>El acto se desarroll\u00f3 en la sede del organismo provincial y fue encabezado por el titular del IAPV, Oscar Marelli, quien estuvo acompa\u00f1ado por el vicepresidente del organismo, Alfredo Francolini; intendentes y presidentes de juntas de gobierno; la vocal de la repartici\u00f3n, Amalia Peroni; representantes de las empresas constructoras y de la Escriban\u00eda Mayor de Gobierno; entre otras autoridades.<\/p>\n<p>El presidente del IAPV, Oscar Marelli, dijo que \u201cun n\u00famero importante de vecinos de diferentes comunidades entrerrianas podr\u00e1n hacer realidad uno de sus m\u00e1s importantes sue\u00f1os, el de la vivienda propia, un anhelo que todos tenemos en la vida y que por sus propios medios no lo pod\u00edan alcanzar\u201d.<\/p>\n<p>El funcionario indic\u00f3 que \u00abcon la ejecuci\u00f3n de nuevas viviendas, se avanza en materia de inclusi\u00f3n social, llevando m\u00e1s soluciones habitacionales, y adem\u00e1s de mejorar las condiciones de vida de miles de familias de nuestra provincia; esta tarea tiene un alto impacto en la generaci\u00f3n de empleo y la multiplicaci\u00f3n de la demanda de mano de obra\u00bb.<\/p>\n<p>Marelli precis\u00f3 que \u201cesperamos terminar la gesti\u00f3n teniendo en ejecuci\u00f3n las 1.000 soluciones habitacionales que fueron acordadas en la paritaria de infraestructura con el sector docente entrerriano y gestionadas por el gobernador Sergio Urribarri ante el gobierno nacional\u201d.<\/p>\n<p>Adem\u00e1s indic\u00f3 que se \u201cejecutar\u00e1n nuevas viviendas en diferentes municipios y Juntas de Gobierno\u201d.<\/p>\n<p>Por su parte, el vicepresidente del IAPV, Alfredo Francolini asegur\u00f3 que \u201cla ejecuci\u00f3n de nuevos grupos habitacionales permite generar mayor mano de obra en las diferentes localidades, posibilitando recuperar la dignidad del trabajo a muchas familias entrerrianas y la puesta en marcha del aparato productivo en cada municipio\u201d.<\/p>\n<p>El directivo expres\u00f3 que \u201cestamos trabajando para que nuestros habitantes puedan tener un hogar digno para poder asegurarles bienestar y prosperidad a la comunidad y de esta manera dignificamos a la familia, siendo la vivienda una llave importante para una mejor integraci\u00f3n social de todos los entrerrianos\u201d.<\/p>\n<p><strong>Detalles de las obras<\/strong><\/p>\n<p>Paran\u00e1 44 viviendas pertenecientes a la Asociaci\u00f3n Civil Crece Desde el Pie (Agmer): La construcci\u00f3n de las unidades habitacionales estar\u00e1 a cargo de la firma Ingeniero Quaranta S.A, que tiene un plazo de obra de diez meses corridos.<\/p>\n<p>Mar\u00eda Grande 16 viviendas (Agmer): La empresa Ingeniero Quaranta S.A, realizar\u00e1 los trabajos, con un plazo de ejecuci\u00f3n de ocho meses corridos.<\/p>\n<p>Aldea San Antonio 6 viviendas (Agmer-Amet-Sadop): Sittner Construcciones ejecutar\u00e1 los trabajos, que tiene un plazo de obra de seis meses corridos<\/p>\n<p>Col\u00f3n 16 viviendas (Agmer-Amet): La firma \u00c1ridos Entre R\u00edos SRL, llevar\u00e1 la obra adelante, que tiene un plazo de ejecuci\u00f3n de ocho meses corridos.<\/p>\n<p>Col\u00f3n 10 viviendas (Sadop): Para construirlas, la empresa \u00c1ridos Entre R\u00edos SRL, tiene un plazo de obra de ocho meses corridos.<\/p>\n<p>Chajar\u00ed 26 viviendas (Agmer): Para construir las viviendas, la empresa Incar S.A, tiene un plazo de obra de nueve meses corridos.<\/p>\n<p>Colonia Ensayo 12 viviendas: La constructora Bidner Construcciones SRL, tiene un plazo de ejecuci\u00f3n de la obra de ocho meses corridos.<\/p>\n<p>Gobernador Sola 5 viviendas: La empresa Volker Humberto ejecutar\u00e1 la construcci\u00f3n de las unidades habitacionales, cuyos trabajos tienen un plazo de construcci\u00f3n de seis meses corridos.<\/p>\n<p>Primero de Mayo 5 viviendas: La Cooperativa de Provisi\u00f3n de Obras y Servicios P\u00fablicos Uruguay Limitada (COPUL) ejecutara los trabajos, que tiene un plazo de obra de seis meses corridos.<\/p>\n<p>El Pingo 5 viviendas: La construcci\u00f3n de las viviendas las ejecutar\u00e1 la empresa Perfil Construcciones, que tienen un plazo de construcci\u00f3n de seis meses corridos.<\/p>\n<p>Estaci\u00f3n Camps 9 viviendas: Perfil Construcciones realizar\u00e1 la construcci\u00f3n de las viviendas, que tienen un plazo de ejecuci\u00f3n de siete meses corridos.<\/p>\n<p>Las Garzas 12 viviendas: Volker Humberto llevar\u00e1 adelante los trabajos, que tienen un plazo de obra de ocho meses corridos.<\/p>\n<h6>Fuente: APF Digital<\/h6>\n","protected":false},"excerpt":{"rendered":"<p>En el marco del Programa Federal Techo Digno, el gobierno provincial a trav\u00e9s del Instituto Aut\u00e1rquico de Planeamiento y Vivienda (IAPV) rubric\u00f3 los contratos de obra con las empresas constructoras para la ejecuci\u00f3n de 166 nuevas unidades habitacionales en 11 localidades entrerrianas \u2022 Las viviendas contar\u00e1n de dos dormitorios, estar, comedor-cocina y ba\u00f1o El acto<\/p>\n","protected":false},"author":2,"featured_media":39749,"comment_status":"closed","ping_status":"closed","sticky":false,"template":"","format":"standard","meta":{"footnotes":""},"categories":[2],"tags":[17],"class_list":["post-39748","post","type-post","status-publish","format-standard","has-post-thumbnail","hentry","category-informe-municipal","tag-entre-rios"],"_links":{"self":[{"href":"http:\/\/argentinamunicipal.com.ar\/argentina\/wp-json\/wp\/v2\/posts\/39748","targetHints":{"allow":["GET"]}}],"collection":[{"href":"http:\/\/argentinamunicipal.com.ar\/argentina\/wp-json\/wp\/v2\/posts"}],"about":[{"href":"http:\/\/argentinamunicipal.com.ar\/argentina\/wp-json\/wp\/v2\/types\/post"}],"author":[{"embeddable":true,"href":"http:\/\/argentinamunicipal.com.ar\/argentina\/wp-json\/wp\/v2\/users\/2"}],"replies":[{"embeddable":true,"href":"http:\/\/argentinamunicipal.com.ar\/argentina\/wp-json\/wp\/v2\/comments?post=39748"}],"version-history":[{"count":0,"href":"http:\/\/argentinamunicipal.com.ar\/argentina\/wp-json\/wp\/v2\/posts\/39748\/revisions"}],"wp:featuredmedia":[{"embeddable":true,"href":"http:\/\/argentinamunicipal.com.ar\/argentina\/wp-json\/wp\/v2\/media\/39749"}],"wp:attachment":[{"href":"http:\/\/argentinamunicipal.com.ar\/argentina\/wp-json\/wp\/v2\/media?parent=39748"}],"wp:term":[{"taxonomy":"category","embeddable":true,"href":"http:\/\/argentinamunicipal.com.ar\/argentina\/wp-json\/wp\/v2\/categories?post=39748"},{"taxonomy":"post_tag","embeddable":true,"href":"http:\/\/argentinamunicipal.com.ar\/argentina\/wp-json\/wp\/v2\/tags?post=39748"}],"curies":[{"name":"wp","href":"https:\/\/api.w.org\/{rel}","templated":true}]}}