{"id":3981,"date":"2014-03-15T11:22:03","date_gmt":"2014-03-15T14:22:03","guid":{"rendered":"http:\/\/argentinamunicipal.com.ar\/argentina\/?p=3981"},"modified":"2014-03-31T09:13:17","modified_gmt":"2014-03-31T12:13:17","slug":"banco-mundial-destaco-a-la-argentina-por-la-ampliacion-de-su-cobertura-previsional","status":"publish","type":"post","link":"http:\/\/argentinamunicipal.com.ar\/argentina\/banco-mundial-destaco-a-la-argentina-por-la-ampliacion-de-su-cobertura-previsional\/","title":{"rendered":"Banco Mundial destac\u00f3 a la Argentina por la ampliaci\u00f3n de su cobertura previsional"},"content":{"rendered":"<p><a href=\"http:\/\/argentinamunicipal.com.ar\/argentina\/wp-content\/uploads\/2014\/03\/fiesta-del-jubilado.jpg\"><img loading=\"lazy\" decoding=\"async\" class=\"aligncenter size-full wp-image-3983\" alt=\"fiesta del jubilado\" src=\"http:\/\/argentinamunicipal.com.ar\/argentina\/wp-content\/uploads\/2014\/03\/fiesta-del-jubilado.jpg\" width=\"945\" height=\"500\" srcset=\"http:\/\/argentinamunicipal.com.ar\/argentina\/wp-content\/uploads\/2014\/03\/fiesta-del-jubilado.jpg 945w, http:\/\/argentinamunicipal.com.ar\/argentina\/wp-content\/uploads\/2014\/03\/fiesta-del-jubilado-300x158.jpg 300w\" sizes=\"auto, (max-width: 945px) 100vw, 945px\" \/><\/a><\/p>\n<p>La Argentina fue uno de los pa\u00edses latinoamericanos que m\u00e1s ampliaron las pensiones y las jubilaciones, destac\u00f3 un informe recientemente publicado por el Banco Mundial (BM)<\/p>\n<p>En tanto, remarc\u00f3 que \u00aben los \u00faltimos diez a\u00f1os y mediante innovadoras reformas en sus sistemas\u00bb toda la regi\u00f3n ampli\u00f3 las coberturas<\/p>\n<p>En el estudio titulado `M\u00e1s all\u00e1 de las pensiones contributivas` la entidad analiza catorce experiencias en Am\u00e9rica Latina, y concluye que Argentina y Bolivia lideran con el 91 por ciento, el porcentaje de mayores de 65 a\u00f1os que cuentan con pensiones.<\/p>\n<p>En tanto, remarc\u00f3 que \u00aben los \u00faltimos diez a\u00f1os y mediante innovadoras reformas en sus sistemas\u00bb toda la regi\u00f3n ampli\u00f3 las coberturas.<\/p>\n<p>El estudio del BM -firmado por los analistas Rafael Rofman, Ignacio Apella y Evelyn Vezza- destaca que los cambios pol\u00edticos ayudaron a reducir la proporci\u00f3n de la poblaci\u00f3n sin cobertura en casi un 33 por ciento.<\/p>\n<p>Esta mejora en la cantidad de gente que alcanz\u00f3 una protecci\u00f3n social, adem\u00e1s, representa el crecimiento m\u00e1s grande en relaci\u00f3n con las d\u00e9cadas pasadas.<\/p>\n<p>Los nuevos programas de inclusi\u00f3n observados con m\u00e1s notoriedad son los de Argentina, Brasil, Chile, Panam\u00e1 y Uruguay.<\/p>\n<p>El informe detalla en particular que en nuestro pa\u00eds, las nuevas jubilaciones no contributivas alcanzan niveles m\u00e1s cercanos a las contributivas.<\/p>\n<p>Rofman, especialista l\u00edder en protecci\u00f3n social del Banco Mundial para Am\u00e9rica Latina y coautor del estudio, detall\u00f3 que \u00abno existe una receta \u00fanica para proteger a los adultos mayores excluidos, ya que cada pa\u00eds tiene niveles de cobertura y limitaciones fiscales diferentes\u00bb.<\/p>\n<p>No obstante, dijo que \u201cpese a estas diferencias, todos los pa\u00edses de la regi\u00f3n est\u00e1n en un camino de inclusi\u00f3n\u201d.<\/p>\n<h6>Fuente: El Sol de Quilmes<\/h6>\n","protected":false},"excerpt":{"rendered":"<p>La Argentina fue uno de los pa\u00edses latinoamericanos que m\u00e1s ampliaron las pensiones y las jubilaciones, destac\u00f3 un informe recientemente publicado por el Banco Mundial (BM) En tanto, remarc\u00f3 que \u00aben los \u00faltimos diez a\u00f1os y mediante innovadoras reformas en sus sistemas\u00bb toda la regi\u00f3n ampli\u00f3 las coberturas En el estudio titulado `M\u00e1s all\u00e1 de<\/p>\n","protected":false},"author":1,"featured_media":3983,"comment_status":"closed","ping_status":"closed","sticky":false,"template":"","format":"standard","meta":{"footnotes":""},"categories":[8],"tags":[21],"class_list":["post-3981","post","type-post","status-publish","format-standard","has-post-thumbnail","hentry","category-informe-nacional","tag-argentina"],"_links":{"self":[{"href":"http:\/\/argentinamunicipal.com.ar\/argentina\/wp-json\/wp\/v2\/posts\/3981","targetHints":{"allow":["GET"]}}],"collection":[{"href":"http:\/\/argentinamunicipal.com.ar\/argentina\/wp-json\/wp\/v2\/posts"}],"about":[{"href":"http:\/\/argentinamunicipal.com.ar\/argentina\/wp-json\/wp\/v2\/types\/post"}],"author":[{"embeddable":true,"href":"http:\/\/argentinamunicipal.com.ar\/argentina\/wp-json\/wp\/v2\/users\/1"}],"replies":[{"embeddable":true,"href":"http:\/\/argentinamunicipal.com.ar\/argentina\/wp-json\/wp\/v2\/comments?post=3981"}],"version-history":[{"count":0,"href":"http:\/\/argentinamunicipal.com.ar\/argentina\/wp-json\/wp\/v2\/posts\/3981\/revisions"}],"wp:featuredmedia":[{"embeddable":true,"href":"http:\/\/argentinamunicipal.com.ar\/argentina\/wp-json\/wp\/v2\/media\/3983"}],"wp:attachment":[{"href":"http:\/\/argentinamunicipal.com.ar\/argentina\/wp-json\/wp\/v2\/media?parent=3981"}],"wp:term":[{"taxonomy":"category","embeddable":true,"href":"http:\/\/argentinamunicipal.com.ar\/argentina\/wp-json\/wp\/v2\/categories?post=3981"},{"taxonomy":"post_tag","embeddable":true,"href":"http:\/\/argentinamunicipal.com.ar\/argentina\/wp-json\/wp\/v2\/tags?post=3981"}],"curies":[{"name":"wp","href":"https:\/\/api.w.org\/{rel}","templated":true}]}}