{"id":39815,"date":"2015-11-28T09:00:06","date_gmt":"2015-11-28T12:00:06","guid":{"rendered":"http:\/\/argentinamunicipal.com.ar\/argentina\/?p=39815"},"modified":"2015-11-28T09:00:06","modified_gmt":"2015-11-28T12:00:06","slug":"iniciativa-para-darle-mas-impulso-al-parque-industrial-de-parana","status":"publish","type":"post","link":"http:\/\/argentinamunicipal.com.ar\/argentina\/iniciativa-para-darle-mas-impulso-al-parque-industrial-de-parana\/","title":{"rendered":"Iniciativa para darle m\u00e1s impulso al parque industrial de Paran\u00e1"},"content":{"rendered":"<p><a href=\"http:\/\/argentinamunicipal.com.ar\/argentina\/wp-content\/uploads\/2015\/11\/o_1448680333.jpg\"><img loading=\"lazy\" decoding=\"async\" class=\"aligncenter size-full wp-image-39816\" src=\"http:\/\/argentinamunicipal.com.ar\/argentina\/wp-content\/uploads\/2015\/11\/o_1448680333.jpg\" alt=\"o_1448680333\" width=\"640\" height=\"360\" srcset=\"http:\/\/argentinamunicipal.com.ar\/argentina\/wp-content\/uploads\/2015\/11\/o_1448680333.jpg 640w, http:\/\/argentinamunicipal.com.ar\/argentina\/wp-content\/uploads\/2015\/11\/o_1448680333-300x169.jpg 300w\" sizes=\"auto, (max-width: 640px) 100vw, 640px\" \/><\/a><br \/>\nAnte el mayor desarrollo y el crecimiento generado en el Parque Industrial Manuel Belgrano, la Municipalidad de Paran\u00e1 present\u00f3 un proyecto de ordenanza para actualizar y modernizar el r\u00e9gimen de promoci\u00f3n industrial.<\/p>\n<p>El nuevo Proyecto de Ordenanza, presentado el jueves, ser\u00e1 debatido por el cuerpo legislativo local que asuma luego del 10 de diciembre.<\/p>\n<p>En relaci\u00f3n a la iniciativa, la intendenta Blanca Osuna se\u00f1al\u00f3: \u201cEntendemos que con esta ordenanza se da un salto de innovaciones y calidad sobre la administraci\u00f3n y el desarrollo del Parque Industrial, volviendo m\u00e1s competitivas las empresas actuales, promoviendo y beneficiando las nuevas inversiones y fomentando el desarrollo de nuevos proyectos. Luego de esta ordenanza ser\u00e1 muy conveniente, en t\u00e9rminos econ\u00f3micos y log\u00edsticos, para una empresa instalarse en el Parque Industrial\u201d.<\/p>\n<p>Dijo que el parque industrial \u201cdebe transformarse en un ente que aglomere los intereses de todos sus integrantes, que sea flexible y din\u00e1mico, para que pueda adaptarse competitivamente a los nuevos tiempos industriales y tecnol\u00f3gicos\u201d y detall\u00f3 que la nueva ordenanza, expresada en 60 art\u00edculos, \u201crepresenta un trabajo intenso de diagn\u00f3stico de la situaci\u00f3n actual del parque, de estudio de ordenanzas de parques competitivos, de discusiones t\u00e9cnicas y conceptuales con los integrantes del Parque, de definiciones innovadoras que buscan cambiar el perfil de nuestro desarrollo Industrial\u201d.<\/p>\n<p><strong>EL PROYECTO<\/strong>. La iniciativa surgi\u00f3 de un trabajo conjunto entre el estado municipal y el sector privados, buscando \u201cavanzar en la concreci\u00f3n de un parque altamente eficiente y competitivo a nivel nacional, que promueva el desarrollo de nuevas industrias, el crecimiento de las ya instaladas y considerando que la Ordenanza N\u00ba 8560, que hoy rige las cuestiones centrales de la administraci\u00f3n del parque, se encuentra obsoleta, inaplicable y poco competitiva a nivel regi\u00f3n\u201d. El proyecto apunta a establecer un nuevo r\u00e9gimen de promoci\u00f3n industrial, cuyo marco est\u00e1 dado por la nueva Ley de Promoci\u00f3n Industrial de la provincia de Entre R\u00edos, promulgada en 2013.<\/p>\n<p><strong>Los ejes del proyecto<\/strong><\/p>\n<p>1- Redefiniciones en el ordenamiento y las regulaciones sobre las zonas industriales y sus terrenos disponibles o a disponer.<br \/>\n2- Reestructuraci\u00f3n de los beneficios promocionales para las nuevas empresas y para las empresas ya instaladas.<br \/>\n3- Definici\u00f3n de un fondo de origen municipal (FOPROIN) para obras, equipamiento y administraci\u00f3n del parque.<br \/>\n4- Creaci\u00f3n de un consorcio de administraci\u00f3n mixto del Parque Industrial.<br \/>\n5- Creaci\u00f3n y definici\u00f3n de funciones y objetivos del Centro de Formaci\u00f3n, Innovaci\u00f3n y Servicios del Parque.<\/p>\n<p>Entre los beneficios de la Ordenanza, se plantea principalmente que Paran\u00e1 se transforme en la localidad m\u00e1s competitiva, en t\u00e9rminos de beneficios, en toda la regi\u00f3n, por ello se promueve:<\/p>\n<p>a) Para nuevas empresas:<br \/>\n-Una exenci\u00f3n de 7 a\u00f1os del 100%<br \/>\n-Una exenci\u00f3n del 50% del a\u00f1o 8 al 14<br \/>\n-Una exenci\u00f3n del 20% desde el a\u00f1o 15 y de manera permanente.<\/p>\n<p>b) Para empresas ya instaladas que hagan inversiones:<br \/>\n-Exenciones que van del 25 al 100% para inversiones de empleo intensivo<br \/>\n-Exenciones que van del 25 al 75% para inversiones de tecnolog\u00eda intensiva.<\/p>\n<p>c) Para empresas preexistentes, que hayan obtenido el beneficio de las ordenanzas anteriores:<br \/>\n-La exenci\u00f3n del 20% de manera permanente.<\/p>\n<p>Sobre el consorcio de Administraci\u00f3n Mixto para el Parque Industrial se establece la creaci\u00f3n de un ente aut\u00e1rquico integrado por una Asamblea de propietarios, un Consejo de Administraci\u00f3n y una Gerencia.<br \/>\nLa asamblea estar\u00e1 integrada por los titulares de las parcelas del parque y tres integrantes del DEM. El consejo de administraci\u00f3n estar\u00e1 integrado por tres representantes del Departamento Ejecutivo Municipal, dos de ASEMPI, y un titular de parcelas del parque. La gerencia ser\u00e1 seleccionada por el Consejo de Administraci\u00f3n.<\/p>\n<p><strong>BREVES <\/strong><br \/>\n<strong>Sala de cardiolog\u00eda<\/strong><\/p>\n<p>El Centro de Atenci\u00f3n Primaria de Salud Toma Nueva de Paran\u00e1 cuenta con una nueva Sala de Cardiolog\u00eda, que fue equipada con un electrocardi\u00f3grafo, bicicleta para ergometr\u00edas y desfibrilador, entre otros elementos. De tal manera, este centro sanitario qued\u00f3 en condiciones de realizar prestaciones de mayor nivel de complejidad. \u201cHemos podido concretar muchas acciones y dejar planteadas pol\u00edticas que contribuyen a mejorar la ciudad, poniendo prioridades donde hab\u00eda m\u00e1s necesidad. La inversi\u00f3n realizada en salud contempla nueva infraestructura, as\u00ed como la mejora y ampliaci\u00f3n de las prestaciones\u201d, sostuvo la intendenta Blanca Osuna. La jefa comunal, junto a directivos del centro y vecinos, recorri\u00f3 las nuevas instalaciones y dej\u00f3 oficialmente habilitada la sala de cardiolog\u00eda que atender\u00e1 a vecinos de esa zona y la demanda de los otros centros de salud municipales.<\/p>\n<p>Desde hace un a\u00f1o este centro incorpor\u00f3 nuevos m\u00e9dicos (dos generalistas, un cl\u00ednico neumon\u00f3logo, y una ginec\u00f3loga). Tambi\u00e9n se sumaron al equipo dos obst\u00e9tricas que cubren la demanda de controles de embarazo y planificaci\u00f3n familiar. La intendenta remarc\u00f3 lo importante de dar este paso \u201ccon este equipamiento de alta complejidad y una sala que otorga el marco adecuado\u201d. Dijo que se ha venido trabajando desde la comuna en un redise\u00f1o de este centro y cit\u00f3 la reciente apertura de la licitaci\u00f3n para la ampliaci\u00f3n del edificio existente, con nuevos consultorios, sala de espera e ingresos sectorizados para ambulancias.<\/p>\n<h6>Fuente: El Diario; Entre R\u00edos<\/h6>\n","protected":false},"excerpt":{"rendered":"<p>Ante el mayor desarrollo y el crecimiento generado en el Parque Industrial Manuel Belgrano, la Municipalidad de Paran\u00e1 present\u00f3 un proyecto de ordenanza para actualizar y modernizar el r\u00e9gimen de promoci\u00f3n industrial. El nuevo Proyecto de Ordenanza, presentado el jueves, ser\u00e1 debatido por el cuerpo legislativo local que asuma luego del 10 de diciembre. En<\/p>\n","protected":false},"author":2,"featured_media":39816,"comment_status":"closed","ping_status":"closed","sticky":false,"template":"","format":"standard","meta":{"footnotes":""},"categories":[2],"tags":[17],"class_list":["post-39815","post","type-post","status-publish","format-standard","has-post-thumbnail","hentry","category-informe-municipal","tag-entre-rios"],"_links":{"self":[{"href":"http:\/\/argentinamunicipal.com.ar\/argentina\/wp-json\/wp\/v2\/posts\/39815","targetHints":{"allow":["GET"]}}],"collection":[{"href":"http:\/\/argentinamunicipal.com.ar\/argentina\/wp-json\/wp\/v2\/posts"}],"about":[{"href":"http:\/\/argentinamunicipal.com.ar\/argentina\/wp-json\/wp\/v2\/types\/post"}],"author":[{"embeddable":true,"href":"http:\/\/argentinamunicipal.com.ar\/argentina\/wp-json\/wp\/v2\/users\/2"}],"replies":[{"embeddable":true,"href":"http:\/\/argentinamunicipal.com.ar\/argentina\/wp-json\/wp\/v2\/comments?post=39815"}],"version-history":[{"count":0,"href":"http:\/\/argentinamunicipal.com.ar\/argentina\/wp-json\/wp\/v2\/posts\/39815\/revisions"}],"wp:featuredmedia":[{"embeddable":true,"href":"http:\/\/argentinamunicipal.com.ar\/argentina\/wp-json\/wp\/v2\/media\/39816"}],"wp:attachment":[{"href":"http:\/\/argentinamunicipal.com.ar\/argentina\/wp-json\/wp\/v2\/media?parent=39815"}],"wp:term":[{"taxonomy":"category","embeddable":true,"href":"http:\/\/argentinamunicipal.com.ar\/argentina\/wp-json\/wp\/v2\/categories?post=39815"},{"taxonomy":"post_tag","embeddable":true,"href":"http:\/\/argentinamunicipal.com.ar\/argentina\/wp-json\/wp\/v2\/tags?post=39815"}],"curies":[{"name":"wp","href":"https:\/\/api.w.org\/{rel}","templated":true}]}}