{"id":39843,"date":"2015-11-30T08:27:20","date_gmt":"2015-11-30T11:27:20","guid":{"rendered":"http:\/\/argentinamunicipal.com.ar\/argentina\/?p=39843"},"modified":"2015-12-10T08:13:02","modified_gmt":"2015-12-10T11:13:02","slug":"hay-mas-de-60-pueblos-de-la-provincia-de-santa-fe-que-no-tienen-medicos","status":"publish","type":"post","link":"http:\/\/argentinamunicipal.com.ar\/argentina\/hay-mas-de-60-pueblos-de-la-provincia-de-santa-fe-que-no-tienen-medicos\/","title":{"rendered":"\u201cHay m\u00e1s de 60 pueblos de la provincia de Santa Fe que no tienen m\u00e9dicos\u201d"},"content":{"rendered":"<p><a href=\"http:\/\/argentinamunicipal.com.ar\/argentina\/wp-content\/uploads\/2015\/11\/noticias_medico.jpg\"><img loading=\"lazy\" decoding=\"async\" class=\"aligncenter size-full wp-image-39845\" src=\"http:\/\/argentinamunicipal.com.ar\/argentina\/wp-content\/uploads\/2015\/11\/noticias_medico.jpg\" alt=\"noticias_medico\" width=\"600\" height=\"399\" srcset=\"http:\/\/argentinamunicipal.com.ar\/argentina\/wp-content\/uploads\/2015\/11\/noticias_medico.jpg 600w, http:\/\/argentinamunicipal.com.ar\/argentina\/wp-content\/uploads\/2015\/11\/noticias_medico-300x200.jpg 300w\" sizes=\"auto, (max-width: 600px) 100vw, 600px\" \/><\/a><\/p>\n<p>As\u00ed lo confirm\u00f3 el m\u00e9dico rural Arturo Serrano. El Senado aprob\u00f3 una ley que busca reconocer a estos profesionales<\/p>\n<p>La C\u00e1mara de Senadores de la provincia aprob\u00f3 el jueves pasado en la \u00faltima sesi\u00f3n de 2015 la ley de creaci\u00f3n del Sistema Provincial de M\u00e9dicos Rurales que funcionar\u00e1 bajo la dependencia del Ministerio de Salud de la Provincia de Santa Fe. Un proyecto que busca fomentar la radicaci\u00f3n de m\u00e9dicos en este \u00e1mbito, garantizando as\u00ed calidad de la atenci\u00f3n sanitaria en zonas rurales y\/o inh\u00f3spitas. Aseguran que hoy en la provincia m\u00e1s de 60 pueblos que carecen de m\u00e9dicos.<\/p>\n<p><strong>Reconocimiento<\/strong><\/p>\n<p>\u201cHace muchos a\u00f1os que ven\u00edamos insistiendo con esto. No hay ninguna ley en el pa\u00eds \u00a0y esta es la primera\u201d, asegur\u00f3 a Diario UNO el m\u00e9dico rural Arturo Serrano, radicado hace 31 a\u00f1os en la localidad de Santo Domingo e integrante de la Asociaci\u00f3n de M\u00e9dicos Rurales de la provincia de Santa Fe.<\/p>\n<p>Este proyecto de ley, encabezado por el senador por el departamento Las Colonias Rub\u00e9n Pirola, fue finalmente sancionado en forma definitiva luego de que el Senado acept\u00f3 las modificaciones provenientes de la C\u00e1mara de Diputados. El mismo hab\u00eda sido presentado por primera vez hace seis a\u00f1os y perdi\u00f3 dos veces estado parlamentario. \u201cLa vez pasada casi sale, pero fue trabado en Diputados. Esta vez, la terminaron aceptando con modificaciones\u201d, indic\u00f3 Serrano.<\/p>\n<p>La ley aprobada por la Legislatura establece una mejora en la remuneraci\u00f3n de los profesionales universitarios de la salud (incluidos en la Ley N\u00ba 9.282) que est\u00e9n establecidos en zonas rurales con \u201ccargos de 44 horas, con o sin bloqueo de t\u00edtulo\u201d y garantiza su capacitaci\u00f3n.<\/p>\n<p>Por su parte, Miguel Baronetto, presidente de la asociaci\u00f3n que agrupa a los m\u00e9dicos rurales de la provincia y que se encuentra radicado hace 13 a\u00f1os en Colonia Aldao tambi\u00e9n celebr\u00f3 la noticia: \u201cEsto fue una lucha larga de muy poca gente y algunos de los que pelearon no pueden disfrutarlo porque ya se jubilaron\u201d, dijo.<\/p>\n<p>En este sentido destac\u00f3 que esta ley da \u201cun incentivo para que los nuevos profesionales elijan radicarse en la zona rural, y vean que hay otro lugar para trabajar y que no solamente hay que subirse a una ambulancia o hacer guardias\u201d.<\/p>\n<p>Baronetto expres\u00f3 que la primera dificultad en el acceso de todos los ciudadanos a la atenci\u00f3n m\u00e9dica en poblaciones rurales se debe a \u201cla insuficiente radicaci\u00f3n de profesionales m\u00e9dicos con inserci\u00f3n y permanencia en poblados peque\u00f1os\u201d.<\/p>\n<p>\u201cNuestro sueldo es el mismo que si est\u00e1s en un hospital cubierto por todos los otros servicios y profesionales. En cambio en la zona rural est\u00e1s 24 horas de guardia y solo. Por eso los chicos que se reciben no tienen la salud rural como una opci\u00f3n. Con esta ley esperamos que se los incentive a trabajar en el interior\u201d, coment\u00f3.<\/p>\n<p>Por su parte, Serrano indic\u00f3 que \u201chay m\u00e1s de 60 pueblos de Santa Fe que no tienen m\u00e9dicos porque hay una franca dificultad en el interior para subsistir. La ciudad brinda muchas m\u00e1s oportunidades de trabajo\u201d. Asimismo aclar\u00f3: \u201cEstamos hablando de localidades de menos de 2.500 habitantes, las cuales son m\u00e1s o menos unas 150 en toda la provincia y somos apenas 60 m\u00e9dicos rurales reconocidos desde el Ministerio de Salud. Pero est\u00e1n tambi\u00e9n los que van unas horas desde otras localidades, que ser\u00e1n unos 30 m\u00e1s\u201d.<\/p>\n<p>Si bien la ley no establece un m\u00ednimo de cargos de m\u00e9dicos rurales por localidad, Serrano adelant\u00f3 que han avanzado. \u201cDesde la palabra del Ministerio han asegurado que quieren que cada localidad tenga dos m\u00e9dicos para poder cubrir todo el tiempo y para que no sea un trabajo a destajo como lo es actualmente; pero habr\u00eda que ver si el nuevo ministro tiene la misma idea\u201d, aclar\u00f3.<\/p>\n<p>\u201cInicialmente el proyecto tambi\u00e9n propon\u00eda el servicio de medicina rural para entender esta problem\u00e1tica y la carrera hospitalaria. Esto estaba pensado para los colegas que est\u00e1n en lugares muy hostiles, para que por lo menos a los 10 a\u00f1os pudieran acceder a un lugar m\u00e1s central, con m\u00e1s comodidades y oportunidades para ellos y sus familias. Eso lo hace cualquier polic\u00eda, docente; pero no los m\u00e9dicos y lamentablemente es as\u00ed. Tambi\u00e9n hab\u00edamos pedido una jubilaci\u00f3n que no es de privilegio, pero que cada tres a\u00f1os consideraba uno de bueno; un sistema que tienen los psiquiatras, los radi\u00f3logos, y un mont\u00f3n de otros profesionales y estar all\u00e1 de \u00a0guardia las 24 horas merec\u00eda por lo menos ese reconocimiento; pero eso tambi\u00e9n lo quitaron, al igual que al servicio\u201d, explic\u00f3 Serrano.<\/p>\n<p>De esta manera insisti\u00f3 en la necesidad de incluir al \u201cequipo de salud\u201d contemplando as\u00ed a enfermeros y choferes. \u201cCuando no estamos nosotros, quien hace frente a todo es la enfermera y hemos hecho mucho esfuerzo para incluirlas, pero lamentablemente no se ha podido. S\u00ed est\u00e1n todos los profesionales, pero de la 9.282 que son fonoaudi\u00f3logos, odont\u00f3logos, kinesi\u00f3logos y m\u00e9dicos. Las enfermeras est\u00e1n en otra ley, que es la 2.519 y no pueden estar en esta por cuestiones legales\u201d, se\u00f1al\u00f3 Serrano. \u201cEsta es la deuda pendiente\u201d, sentenci\u00f3.<\/p>\n<p>Finalmente el presidente de la Asociaci\u00f3n de M\u00e9dicos Rurales \u00a0afirm\u00f3 que seguir\u00e1n trabajando para que \u201clos pueblos logren tener un equipo de salud en su lugar, que satisfaga las necesidades y no como tienen la mayor\u00eda hoy, donde los m\u00e9dicos van de otras localidades a atender por el cargo y despu\u00e9s esa gente queda desprotegida\u201d.<\/p>\n<h6>Fuente: Uno, Santa Fe<\/h6>\n","protected":false},"excerpt":{"rendered":"<p>As\u00ed lo confirm\u00f3 el m\u00e9dico rural Arturo Serrano. El Senado aprob\u00f3 una ley que busca reconocer a estos profesionales<\/p>\n","protected":false},"author":2,"featured_media":39845,"comment_status":"closed","ping_status":"closed","sticky":false,"template":"","format":"standard","meta":{"footnotes":""},"categories":[2],"tags":[10],"class_list":["post-39843","post","type-post","status-publish","format-standard","has-post-thumbnail","hentry","category-informe-municipal","tag-santa-fe"],"_links":{"self":[{"href":"http:\/\/argentinamunicipal.com.ar\/argentina\/wp-json\/wp\/v2\/posts\/39843","targetHints":{"allow":["GET"]}}],"collection":[{"href":"http:\/\/argentinamunicipal.com.ar\/argentina\/wp-json\/wp\/v2\/posts"}],"about":[{"href":"http:\/\/argentinamunicipal.com.ar\/argentina\/wp-json\/wp\/v2\/types\/post"}],"author":[{"embeddable":true,"href":"http:\/\/argentinamunicipal.com.ar\/argentina\/wp-json\/wp\/v2\/users\/2"}],"replies":[{"embeddable":true,"href":"http:\/\/argentinamunicipal.com.ar\/argentina\/wp-json\/wp\/v2\/comments?post=39843"}],"version-history":[{"count":0,"href":"http:\/\/argentinamunicipal.com.ar\/argentina\/wp-json\/wp\/v2\/posts\/39843\/revisions"}],"wp:featuredmedia":[{"embeddable":true,"href":"http:\/\/argentinamunicipal.com.ar\/argentina\/wp-json\/wp\/v2\/media\/39845"}],"wp:attachment":[{"href":"http:\/\/argentinamunicipal.com.ar\/argentina\/wp-json\/wp\/v2\/media?parent=39843"}],"wp:term":[{"taxonomy":"category","embeddable":true,"href":"http:\/\/argentinamunicipal.com.ar\/argentina\/wp-json\/wp\/v2\/categories?post=39843"},{"taxonomy":"post_tag","embeddable":true,"href":"http:\/\/argentinamunicipal.com.ar\/argentina\/wp-json\/wp\/v2\/tags?post=39843"}],"curies":[{"name":"wp","href":"https:\/\/api.w.org\/{rel}","templated":true}]}}