{"id":401,"date":"2014-02-08T23:13:39","date_gmt":"2014-02-09T02:13:39","guid":{"rendered":"http:\/\/argentinamunicipal.com.ar\/argentina\/?p=401"},"modified":"2014-02-15T18:37:31","modified_gmt":"2014-02-15T21:37:31","slug":"el-apagon-del-consumo-tuvo-un-alto-acatamiento","status":"publish","type":"post","link":"http:\/\/argentinamunicipal.com.ar\/argentina\/el-apagon-del-consumo-tuvo-un-alto-acatamiento\/","title":{"rendered":"El \u201capag\u00f3n del consumo\u201d tuvo un alto acatamiento"},"content":{"rendered":"<div id=\"attachment_402\" style=\"width: 629px\" class=\"wp-caption aligncenter\"><a href=\"http:\/\/argentinamunicipal.com.ar\/argentina\/wp-content\/uploads\/2014\/02\/52f570859bb22_619_347.jpg\"><img loading=\"lazy\" decoding=\"async\" aria-describedby=\"caption-attachment-402\" class=\"size-full wp-image-402\" alt=\"La convocatoria a no comprar en algunos supermercados tuvo buena recepci\u00f3n.\" src=\"http:\/\/argentinamunicipal.com.ar\/argentina\/wp-content\/uploads\/2014\/02\/52f570859bb22_619_347.jpg\" width=\"619\" height=\"347\" srcset=\"http:\/\/argentinamunicipal.com.ar\/argentina\/wp-content\/uploads\/2014\/02\/52f570859bb22_619_347.jpg 619w, http:\/\/argentinamunicipal.com.ar\/argentina\/wp-content\/uploads\/2014\/02\/52f570859bb22_619_347-300x168.jpg 300w\" sizes=\"auto, (max-width: 619px) 100vw, 619px\" \/><\/a><p id=\"caption-attachment-402\" class=\"wp-caption-text\">La convocatoria a no comprar en algunos supermercados tuvo buena recepci\u00f3n.<\/p><\/div>\n<p>Jorge Capitanich consider\u00f3 que \u201cuna de las condiciones b\u00e1sicas del ejercicio de la soberan\u00eda del consumidor consiste precisamente en no comprar en aquellos comercios o empresas donde el valor del bien se ha incrementado de un modo absolutamente desmesurado\u201d.<\/p>\n<p>Asociaciones de defensa del consumidor y c\u00e1maras de entidades comerciales se expresaron ayer en apoyo a la convocatoria a no comprar en aquellos establecimientos que registran un aumento abusivo de precios y exhortaron a premiar o castigar el comportamiento de las empresas.<\/p>\n<p>A trav\u00e9s de las redes sociales, se convoc\u00f3 a no comprar ayer productos en supermercados ni combustibles en estaciones de servicio, en protesta por la suba de precios, una reacci\u00f3n de los consumidores que se registra con frecuencia en otros pa\u00edses.<\/p>\n<p>La primera referencia oficial de la jornada a la medida, fue la del jefe de Gabinete, Jorge Capitanich, quien consider\u00f3 que \u201cuna de las condiciones b\u00e1sicas del ejercicio de la soberan\u00eda del consumidor consiste precisamente en no comprar en aquellos comercios o empresas donde el valor del bien se ha incrementado de un modo absolutamente desmesurado\u201d.<\/p>\n<p>Tambi\u00e9n distintas entidades de consumidores apoyaron la convocatoria a no adquirir ayer productos en supermercados y no cargar combustibles en estaciones de servicio en protesta por el aumento de precios, y exhortaron a continuar estas iniciativas en similares situaciones.<\/p>\n<p>El presidente de la Uni\u00f3n de Consumidores de la Argentina, Fernando Blanco Mui\u00f1o, dijo que la campa\u00f1a convocada ayer a trav\u00e9s de las redes sociales \u201ces una acci\u00f3n importante para llevar a cabo por el incumplimiento de las cadenas de distribuci\u00f3n y las petroleras\u201d respecto de los acuerdos de precios.<\/p>\n<p>A su turno, Claudio Boada, de la Uni\u00f3n de Usuarios y Consumidores, dijo que \u201ctoda acci\u00f3n social colectiva que sume voluntades es positiva\u201d, y exhort\u00f3 a que las convocatorias se efect\u00faen de manera coordinada \u201ccon acciones continuas y permanentes\u201d.<\/p>\n<p>Propuso \u201cpremiar y castigar\u201d conductas de empresas y comercios en relaci\u00f3n con los derechos de los consumidores, y dijo que el castigo no debe ser generalizado contra un sector, sino debe canalizarse a la empresa que no cumple con los valores acordados.<\/p>\n<p>Pero m\u00e1s all\u00e1 de las asociaciones de consumidores, el titular de Fedec\u00e1maras, Rub\u00e9n Manusovich, expres\u00f3 que la entidad est\u00e1 convocando a \u201cun paro de compras contra las empresas proveedoras que est\u00e1n pretendiendo marcar precios en forma abusiva, usando como pretexto el aumento del d\u00f3lar\u201d.<\/p>\n<p>\u201cSostenemos que el impacto del incremento de la divisa norteamericana no debe repercutir en su totalidad en el precio de un producto fabricado en el pa\u00eds. Eso se debe reflejar m\u00ednimamente\u201d, expres\u00f3 Manusovich.<\/p>\n<h2>Boicot Chino<\/h2>\n<p>Tambi\u00e9n los supermercados de propietarios chinos anunciaron que boicotear\u00e1n hasta el martes a los frigor\u00edficos por el aumento que se registraron durante los \u00faltimos d\u00edas en los productos c\u00e1rnicos.<br \/>\nMiguel Angel Calvete, director ejecutivo de la Federaci\u00f3n de Supermercados y Asociaciones chinas de la Rep\u00fablica Argentina, adelant\u00f3 que tomaron la iniciativa \u201cdebido a los incrementos de precios desmedidos que se registraron recientemente en la carne\u201d.<\/p>\n<p>Los supermercados asociados a la Federaci\u00f3n tambi\u00e9n expresaron su apoyo al \u201cboicot a la compra en hipermercados\u201d y le solicitaron al Gobierno Nacional \u201cque exponga p\u00fablicamente ante la sociedad a las empresas que hayan sido denunciadas por aumentar excesivamente los precios de sus productos\u201d.<\/p>\n<pre>Fuente: El Patag\u00f3nico<\/pre>\n","protected":false},"excerpt":{"rendered":"<p>Jorge Capitanich consider\u00f3 que \u201cuna de las condiciones b\u00e1sicas del ejercicio de la soberan\u00eda del consumidor consiste precisamente en no comprar en aquellos comercios o empresas donde el valor del bien se ha incrementado de un modo absolutamente desmesurado\u201d. Asociaciones de defensa del consumidor y c\u00e1maras de entidades comerciales se expresaron ayer en apoyo a<\/p>\n","protected":false},"author":1,"featured_media":402,"comment_status":"closed","ping_status":"closed","sticky":false,"template":"","format":"standard","meta":{"footnotes":""},"categories":[8],"tags":[21],"class_list":["post-401","post","type-post","status-publish","format-standard","has-post-thumbnail","hentry","category-informe-nacional","tag-argentina"],"_links":{"self":[{"href":"http:\/\/argentinamunicipal.com.ar\/argentina\/wp-json\/wp\/v2\/posts\/401","targetHints":{"allow":["GET"]}}],"collection":[{"href":"http:\/\/argentinamunicipal.com.ar\/argentina\/wp-json\/wp\/v2\/posts"}],"about":[{"href":"http:\/\/argentinamunicipal.com.ar\/argentina\/wp-json\/wp\/v2\/types\/post"}],"author":[{"embeddable":true,"href":"http:\/\/argentinamunicipal.com.ar\/argentina\/wp-json\/wp\/v2\/users\/1"}],"replies":[{"embeddable":true,"href":"http:\/\/argentinamunicipal.com.ar\/argentina\/wp-json\/wp\/v2\/comments?post=401"}],"version-history":[{"count":0,"href":"http:\/\/argentinamunicipal.com.ar\/argentina\/wp-json\/wp\/v2\/posts\/401\/revisions"}],"wp:featuredmedia":[{"embeddable":true,"href":"http:\/\/argentinamunicipal.com.ar\/argentina\/wp-json\/wp\/v2\/media\/402"}],"wp:attachment":[{"href":"http:\/\/argentinamunicipal.com.ar\/argentina\/wp-json\/wp\/v2\/media?parent=401"}],"wp:term":[{"taxonomy":"category","embeddable":true,"href":"http:\/\/argentinamunicipal.com.ar\/argentina\/wp-json\/wp\/v2\/categories?post=401"},{"taxonomy":"post_tag","embeddable":true,"href":"http:\/\/argentinamunicipal.com.ar\/argentina\/wp-json\/wp\/v2\/tags?post=401"}],"curies":[{"name":"wp","href":"https:\/\/api.w.org\/{rel}","templated":true}]}}