{"id":4021,"date":"2014-03-17T07:17:46","date_gmt":"2014-03-17T10:17:46","guid":{"rendered":"http:\/\/argentinamunicipal.com.ar\/argentina\/?p=4021"},"modified":"2014-03-17T07:17:46","modified_gmt":"2014-03-17T10:17:46","slug":"cordoba-unanime-rechazo-a-la-iniciativa-de-regular-el-derecho-de-huelga","status":"publish","type":"post","link":"http:\/\/argentinamunicipal.com.ar\/argentina\/cordoba-unanime-rechazo-a-la-iniciativa-de-regular-el-derecho-de-huelga\/","title":{"rendered":"C\u00f3rdoba: Un\u00e1nime rechazo a la iniciativa de regular el derecho de huelga"},"content":{"rendered":"<div id=\"attachment_4022\" style=\"width: 253px\" class=\"wp-caption alignright\"><a href=\"http:\/\/argentinamunicipal.com.ar\/argentina\/wp-content\/uploads\/2014\/03\/imagenes4.jpg\"><img loading=\"lazy\" decoding=\"async\" aria-describedby=\"caption-attachment-4022\" class=\"size-full wp-image-4022\" alt=\"Edgardo Garmendia, de AOITA - Jorge Montes, de AGEPJ - Arnaldo Molina, de ATE\" src=\"http:\/\/argentinamunicipal.com.ar\/argentina\/wp-content\/uploads\/2014\/03\/imagenes4.jpg\" width=\"243\" height=\"160\" \/><\/a><p id=\"caption-attachment-4022\" class=\"wp-caption-text\">Edgardo Garmendia, de AOITA &#8211; Jorge Montes, de AGEPJ &#8211; Arnaldo Molina, de ATE<\/p><\/div>\n<p>Uni\u00f3n por C\u00f3rdoba present\u00f3 un proyecto de ley para limitar las protestas gremiales y \u201cgarantizar el derecho de los ciudadanos\u201d a determinados servicios. La iniciativa provoc\u00f3 rechazo en el arco gremial<\/p>\n<p>Desde diferentes organizaciones sindicales cuestionaron el proyecto del peronismo cordob\u00e9s para limitar el derecho a huelga.<br \/>\nEL DIARIO consult\u00f3 a dirigentes del gremio de los estatales (ATE), judiciales (AGEPJ) y de choferes de colectivos (AOITA). Todos coincidieron en rechazar la medida.<\/p>\n<p>\u201cTodav\u00eda estamos esperando al gobernador que venga a inaugurar el nuevo Hospital, que es un servicio esencial\u201d, ironiz\u00f3 Arnaldo Molina, adjunto de ATE\u2008Villa Mar\u00eda y trabajador del Hospital Pasteur.<\/p>\n<p>\u201cTambi\u00e9n hemos rechazado como organizaci\u00f3n iniciativas similares que impulsa el Gobierno nacional\u201d, agreg\u00f3, en referencia al discurso de la presidenta de la Naci\u00f3n, Cristina Fern\u00e1ndez de Kirchner, donde anunci\u00f3 que impulsar\u00e1 una iniciativa para limitar las protestas sociales y a las declaraciones del vicegobernador de Buenos Aires, Gabriel Mariotto, quien dijo que hay que garantizar servicios esenciales, como la educaci\u00f3n, evitando los paros docentes.<\/p>\n<p>Jorge Montes, secretario general de AGEPJ Villa Mar\u00eda, afirm\u00f3 que la Provincia \u201cno tiene injerencia en derechos establecidos en una ley nacional, como es la de asociaciones sindicales, donde est\u00e1 establecido cu\u00e1les son los servicios esenciales\u201d.<\/p>\n<p>Finalmente, Edgardo Garmendia, de AOITA, indic\u00f3 que saben \u201cque hay malestar cuando paramos y dejamos a la gente sin colectivo\u201d, pero agreg\u00f3 \u201cque no hay otra forma de reclamar cuando no te escuchan\u201d.<\/p>\n<h3>Ejes del pol\u00e9mico proyecto<\/h3>\n<p>El proyecto de ley impulsa una serie de medidas que incluyen hasta pena de arresto para quienes no cumplan lo dispuesto en la normativa que ser\u00e1 analizada en la unicameral.<\/p>\n<p>En l\u00edneas generales, no anula el derecho a huelga, pero lo limita en dos aspectos: uno, por la obligatoriedad de ser comunicado con d\u00edas de anticipaci\u00f3n, y otro, porque no se puede concretar en los servicios considerados esenciales.<\/p>\n<p>Cabe se\u00f1alar que seg\u00fan el proyecto firmado por los legisladores de Uni\u00f3n por C\u00f3rdoba Oscar Gonz\u00e1lez (presidente provisorio de la Legislatura), Daniel Guti\u00e9rrez (vice) y Sergio Busso (jefe bloque PJ), ser\u00e1n considerados servicios esenciales la educaci\u00f3n, la salud, la seguridad, la Justicia, el transporte p\u00fablico y la higiene urbana.<\/p>\n<p>En la misma iniciativa indica que hay sectores que directamente no pueden hacer medidas de fuerza organizadas sindicalmente.<\/p>\n<p>Estos sectores son los polic\u00edas, funcionarios jer\u00e1rquicos y de planta pol\u00edtica del Poder Ejecutivo, legisladores, magistrados y funcionarios judiciales y miembros del servicio penitenciario.<\/p>\n<h6>Fuente: El Diario del Centro del Pa\u00eds<\/h6>\n","protected":false},"excerpt":{"rendered":"<p>Uni\u00f3n por C\u00f3rdoba present\u00f3 un proyecto de ley para limitar las protestas gremiales y \u201cgarantizar el derecho de los ciudadanos\u201d a determinados servicios. La iniciativa provoc\u00f3 rechazo en el arco gremial Desde diferentes organizaciones sindicales cuestionaron el proyecto del peronismo cordob\u00e9s para limitar el derecho a huelga. EL DIARIO consult\u00f3 a dirigentes del gremio de<\/p>\n","protected":false},"author":2,"featured_media":4022,"comment_status":"closed","ping_status":"closed","sticky":false,"template":"","format":"standard","meta":{"footnotes":""},"categories":[4],"tags":[3],"class_list":["post-4021","post","type-post","status-publish","format-standard","has-post-thumbnail","hentry","category-informe-politico","tag-cordoba"],"_links":{"self":[{"href":"http:\/\/argentinamunicipal.com.ar\/argentina\/wp-json\/wp\/v2\/posts\/4021","targetHints":{"allow":["GET"]}}],"collection":[{"href":"http:\/\/argentinamunicipal.com.ar\/argentina\/wp-json\/wp\/v2\/posts"}],"about":[{"href":"http:\/\/argentinamunicipal.com.ar\/argentina\/wp-json\/wp\/v2\/types\/post"}],"author":[{"embeddable":true,"href":"http:\/\/argentinamunicipal.com.ar\/argentina\/wp-json\/wp\/v2\/users\/2"}],"replies":[{"embeddable":true,"href":"http:\/\/argentinamunicipal.com.ar\/argentina\/wp-json\/wp\/v2\/comments?post=4021"}],"version-history":[{"count":0,"href":"http:\/\/argentinamunicipal.com.ar\/argentina\/wp-json\/wp\/v2\/posts\/4021\/revisions"}],"wp:featuredmedia":[{"embeddable":true,"href":"http:\/\/argentinamunicipal.com.ar\/argentina\/wp-json\/wp\/v2\/media\/4022"}],"wp:attachment":[{"href":"http:\/\/argentinamunicipal.com.ar\/argentina\/wp-json\/wp\/v2\/media?parent=4021"}],"wp:term":[{"taxonomy":"category","embeddable":true,"href":"http:\/\/argentinamunicipal.com.ar\/argentina\/wp-json\/wp\/v2\/categories?post=4021"},{"taxonomy":"post_tag","embeddable":true,"href":"http:\/\/argentinamunicipal.com.ar\/argentina\/wp-json\/wp\/v2\/tags?post=4021"}],"curies":[{"name":"wp","href":"https:\/\/api.w.org\/{rel}","templated":true}]}}